{"id":88336,"date":"2018-09-21T05:03:50","date_gmt":"2018-09-21T09:03:50","guid":{"rendered":"http:\/\/www.eltrabajo.cl\/2017\/?p=88336"},"modified":"2018-09-21T05:03:50","modified_gmt":"2018-09-21T09:03:50","slug":"carabineros-detiene-a-15-personas-por-conducir-en-estado-de-ebriedad","status":"publish","type":"post","link":"https:\/\/eltrabajo.cl\/portal\/carabineros-detiene-a-15-personas-por-conducir-en-estado-de-ebriedad\/","title":{"rendered":"Carabineros detiene a 15 personas por conducir en estado de ebriedad"},"content":{"rendered":"<figure id=\"attachment_88337\" aria-describedby=\"caption-attachment-88337\" style=\"width: 580px\" class=\"wp-caption alignnone\"><img data-recalc-dims=\"1\" loading=\"lazy\" decoding=\"async\" class=\"size-full wp-image-88337\" src=\"https:\/\/i0.wp.com\/www.eltrabajo.cl\/2017\/wp-content\/uploads\/2018\/09\/campa%C3%B1a-carabineros.jpg?resize=580%2C400\" alt=\"Previo a las fiestas, Carabineros realiz\u00f3 una intensa campa\u00f1a entregando informaci\u00f3n preventiva a los conductores.\" width=\"580\" height=\"400\" srcset=\"https:\/\/i0.wp.com\/eltrabajo.cl\/portal\/wp-content\/uploads\/2018\/09\/campa%C3%B1a-carabineros.jpg?w=580&amp;ssl=1 580w, https:\/\/i0.wp.com\/eltrabajo.cl\/portal\/wp-content\/uploads\/2018\/09\/campa%C3%B1a-carabineros.jpg?resize=200%2C138&amp;ssl=1 200w, https:\/\/i0.wp.com\/eltrabajo.cl\/portal\/wp-content\/uploads\/2018\/09\/campa%C3%B1a-carabineros.jpg?resize=300%2C207&amp;ssl=1 300w, https:\/\/i0.wp.com\/eltrabajo.cl\/portal\/wp-content\/uploads\/2018\/09\/campa%C3%B1a-carabineros.jpg?resize=218%2C150&amp;ssl=1 218w, https:\/\/i0.wp.com\/eltrabajo.cl\/portal\/wp-content\/uploads\/2018\/09\/campa%C3%B1a-carabineros.jpg?resize=400%2C276&amp;ssl=1 400w\" sizes=\"auto, (max-width: 580px) 100vw, 580px\" \/><figcaption id=\"caption-attachment-88337\" class=\"wp-caption-text\">Previo a las fiestas, Carabineros realiz\u00f3 una intensa campa\u00f1a entregando informaci\u00f3n preventiva a los conductores.<\/figcaption><\/figure>\n<p><span style=\"color: #ff0000;\"><strong>No hubo personas fallecidas en Fiestas Patrias:<\/strong><\/span><\/p>\n<p>Un total de quince conductores fueron detenidos por manejar en estado de ebriedad durante las fiestas patrias en la provincia de San Felipe, seg\u00fan lo informado por el Comisario de Carabineros, Mayor H\u00e9ctor Soto.<br \/>\nEl oficial destac\u00f3 que el arduo trabajo de Carabineros comenz\u00f3 el d\u00eda viernes 14 de septiembre en la tarde, priorizando los puntos m\u00e1s sensibles de la provincia; \u00abrealizando diversos controles vehiculares, lo que se prolong\u00f3 hasta el d\u00eda mi\u00e9rcoles; tambi\u00e9n se realizaron intoxilyzer y patrullajes en aquellos lugares donde tem\u00edamos que los residentes iban a ser abandono de sus domicilios. Afortunadamente no tuvimos registros de accidentes de tr\u00e1nsito con resultados fatales, tampoco con lesiones de gravedad, lo cual nos tiene muy optimistas; eso es parte del reflejo del trabajo que hemos venido desarrollando y tambi\u00e9n una mayor responsabilidad por parte de los conductores\u00bb, indic\u00f3 Soto.<br \/>\nConsultado el Mayor H\u00e9ctor Soto en cuanto a personas detenidas producto de los exhaustivos controles de tr\u00e1nsito, indic\u00f3 que \u00abeste a\u00f1o tuvimos quince conductores en estado de ebriedad, lo cual es menor en cuanto a la cantidad del a\u00f1o pasado; el a\u00f1o pasado tuvimos una v\u00edctima fatal, lo cual este a\u00f1o no ocurri\u00f3. En general podemos decir que fue una fiesta nacional que se desarroll\u00f3 por lo menos en la provincia, en forma tranquila, hubo hechos puntuales, nada de relevancia, pero s\u00ed la verdad que podemos decir que fue una jornada tranquila\u00bb, manifest\u00f3.<br \/>\nDe todas maneras el oficial inform\u00f3 que se continuar\u00e1n con los servicios preventivos de tr\u00e1nsito hasta el domingo, especialmente en la Ruta 5 Norte y Ruta 60 CH que son las m\u00e1s sensibles en la provincia, producto que hay personas que postergaron su regreso para este fin de semana.<\/p>\n","protected":false},"excerpt":{"rendered":"<p>No hubo personas fallecidas en Fiestas Patrias: Un total de quince conductores fueron detenidos por manejar en estado de ebriedad durante las fiestas patrias en la provincia de San Felipe, seg\u00fan lo&#8230;<\/p>\n","protected":false},"author":1,"featured_media":88337,"comment_status":"closed","ping_status":"open","sticky":false,"template":"","format":"standard","meta":{"advanced_seo_description":"","jetpack_seo_html_title":"","jetpack_seo_noindex":false,"_jetpack_memberships_contains_paid_content":false,"footnotes":""},"categories":[21],"tags":[],"class_list":["post-88336","post","type-post","status-publish","format-standard","has-post-thumbnail","hentry","category-policial"],"jetpack_featured_media_url":"https:\/\/i0.wp.com\/eltrabajo.cl\/portal\/wp-content\/uploads\/2018\/09\/campa%C3%B1a-carabineros.jpg?fit=580%2C400&ssl=1","jetpack_sharing_enabled":true,"jetpack_likes_enabled":true,"jetpack-related-posts":[],"_links":{"self":[{"href":"https:\/\/eltrabajo.cl\/portal\/wp-json\/wp\/v2\/posts\/88336","targetHints":{"allow":["GET"]}}],"collection":[{"href":"https:\/\/eltrabajo.cl\/portal\/wp-json\/wp\/v2\/posts"}],"about":[{"href":"https:\/\/eltrabajo.cl\/portal\/wp-json\/wp\/v2\/types\/post"}],"author":[{"embeddable":true,"href":"https:\/\/eltrabajo.cl\/portal\/wp-json\/wp\/v2\/users\/1"}],"replies":[{"embeddable":true,"href":"https:\/\/eltrabajo.cl\/portal\/wp-json\/wp\/v2\/comments?post=88336"}],"version-history":[{"count":0,"href":"https:\/\/eltrabajo.cl\/portal\/wp-json\/wp\/v2\/posts\/88336\/revisions"}],"wp:featuredmedia":[{"embeddable":true,"href":"https:\/\/eltrabajo.cl\/portal\/wp-json\/wp\/v2\/media\/88337"}],"wp:attachment":[{"href":"https:\/\/eltrabajo.cl\/portal\/wp-json\/wp\/v2\/media?parent=88336"}],"wp:term":[{"taxonomy":"category","embeddable":true,"href":"https:\/\/eltrabajo.cl\/portal\/wp-json\/wp\/v2\/categories?post=88336"},{"taxonomy":"post_tag","embeddable":true,"href":"https:\/\/eltrabajo.cl\/portal\/wp-json\/wp\/v2\/tags?post=88336"}],"curies":[{"name":"wp","href":"https:\/\/api.w.org\/{rel}","templated":true}]}}