{"id":88361,"date":"2018-09-24T05:02:04","date_gmt":"2018-09-24T09:02:04","guid":{"rendered":"http:\/\/www.eltrabajo.cl\/2017\/?p=88361"},"modified":"2018-09-24T05:02:04","modified_gmt":"2018-09-24T09:02:04","slug":"vendio-sus-100-kilometros-para-ganar-carrera-y-donar-lo-recaudado-a-nino-con-cancer","status":"publish","type":"post","link":"https:\/\/eltrabajo.cl\/portal\/vendio-sus-100-kilometros-para-ganar-carrera-y-donar-lo-recaudado-a-nino-con-cancer\/","title":{"rendered":"\u2018Vendi\u00f3\u2019 sus 100 kil\u00f3metros para ganar carrera y donar lo recaudado a ni\u00f1o con c\u00e1ncer"},"content":{"rendered":"<figure id=\"attachment_88364\" aria-describedby=\"caption-attachment-88364\" style=\"width: 580px\" class=\"wp-caption alignnone\"><img data-recalc-dims=\"1\" loading=\"lazy\" decoding=\"async\" class=\"size-full wp-image-88364\" src=\"https:\/\/i0.wp.com\/www.eltrabajo.cl\/2017\/wp-content\/uploads\/2018\/09\/Dante1.jpg?resize=580%2C399\" alt=\"FUERZA DANTE.- Aqu\u00ed tenemos a este incansable luchador, quien se enfrenta a un agresivo c\u00e1ncer con ayuda de su familia y deportistas de nuestro pa\u00eds.\" width=\"580\" height=\"399\" srcset=\"https:\/\/i0.wp.com\/eltrabajo.cl\/portal\/wp-content\/uploads\/2018\/09\/Dante1.jpg?w=580&amp;ssl=1 580w, https:\/\/i0.wp.com\/eltrabajo.cl\/portal\/wp-content\/uploads\/2018\/09\/Dante1.jpg?resize=200%2C138&amp;ssl=1 200w, https:\/\/i0.wp.com\/eltrabajo.cl\/portal\/wp-content\/uploads\/2018\/09\/Dante1.jpg?resize=300%2C206&amp;ssl=1 300w, https:\/\/i0.wp.com\/eltrabajo.cl\/portal\/wp-content\/uploads\/2018\/09\/Dante1.jpg?resize=218%2C150&amp;ssl=1 218w, https:\/\/i0.wp.com\/eltrabajo.cl\/portal\/wp-content\/uploads\/2018\/09\/Dante1.jpg?resize=400%2C275&amp;ssl=1 400w\" sizes=\"auto, (max-width: 580px) 100vw, 580px\" \/><figcaption id=\"caption-attachment-88364\" class=\"wp-caption-text\">FUERZA DANTE.- Aqu\u00ed tenemos a este incansable luchador, quien se enfrenta a un agresivo c\u00e1ncer con ayuda de su familia y deportistas de nuestro pa\u00eds.<\/figcaption><\/figure>\n<p><span style=\"color: #ff0000;\"><strong>Luis \u2018Correcaminos\u2019 Valle gana la 100K de Latitud Sur Expedition 2018:<\/strong><\/span><\/p>\n<ul>\n<li><strong>Atleta sanfelipe\u00f1o logr\u00f3 recaudar m\u00e1s de un mill\u00f3n de pesos y entreg\u00f3 la suma a un peque\u00f1ito de 3 a\u00f1os de edad para su tratamiento contra el c\u00e1ncer. Familia del menor agradece toda la solidaridad de los aconcag\u00fcinos. Amigos del menor \u2018se la juegan\u2019 para reunir los casi $8 millones de su tratamiento.<\/strong><\/li>\n<\/ul>\n<p>El pasado fin de semana se desarroll\u00f3 uno de los grandes desaf\u00edos del calendario nacional del Trail, La Gran Traves\u00eda 100K. Esta competencia fue organizada por Latitud Sur Expedition, reuni\u00f3 a 122 corredores de pa\u00edses como Brasil, Venezuela, Argentina, Uruguay, Francia y Chile, todos amantes del Trail y reunidos para enfrentarse a 100 kil\u00f3metros de recorrido por la Cordillera de la Costa, pasando por dos Regiones y seis comunas; Limache, Olmu\u00e9, Hijuelas, Til Til, Curacav\u00ed y Lampa. El tiempo l\u00edmite para terminarla era de 36 horas tras un circuito con un total de casi 14.000 metros de desnivel acumulado.<\/p>\n<p><span style=\"color: #ff0000;\"><strong>CAMPE\u00d3N SOLIDARIO <\/strong><\/span><br \/>\nFue en este escenario en el que el deportista sanfelipe\u00f1o Luis \u2018Correcaminos\u2019 Valle Barrientos logr\u00f3 terminar este exigente recorrido en 15 horas 59 minutos 05 segundos, qued\u00e1ndose con el primer lugar de la carrera. Diario El Trabajo habl\u00f3 este fin de semana con Valle, quien nos coment\u00f3 que \u00abme propuse a enfrentar este gran desaf\u00edo por una causa: Reunir fondos para Dante Jeria. Un ni\u00f1o de 3 a\u00f1os de edad que tiene c\u00e1ncer en Etapa 4. \u00c9l necesita un medicamento car\u00edsimo que se compra solamente en Alemania. Comenc\u00e9 la campa\u00f1a \u2018vendiendo\u2019 los 100 Kil\u00f3metros de este desaf\u00edo, el valor m\u00ednimo de cada kil\u00f3metro era de CLP $1.000. Nunca pens\u00e9 que me iba a ir tan bien con esta campa\u00f1a llegando a reunir CLP $ 1.021.000. Me comuniqu\u00e9 con la organizaci\u00f3n y ellos me regalaron la inscripci\u00f3n por el gesto que estaba haciendo por este peque\u00f1o. Dieron la partida en Limache, de ah\u00ed en adelante fue s\u00f3lo aguantar la exigente ruta que se nos ven\u00eda por delante con mucho calor y las largas horas de noche. Me sent\u00ed muy bien al cruzar la meta en casi 16 horas de competencia y m\u00e1s encima en primer lugar general\u00bb, nos coment\u00f3 el deportista.<\/p>\n<p><span style=\"color: #ff0000;\"><strong>\u00daLTIMA OPORTUNIDAD<\/strong><\/span><br \/>\nNuestro medio tambi\u00e9n habl\u00f3 con P\u00eda Osorio, madre del peque\u00f1o Dante Jeria, quien nos coment\u00f3 que \u00abmi hijo tiene actualmente 3 a\u00f1os 9 meses de edad, y 17 de noviembre de 2017 fue diagnosticado con c\u00e1ncer renal (tumor de Wilms) en etapa IV, con met\u00e1stasis en ambos pulmones y abdomen, ha sido necesario someterlo a varios tratamientos, entre ellos, dos protocolos de quimioterapia y ocho d\u00edas de radioterapia, adem\u00e1s de una cirug\u00eda para lograr extraer el tumor principal con el ri\u00f1\u00f3n, una met\u00e1stasis del pulm\u00f3n derecho y varias met\u00e1stasis abdominales, con todo esto, una vez finalizados los tratamientos se\u00f1alados, se procedi\u00f3 a realizar un esc\u00e1ner llamado PET CT, el cual indica que las c\u00e9lulas cancer\u00edgenas que a\u00fan se encuentran en el cuerpo del Dante, siguen vivas y los m\u00e9dicos nos dan la \u00faltima opci\u00f3n de tratamiento conocido, llamado \u2018quimioterapia de intensificaci\u00f3n\u2019, la cual tiene un alto costo, que resulta inalcanzable en la situaci\u00f3n econ\u00f3mica actual, ya que se existen varias facturaciones pendientes de pago de los tratamientos anteriores. Este nuevo tratamiento consta de dos drogas llamadas tiotepa y treosulfan, que deben ser importadas desde Alemania, ya que no existe comercializaci\u00f3n en nuestro pa\u00eds y que tienen un costo de $7.680.000, es por ello que muchos de nuestros amigos inician campa\u00f1as para ayudarnos, dentro de ellos, Cata Alegr\u00eda, Pablo B\u00e1ez y Luis Valle, quienes en forma desinteresada nos han apoyado. Por lo anterior, les expreso p\u00fablicamente mi agradecimiento a Dios, por poner en nuestro camino a tantos \u00e1ngeles, tenemos mucha fe que este nuevo tratamiento tendr\u00e1 \u00e9xito y ganaremos esta gran y dif\u00edcil carrera, de Luis Valle recib\u00ed $1.021.500, m\u00e1s la suma de $165.000 que fueron los kil\u00f3metros que vendi\u00f3 tambi\u00e9n Pablo B\u00e1ez, infinitas gracias tambi\u00e9n a todos mis compa\u00f1eros de trabajo, jefes, jueces, amigos, vecinos y a todos quienes que sin conocernos de igual manera nos han ayudado\u00bb, dijo Osorio a Diario El Trabajo.<br \/>\n<strong>Roberto Gonz\u00e1lez Short<\/strong><\/p>\n<figure id=\"attachment_88365\" aria-describedby=\"caption-attachment-88365\" style=\"width: 580px\" class=\"wp-caption alignnone\"><img data-recalc-dims=\"1\" loading=\"lazy\" decoding=\"async\" class=\"size-full wp-image-88365\" src=\"https:\/\/i0.wp.com\/www.eltrabajo.cl\/2017\/wp-content\/uploads\/2018\/09\/Dante2.jpg?resize=580%2C399\" alt=\"H\u00c9ROES DE VERDAD.- Estos deportistas conforman la gran brigada de solidaridad que sigue recaudando fondos para intentar salvar la vida de Dante Jeria.\" width=\"580\" height=\"399\" srcset=\"https:\/\/i0.wp.com\/eltrabajo.cl\/portal\/wp-content\/uploads\/2018\/09\/Dante2.jpg?w=580&amp;ssl=1 580w, https:\/\/i0.wp.com\/eltrabajo.cl\/portal\/wp-content\/uploads\/2018\/09\/Dante2.jpg?resize=200%2C138&amp;ssl=1 200w, https:\/\/i0.wp.com\/eltrabajo.cl\/portal\/wp-content\/uploads\/2018\/09\/Dante2.jpg?resize=300%2C206&amp;ssl=1 300w, https:\/\/i0.wp.com\/eltrabajo.cl\/portal\/wp-content\/uploads\/2018\/09\/Dante2.jpg?resize=218%2C150&amp;ssl=1 218w, https:\/\/i0.wp.com\/eltrabajo.cl\/portal\/wp-content\/uploads\/2018\/09\/Dante2.jpg?resize=400%2C275&amp;ssl=1 400w\" sizes=\"auto, (max-width: 580px) 100vw, 580px\" \/><figcaption id=\"caption-attachment-88365\" class=\"wp-caption-text\">H\u00c9ROES DE VERDAD.- Estos deportistas conforman la gran brigada de solidaridad que sigue recaudando fondos para intentar salvar la vida de Dante Jeria.<\/figcaption><\/figure>\n<figure id=\"attachment_88362\" aria-describedby=\"caption-attachment-88362\" style=\"width: 580px\" class=\"wp-caption alignnone\"><img data-recalc-dims=\"1\" loading=\"lazy\" decoding=\"async\" class=\"size-full wp-image-88362\" src=\"https:\/\/i0.wp.com\/www.eltrabajo.cl\/2017\/wp-content\/uploads\/2018\/09\/Dante_Luis-Valle.jpg?resize=580%2C399\" alt=\"Luis Valle Barrientos, deportista que corri\u00f3 100 kil\u00f3metros para entregar un mill\u00f3n de pesos a un ni\u00f1o con c\u00e1ncer.\" width=\"580\" height=\"399\" srcset=\"https:\/\/i0.wp.com\/eltrabajo.cl\/portal\/wp-content\/uploads\/2018\/09\/Dante_Luis-Valle.jpg?w=580&amp;ssl=1 580w, https:\/\/i0.wp.com\/eltrabajo.cl\/portal\/wp-content\/uploads\/2018\/09\/Dante_Luis-Valle.jpg?resize=200%2C138&amp;ssl=1 200w, https:\/\/i0.wp.com\/eltrabajo.cl\/portal\/wp-content\/uploads\/2018\/09\/Dante_Luis-Valle.jpg?resize=300%2C206&amp;ssl=1 300w, https:\/\/i0.wp.com\/eltrabajo.cl\/portal\/wp-content\/uploads\/2018\/09\/Dante_Luis-Valle.jpg?resize=218%2C150&amp;ssl=1 218w, https:\/\/i0.wp.com\/eltrabajo.cl\/portal\/wp-content\/uploads\/2018\/09\/Dante_Luis-Valle.jpg?resize=400%2C275&amp;ssl=1 400w\" sizes=\"auto, (max-width: 580px) 100vw, 580px\" \/><figcaption id=\"caption-attachment-88362\" class=\"wp-caption-text\">Luis Valle Barrientos, deportista que corri\u00f3 100 kil\u00f3metros para entregar un mill\u00f3n de pesos a un ni\u00f1o con c\u00e1ncer.<\/figcaption><\/figure>\n<figure id=\"attachment_88363\" aria-describedby=\"caption-attachment-88363\" style=\"width: 580px\" class=\"wp-caption alignnone\"><img data-recalc-dims=\"1\" loading=\"lazy\" decoding=\"async\" class=\"size-full wp-image-88363\" src=\"https:\/\/i0.wp.com\/www.eltrabajo.cl\/2017\/wp-content\/uploads\/2018\/09\/Dante_Pia-Osorio.jpg?resize=580%2C399\" alt=\"P\u00eda Osorio, madre del peque\u00f1o Dante Jeria.\" width=\"580\" height=\"399\" srcset=\"https:\/\/i0.wp.com\/eltrabajo.cl\/portal\/wp-content\/uploads\/2018\/09\/Dante_Pia-Osorio.jpg?w=580&amp;ssl=1 580w, https:\/\/i0.wp.com\/eltrabajo.cl\/portal\/wp-content\/uploads\/2018\/09\/Dante_Pia-Osorio.jpg?resize=200%2C138&amp;ssl=1 200w, https:\/\/i0.wp.com\/eltrabajo.cl\/portal\/wp-content\/uploads\/2018\/09\/Dante_Pia-Osorio.jpg?resize=300%2C206&amp;ssl=1 300w, https:\/\/i0.wp.com\/eltrabajo.cl\/portal\/wp-content\/uploads\/2018\/09\/Dante_Pia-Osorio.jpg?resize=218%2C150&amp;ssl=1 218w, https:\/\/i0.wp.com\/eltrabajo.cl\/portal\/wp-content\/uploads\/2018\/09\/Dante_Pia-Osorio.jpg?resize=400%2C275&amp;ssl=1 400w\" sizes=\"auto, (max-width: 580px) 100vw, 580px\" \/><figcaption id=\"caption-attachment-88363\" class=\"wp-caption-text\">P\u00eda Osorio, madre del peque\u00f1o Dante Jeria.<\/figcaption><\/figure>\n","protected":false},"excerpt":{"rendered":"<p>Luis \u2018Correcaminos\u2019 Valle gana la 100K de Latitud Sur Expedition 2018: Atleta sanfelipe\u00f1o logr\u00f3 recaudar m\u00e1s de un mill\u00f3n de pesos y entreg\u00f3 la suma a un peque\u00f1ito de 3 a\u00f1os de&#8230;<\/p>\n","protected":false},"author":1,"featured_media":88362,"comment_status":"closed","ping_status":"open","sticky":false,"template":"","format":"standard","meta":{"advanced_seo_description":"","jetpack_seo_html_title":"","jetpack_seo_noindex":false,"_jetpack_memberships_contains_paid_content":false,"footnotes":""},"categories":[15],"tags":[],"class_list":["post-88361","post","type-post","status-publish","format-standard","has-post-thumbnail","hentry","category-comunidad"],"jetpack_featured_media_url":"https:\/\/i0.wp.com\/eltrabajo.cl\/portal\/wp-content\/uploads\/2018\/09\/Dante_Luis-Valle.jpg?fit=580%2C399&ssl=1","jetpack_sharing_enabled":true,"jetpack_likes_enabled":true,"jetpack-related-posts":[],"_links":{"self":[{"href":"https:\/\/eltrabajo.cl\/portal\/wp-json\/wp\/v2\/posts\/88361","targetHints":{"allow":["GET"]}}],"collection":[{"href":"https:\/\/eltrabajo.cl\/portal\/wp-json\/wp\/v2\/posts"}],"about":[{"href":"https:\/\/eltrabajo.cl\/portal\/wp-json\/wp\/v2\/types\/post"}],"author":[{"embeddable":true,"href":"https:\/\/eltrabajo.cl\/portal\/wp-json\/wp\/v2\/users\/1"}],"replies":[{"embeddable":true,"href":"https:\/\/eltrabajo.cl\/portal\/wp-json\/wp\/v2\/comments?post=88361"}],"version-history":[{"count":0,"href":"https:\/\/eltrabajo.cl\/portal\/wp-json\/wp\/v2\/posts\/88361\/revisions"}],"wp:featuredmedia":[{"embeddable":true,"href":"https:\/\/eltrabajo.cl\/portal\/wp-json\/wp\/v2\/media\/88362"}],"wp:attachment":[{"href":"https:\/\/eltrabajo.cl\/portal\/wp-json\/wp\/v2\/media?parent=88361"}],"wp:term":[{"taxonomy":"category","embeddable":true,"href":"https:\/\/eltrabajo.cl\/portal\/wp-json\/wp\/v2\/categories?post=88361"},{"taxonomy":"post_tag","embeddable":true,"href":"https:\/\/eltrabajo.cl\/portal\/wp-json\/wp\/v2\/tags?post=88361"}],"curies":[{"name":"wp","href":"https:\/\/api.w.org\/{rel}","templated":true}]}}