{"id":88367,"date":"2018-09-24T05:03:07","date_gmt":"2018-09-24T09:03:07","guid":{"rendered":"http:\/\/www.eltrabajo.cl\/2017\/?p=88367"},"modified":"2018-09-24T05:03:07","modified_gmt":"2018-09-24T09:03:07","slug":"denuncian-a-conductor-por-dejar-varias-horas-a-perrita-encerrada-en-su-auto","status":"publish","type":"post","link":"https:\/\/eltrabajo.cl\/portal\/denuncian-a-conductor-por-dejar-varias-horas-a-perrita-encerrada-en-su-auto\/","title":{"rendered":"Denuncian a conductor por dejar varias horas a perrita encerrada en su auto"},"content":{"rendered":"<figure id=\"attachment_88368\" aria-describedby=\"caption-attachment-88368\" style=\"width: 580px\" class=\"wp-caption alignnone\"><img data-recalc-dims=\"1\" loading=\"lazy\" decoding=\"async\" class=\"size-full wp-image-88368\" src=\"https:\/\/i0.wp.com\/www.eltrabajo.cl\/2017\/wp-content\/uploads\/2018\/09\/Perrita1.jpg?resize=580%2C400\" alt=\"Carabineros tuvo que intervenir para recibir la denuncia de esta clienta, quien increp\u00f3 al conductor due\u00f1o del animal.\" width=\"580\" height=\"400\" srcset=\"https:\/\/i0.wp.com\/eltrabajo.cl\/portal\/wp-content\/uploads\/2018\/09\/Perrita1.jpg?w=580&amp;ssl=1 580w, https:\/\/i0.wp.com\/eltrabajo.cl\/portal\/wp-content\/uploads\/2018\/09\/Perrita1.jpg?resize=200%2C138&amp;ssl=1 200w, https:\/\/i0.wp.com\/eltrabajo.cl\/portal\/wp-content\/uploads\/2018\/09\/Perrita1.jpg?resize=300%2C207&amp;ssl=1 300w, https:\/\/i0.wp.com\/eltrabajo.cl\/portal\/wp-content\/uploads\/2018\/09\/Perrita1.jpg?resize=218%2C150&amp;ssl=1 218w, https:\/\/i0.wp.com\/eltrabajo.cl\/portal\/wp-content\/uploads\/2018\/09\/Perrita1.jpg?resize=400%2C276&amp;ssl=1 400w\" sizes=\"auto, (max-width: 580px) 100vw, 580px\" \/><figcaption id=\"caption-attachment-88368\" class=\"wp-caption-text\">Carabineros tuvo que intervenir para recibir la denuncia de esta clienta, quien increp\u00f3 al conductor due\u00f1o del animal.<\/figcaption><\/figure>\n<p><span style=\"color: #ff0000;\"><strong>Denunciado asegura que es una exageraci\u00f3n el esc\u00e1ndalo:<\/strong><\/span><\/p>\n<p>Un drama animalista en el que su protagonista principal es una perrita llamada \u2018Cindy\u2019, es el que se registr\u00f3 la ma\u00f1ana de este viernes en el estacionamiento para clientes de Supermercado Santa Isabel. Seg\u00fan lo pudo demostrar Diario El Trabajo, una clienta de este local comercial lleg\u00f3 en su auto para hacer compras, mir\u00f3 al interior de un veh\u00edculo a su lado a una peque\u00f1a perrita encerrada, esto es lo que nos dijo.<br \/>\n\u00abLlegu\u00e9 alrededor de las 12:20 horas al supermercado, hab\u00eda un se\u00f1or que hab\u00eda llegado a las 11:45 horas y ya estaba el veh\u00edculo con este problema, y tanto \u00e9l como yo, vimos que hab\u00eda una perrita en el interior de un veh\u00edculo, apoyada en la ventana, en la puerta delantera del copiloto, me llam\u00f3 la atenci\u00f3n que nadie estuviera dentro del auto o cerca del mismo, fui a comprar, y cuando regres\u00e9 a\u00fan estaba la perrita (\u2026) llam\u00e9 a Carabineros y los oficiales llegaron un rato despu\u00e9s, yo veo esto como maltrato animal, a las 12:20 llegaron los carabineros, el due\u00f1o del auto y de la perrita lleg\u00f3 a las 13:00 horas, me preocup\u00f3 mucho, pues los perros no pueden traspirar (no tienen poros en su piel), para m\u00ed fue como ver a un beb\u00e9 encerrado, si tuviera que volverlo a denunciar, lo har\u00eda\u00bb, coment\u00f3 la vecina, quien firm\u00f3 la denuncia correspondiente.<br \/>\nDiario El Trabajo habl\u00f3 con don Guillermo Caballero, due\u00f1o de \u2018Cindy\u2019, y nos coment\u00f3 que \u00abno le veo la raz\u00f3n para hacer tanto esc\u00e1ndalo, siempre traigo la perrita, la dejo en el auto y nunca ha pasado nada con ella, hasta hoy\u00bb.<br \/>\nSeg\u00fan dijo la denunciante, en su momento ella le ofreci\u00f3 agua al due\u00f1o para la perrita, pero tampoco permiti\u00f3 que hidrataran al animalito, \u00bfdescuido? \u00bfIrresponsabilidad? Juzgue usted.<br \/>\n<strong>Roberto Gonz\u00e1lez Short<\/strong><\/p>\n<figure id=\"attachment_88369\" aria-describedby=\"caption-attachment-88369\" style=\"width: 580px\" class=\"wp-caption alignnone\"><img data-recalc-dims=\"1\" loading=\"lazy\" decoding=\"async\" class=\"size-full wp-image-88369\" src=\"https:\/\/i0.wp.com\/www.eltrabajo.cl\/2017\/wp-content\/uploads\/2018\/09\/Perrita3.jpg?resize=580%2C399\" alt=\"HAC\u00cdA MUCHO CALOR.- As\u00ed permaneci\u00f3 la perrita \u2018Cindy\u2019 por varias horas, sin agua y a ventanas cerradas en un auto.\" width=\"580\" height=\"399\" srcset=\"https:\/\/i0.wp.com\/eltrabajo.cl\/portal\/wp-content\/uploads\/2018\/09\/Perrita3.jpg?w=580&amp;ssl=1 580w, https:\/\/i0.wp.com\/eltrabajo.cl\/portal\/wp-content\/uploads\/2018\/09\/Perrita3.jpg?resize=200%2C138&amp;ssl=1 200w, https:\/\/i0.wp.com\/eltrabajo.cl\/portal\/wp-content\/uploads\/2018\/09\/Perrita3.jpg?resize=300%2C206&amp;ssl=1 300w, https:\/\/i0.wp.com\/eltrabajo.cl\/portal\/wp-content\/uploads\/2018\/09\/Perrita3.jpg?resize=218%2C150&amp;ssl=1 218w, https:\/\/i0.wp.com\/eltrabajo.cl\/portal\/wp-content\/uploads\/2018\/09\/Perrita3.jpg?resize=400%2C275&amp;ssl=1 400w\" sizes=\"auto, (max-width: 580px) 100vw, 580px\" \/><figcaption id=\"caption-attachment-88369\" class=\"wp-caption-text\">HAC\u00cdA MUCHO CALOR.- As\u00ed permaneci\u00f3 la perrita \u2018Cindy\u2019 por varias horas, sin agua y a ventanas cerradas en un auto.<\/figcaption><\/figure>\n","protected":false},"excerpt":{"rendered":"<p>Denunciado asegura que es una exageraci\u00f3n el esc\u00e1ndalo: Un drama animalista en el que su protagonista principal es una perrita llamada \u2018Cindy\u2019, es el que se registr\u00f3 la ma\u00f1ana de este viernes&#8230;<\/p>\n","protected":false},"author":1,"featured_media":88370,"comment_status":"closed","ping_status":"open","sticky":false,"template":"","format":"standard","meta":{"advanced_seo_description":"","jetpack_seo_html_title":"","jetpack_seo_noindex":false,"_jetpack_memberships_contains_paid_content":false,"footnotes":""},"categories":[15],"tags":[],"class_list":["post-88367","post","type-post","status-publish","format-standard","has-post-thumbnail","hentry","category-comunidad"],"jetpack_featured_media_url":"https:\/\/i0.wp.com\/eltrabajo.cl\/portal\/wp-content\/uploads\/2018\/09\/portada-Perrita1.jpg?fit=580%2C400&ssl=1","jetpack_sharing_enabled":true,"jetpack_likes_enabled":true,"jetpack-related-posts":[],"_links":{"self":[{"href":"https:\/\/eltrabajo.cl\/portal\/wp-json\/wp\/v2\/posts\/88367","targetHints":{"allow":["GET"]}}],"collection":[{"href":"https:\/\/eltrabajo.cl\/portal\/wp-json\/wp\/v2\/posts"}],"about":[{"href":"https:\/\/eltrabajo.cl\/portal\/wp-json\/wp\/v2\/types\/post"}],"author":[{"embeddable":true,"href":"https:\/\/eltrabajo.cl\/portal\/wp-json\/wp\/v2\/users\/1"}],"replies":[{"embeddable":true,"href":"https:\/\/eltrabajo.cl\/portal\/wp-json\/wp\/v2\/comments?post=88367"}],"version-history":[{"count":0,"href":"https:\/\/eltrabajo.cl\/portal\/wp-json\/wp\/v2\/posts\/88367\/revisions"}],"wp:featuredmedia":[{"embeddable":true,"href":"https:\/\/eltrabajo.cl\/portal\/wp-json\/wp\/v2\/media\/88370"}],"wp:attachment":[{"href":"https:\/\/eltrabajo.cl\/portal\/wp-json\/wp\/v2\/media?parent=88367"}],"wp:term":[{"taxonomy":"category","embeddable":true,"href":"https:\/\/eltrabajo.cl\/portal\/wp-json\/wp\/v2\/categories?post=88367"},{"taxonomy":"post_tag","embeddable":true,"href":"https:\/\/eltrabajo.cl\/portal\/wp-json\/wp\/v2\/tags?post=88367"}],"curies":[{"name":"wp","href":"https:\/\/api.w.org\/{rel}","templated":true}]}}