{"id":88376,"date":"2018-09-25T05:00:29","date_gmt":"2018-09-25T09:00:29","guid":{"rendered":"http:\/\/www.eltrabajo.cl\/2017\/?p=88376"},"modified":"2018-09-25T05:00:29","modified_gmt":"2018-09-25T09:00:29","slug":"continua-el-malestar-de-futbolistas-por-suspension-de-partidos-el-domingo","status":"publish","type":"post","link":"https:\/\/eltrabajo.cl\/portal\/continua-el-malestar-de-futbolistas-por-suspension-de-partidos-el-domingo\/","title":{"rendered":"Contin\u00faa el malestar de futbolistas por suspensi\u00f3n de partidos el domingo"},"content":{"rendered":"<figure id=\"attachment_88379\" aria-describedby=\"caption-attachment-88379\" style=\"width: 580px\" class=\"wp-caption alignnone\"><img data-recalc-dims=\"1\" loading=\"lazy\" decoding=\"async\" class=\"size-full wp-image-88379\" src=\"https:\/\/i0.wp.com\/www.eltrabajo.cl\/2017\/wp-content\/uploads\/2018\/09\/Amateur2.jpg?resize=580%2C398\" alt=\"\u00bfPOR QU\u00c9 CERRARON?- Este es el nuevo candado que impidi\u00f3 la programaci\u00f3n de la jornada Amateur de F\u00fatbol del pasado domingo.\" width=\"580\" height=\"398\" srcset=\"https:\/\/i0.wp.com\/eltrabajo.cl\/portal\/wp-content\/uploads\/2018\/09\/Amateur2.jpg?w=580&amp;ssl=1 580w, https:\/\/i0.wp.com\/eltrabajo.cl\/portal\/wp-content\/uploads\/2018\/09\/Amateur2.jpg?resize=200%2C137&amp;ssl=1 200w, https:\/\/i0.wp.com\/eltrabajo.cl\/portal\/wp-content\/uploads\/2018\/09\/Amateur2.jpg?resize=300%2C206&amp;ssl=1 300w, https:\/\/i0.wp.com\/eltrabajo.cl\/portal\/wp-content\/uploads\/2018\/09\/Amateur2.jpg?resize=219%2C150&amp;ssl=1 219w, https:\/\/i0.wp.com\/eltrabajo.cl\/portal\/wp-content\/uploads\/2018\/09\/Amateur2.jpg?resize=400%2C274&amp;ssl=1 400w\" sizes=\"auto, (max-width: 580px) 100vw, 580px\" \/><figcaption id=\"caption-attachment-88379\" class=\"wp-caption-text\">\u00bfPOR QU\u00c9 CERRARON?- Este es el nuevo candado que impidi\u00f3 la programaci\u00f3n de la jornada Amateur de F\u00fatbol del pasado domingo.<\/figcaption><\/figure>\n<p><span style=\"color: #ff0000;\"><strong>Funcionario del IND San Felipe puso candado nuevo en la sede:<\/strong><\/span><\/p>\n<ul>\n<li><strong>Directora Regional del IND, Mar\u00eda del Pilar Espinal, visitar\u00eda hoy San Felipe para \u2018poner orden\u2019 y solucionar estos problemas de la Asociaci\u00f3n. \u2018Rulo\u2019 Reinoso confirma que fue un funcionario local del IND quien les cerr\u00f3 la sede.<\/strong><\/li>\n<\/ul>\n<p>Gran malestar manifestaron algunos deportistas del f\u00fatbol amateur sanfelipe\u00f1o, as\u00f3 como dirigentes de los once clubes de la asociaci\u00f3n, a ra\u00edz de la repentina suspensi\u00f3n de todas las fechas a jugarse el domingo en las distintas canchas de nuestra comuna.<\/p>\n<p><span style=\"color: #ff0000;\"><strong>CANDADO NUEVO<\/strong><\/span><br \/>\nDiario El Trabajo busc\u00f3 alguna confirmaci\u00f3n para entender este malestar, y a la vez conocer tambi\u00e9n si efectivamente hubo tal suspensi\u00f3n, y las razones de la misma. Fue don Ra\u00fal \u2018Rulo\u2019 Reinoso, presidente de la Asociaci\u00f3n de F\u00fatbol Amateur de San Felipe, quien gentilmente nos atendi\u00f3 y se refiri\u00f3 al asunto.<br \/>\n\u00abS\u00ed, es efectivo el malestar de la afici\u00f3n deportiva, esto porque el pasado fin de semana se suspendieron todos los partidos, hab\u00edan quiz\u00e1s razones muy v\u00e1lidas, nosotros nos reunimos en el Consejo Local de Deportes (Merced 347) todos los jueves, as\u00ed que el jueves despu\u00e9s de las Fiestas Patrias cuando llegamos a reunirnos encontramos que la sede estaba cerrada, cambiaron el candado y pusieron otro nuevo, as\u00ed que esa es la explicaci\u00f3n que les puedo dar a los deportistas, a la afici\u00f3n y a la prensa\u00bb, dijo Reinoso.<br \/>\n<strong>&#8211; \u00bfQu\u00e9 ha logrado usted investigar, qui\u00e9n cerr\u00f3 y cambi\u00f3 el candado?<\/strong><br \/>\n&#8211; Despu\u00e9s de muchas averiguaciones y pidiendo explicaciones a las autoridades, nos encontramos con que fue un funcionario del IND San Felipe quien hab\u00eda cerrado la sede, lo que nos impidi\u00f3 poder armar la jornada del domingo, pues para esta gesti\u00f3n necesitamos usar planillas y documentos que est\u00e1n en esas oficinas.<br \/>\n<strong>&#8211; \u00bfSe jugar\u00e1n entonces los partidos del pr\u00f3ximo domingo?<\/strong><br \/>\n&#8211; Yo creo que s\u00ed. Ya la situaci\u00f3n gentilmente nos la ofreci\u00f3 solucionar la se\u00f1ora directora Regional del IND, Mar\u00eda del Pilar Espinal, quien visitar\u00e1 San Felipe este martes (hoy), la situaci\u00f3n m\u00e1s grave que nos solucionar\u00e1 ella es con el tema de la lista de las damas de la Selecci\u00f3n Femenina que participar\u00e1 por nuestra comuna en el Regional de Damas.<br \/>\n<strong>&#8211; \u00bfCu\u00e1ntos clubes salieron afectados por este cierre de la sede?<\/strong><br \/>\n&#8211; En total fueron todos los once clubes los afectados con esta suspensi\u00f3n no programada, yo espero y tengo gran confianza en la se\u00f1ora Espinal, pues me prometi\u00f3 solucionar por completo este impase administrativo.<br \/>\n<strong>Roberto Gonz\u00e1lez Short<\/strong><\/p>\n<figure id=\"attachment_88377\" aria-describedby=\"caption-attachment-88377\" style=\"width: 580px\" class=\"wp-caption alignnone\"><img data-recalc-dims=\"1\" loading=\"lazy\" decoding=\"async\" class=\"size-full wp-image-88377\" src=\"https:\/\/i0.wp.com\/www.eltrabajo.cl\/2017\/wp-content\/uploads\/2018\/09\/Amateur_Raul-Reinoso.jpg?resize=580%2C399\" alt=\"Ra\u00fal \u2018Rulo\u2019 Reinoso, presidente de la Asociaci\u00f3n de F\u00fatbol Amateur de San Felipe.\" width=\"580\" height=\"399\" srcset=\"https:\/\/i0.wp.com\/eltrabajo.cl\/portal\/wp-content\/uploads\/2018\/09\/Amateur_Raul-Reinoso.jpg?w=580&amp;ssl=1 580w, https:\/\/i0.wp.com\/eltrabajo.cl\/portal\/wp-content\/uploads\/2018\/09\/Amateur_Raul-Reinoso.jpg?resize=200%2C138&amp;ssl=1 200w, https:\/\/i0.wp.com\/eltrabajo.cl\/portal\/wp-content\/uploads\/2018\/09\/Amateur_Raul-Reinoso.jpg?resize=300%2C206&amp;ssl=1 300w, https:\/\/i0.wp.com\/eltrabajo.cl\/portal\/wp-content\/uploads\/2018\/09\/Amateur_Raul-Reinoso.jpg?resize=218%2C150&amp;ssl=1 218w, https:\/\/i0.wp.com\/eltrabajo.cl\/portal\/wp-content\/uploads\/2018\/09\/Amateur_Raul-Reinoso.jpg?resize=400%2C275&amp;ssl=1 400w\" sizes=\"auto, (max-width: 580px) 100vw, 580px\" \/><figcaption id=\"caption-attachment-88377\" class=\"wp-caption-text\">Ra\u00fal \u2018Rulo\u2019 Reinoso, presidente de la Asociaci\u00f3n de F\u00fatbol Amateur de San Felipe.<\/figcaption><\/figure>\n<figure id=\"attachment_88378\" aria-describedby=\"caption-attachment-88378\" style=\"width: 580px\" class=\"wp-caption alignnone\"><img data-recalc-dims=\"1\" loading=\"lazy\" decoding=\"async\" class=\"size-full wp-image-88378\" src=\"https:\/\/i0.wp.com\/www.eltrabajo.cl\/2017\/wp-content\/uploads\/2018\/09\/Amateur1.jpg?resize=580%2C400\" alt=\"INSTALACIONES CERRADAS.- Diario El Trabajo confirm\u00f3 que efectivamente la sede que usa la Asociaci\u00f3n de F\u00fatbol Amateur en Merced 347, permanec\u00eda ayer cerrada con un candado nuevo.\" width=\"580\" height=\"400\" srcset=\"https:\/\/i0.wp.com\/eltrabajo.cl\/portal\/wp-content\/uploads\/2018\/09\/Amateur1.jpg?w=580&amp;ssl=1 580w, https:\/\/i0.wp.com\/eltrabajo.cl\/portal\/wp-content\/uploads\/2018\/09\/Amateur1.jpg?resize=200%2C138&amp;ssl=1 200w, https:\/\/i0.wp.com\/eltrabajo.cl\/portal\/wp-content\/uploads\/2018\/09\/Amateur1.jpg?resize=300%2C207&amp;ssl=1 300w, https:\/\/i0.wp.com\/eltrabajo.cl\/portal\/wp-content\/uploads\/2018\/09\/Amateur1.jpg?resize=218%2C150&amp;ssl=1 218w, https:\/\/i0.wp.com\/eltrabajo.cl\/portal\/wp-content\/uploads\/2018\/09\/Amateur1.jpg?resize=400%2C276&amp;ssl=1 400w\" sizes=\"auto, (max-width: 580px) 100vw, 580px\" \/><figcaption id=\"caption-attachment-88378\" class=\"wp-caption-text\">INSTALACIONES CERRADAS.- Diario El Trabajo confirm\u00f3 que efectivamente la sede que usa la Asociaci\u00f3n de F\u00fatbol Amateur en Merced 347, permanec\u00eda ayer cerrada con un candado nuevo.<\/figcaption><\/figure>\n","protected":false},"excerpt":{"rendered":"<p>Funcionario del IND San Felipe puso candado nuevo en la sede: Directora Regional del IND, Mar\u00eda del Pilar Espinal, visitar\u00eda hoy San Felipe para \u2018poner orden\u2019 y solucionar estos problemas de la&#8230;<\/p>\n","protected":false},"author":1,"featured_media":88378,"comment_status":"closed","ping_status":"open","sticky":false,"template":"","format":"standard","meta":{"advanced_seo_description":"","jetpack_seo_html_title":"","jetpack_seo_noindex":false,"_jetpack_memberships_contains_paid_content":false,"footnotes":""},"categories":[15],"tags":[],"class_list":["post-88376","post","type-post","status-publish","format-standard","has-post-thumbnail","hentry","category-comunidad"],"jetpack_featured_media_url":"https:\/\/i0.wp.com\/eltrabajo.cl\/portal\/wp-content\/uploads\/2018\/09\/Amateur1.jpg?fit=580%2C400&ssl=1","jetpack_sharing_enabled":true,"jetpack_likes_enabled":true,"jetpack-related-posts":[],"_links":{"self":[{"href":"https:\/\/eltrabajo.cl\/portal\/wp-json\/wp\/v2\/posts\/88376","targetHints":{"allow":["GET"]}}],"collection":[{"href":"https:\/\/eltrabajo.cl\/portal\/wp-json\/wp\/v2\/posts"}],"about":[{"href":"https:\/\/eltrabajo.cl\/portal\/wp-json\/wp\/v2\/types\/post"}],"author":[{"embeddable":true,"href":"https:\/\/eltrabajo.cl\/portal\/wp-json\/wp\/v2\/users\/1"}],"replies":[{"embeddable":true,"href":"https:\/\/eltrabajo.cl\/portal\/wp-json\/wp\/v2\/comments?post=88376"}],"version-history":[{"count":0,"href":"https:\/\/eltrabajo.cl\/portal\/wp-json\/wp\/v2\/posts\/88376\/revisions"}],"wp:featuredmedia":[{"embeddable":true,"href":"https:\/\/eltrabajo.cl\/portal\/wp-json\/wp\/v2\/media\/88378"}],"wp:attachment":[{"href":"https:\/\/eltrabajo.cl\/portal\/wp-json\/wp\/v2\/media?parent=88376"}],"wp:term":[{"taxonomy":"category","embeddable":true,"href":"https:\/\/eltrabajo.cl\/portal\/wp-json\/wp\/v2\/categories?post=88376"},{"taxonomy":"post_tag","embeddable":true,"href":"https:\/\/eltrabajo.cl\/portal\/wp-json\/wp\/v2\/tags?post=88376"}],"curies":[{"name":"wp","href":"https:\/\/api.w.org\/{rel}","templated":true}]}}