{"id":88384,"date":"2018-09-25T05:02:24","date_gmt":"2018-09-25T09:02:24","guid":{"rendered":"http:\/\/www.eltrabajo.cl\/2017\/?p=88384"},"modified":"2018-09-25T05:02:24","modified_gmt":"2018-09-25T09:02:24","slug":"equipo-de-cheer-dance-participara-en-campeonato-internacional-golden-cup","status":"publish","type":"post","link":"https:\/\/eltrabajo.cl\/portal\/equipo-de-cheer-dance-participara-en-campeonato-internacional-golden-cup\/","title":{"rendered":"Equipo de Cheer Dance participar\u00e1 en campeonato internacional Golden Cup"},"content":{"rendered":"<figure id=\"attachment_88385\" aria-describedby=\"caption-attachment-88385\" style=\"width: 580px\" class=\"wp-caption alignnone\"><img data-recalc-dims=\"1\" loading=\"lazy\" decoding=\"async\" class=\"size-full wp-image-88385\" src=\"https:\/\/i0.wp.com\/www.eltrabajo.cl\/2017\/wp-content\/uploads\/2018\/09\/cheer-equipo-de-cheer-dance.jpg?resize=580%2C400\" alt=\"El equipo est\u00e1 compuesto por alumnas de entre 12 a 17 a\u00f1os, quienes en la imagen aparecen junto al alcalde Patricio Freire y la directora del Liceo Wilta Berr\u00edos, entre otras autoridades.\" width=\"580\" height=\"400\" srcset=\"https:\/\/i0.wp.com\/eltrabajo.cl\/portal\/wp-content\/uploads\/2018\/09\/cheer-equipo-de-cheer-dance.jpg?w=580&amp;ssl=1 580w, https:\/\/i0.wp.com\/eltrabajo.cl\/portal\/wp-content\/uploads\/2018\/09\/cheer-equipo-de-cheer-dance.jpg?resize=200%2C138&amp;ssl=1 200w, https:\/\/i0.wp.com\/eltrabajo.cl\/portal\/wp-content\/uploads\/2018\/09\/cheer-equipo-de-cheer-dance.jpg?resize=300%2C207&amp;ssl=1 300w, https:\/\/i0.wp.com\/eltrabajo.cl\/portal\/wp-content\/uploads\/2018\/09\/cheer-equipo-de-cheer-dance.jpg?resize=218%2C150&amp;ssl=1 218w, https:\/\/i0.wp.com\/eltrabajo.cl\/portal\/wp-content\/uploads\/2018\/09\/cheer-equipo-de-cheer-dance.jpg?resize=400%2C276&amp;ssl=1 400w\" sizes=\"auto, (max-width: 580px) 100vw, 580px\" \/><figcaption id=\"caption-attachment-88385\" class=\"wp-caption-text\">El equipo est\u00e1 compuesto por alumnas de entre 12 a 17 a\u00f1os, quienes en la imagen aparecen junto al alcalde Patricio Freire y la directora del Liceo Wilta Berr\u00edos, entre otras autoridades.<\/figcaption><\/figure>\n<p><span style=\"color: #ff0000;\"><strong>Liceo de Ni\u00f1as Corina Urbina:<\/strong><\/span><\/p>\n<p>El equipo de Cheer Dance del Liceo Corina Urbina participar\u00e1 en el campeonato internacional Golden Cup que se desarrollar\u00e1 en la ciudad de Bogot\u00e1, en Colombia, este fin de semana.<br \/>\nLas alumnas viajan esta semana para competir durante los d\u00edas viernes 28 y s\u00e1bado 29 de septiembre, para luego ser parte del Encuentro Intercultural que se efectuar\u00e1 en Bogot\u00e1 los d\u00edas lunes 1 y el martes 2 de octubre.<br \/>\nSeg\u00fan explic\u00f3 Teresa Cordero, profesora de educaci\u00f3n f\u00edsica y entrenadora del equipo, las j\u00f3venes lograron el cupo a este campeonato internacional el a\u00f1o pasado, cuando ganaron su categor\u00eda en un torneo realizado en C\u00f3rdova, y para lograr un buen puesto este 2018, han estado desde principio de a\u00f1o con un entrenamiento bastante estricto.<br \/>\n\u201cLlevamos meses, desde marzo, ellas tienen entrenamiento de dos horas, eso es lo formal, pero hace m\u00e1s de un mes y medio estamos entrenando pr\u00e1cticamente todos los d\u00edas, algunos s\u00e1bados, y hemos hecho un trabajo t\u00e9cnico de preparaci\u00f3n f\u00edsica, un trabajo coreogr\u00e1fico, un trabajo con un psic\u00f3logo, con un coaching deportivo que tenemos, en apoyo para las ni\u00f1as\u201d, dijo la profesional.<br \/>\nEl equipo est\u00e1 compuesto por alumnas cuyas edades fluct\u00faan entre los 12 y los 17 a\u00f1os, quienes deben cumplir ciertas exigencias acad\u00e9micas para participar en esta selecci\u00f3n deportiva.<br \/>\n\u201cYo les exijo a ellas, quiz\u00e1s no primeros lugares, pero buenas notas, que les permitan ausentarse de clases, que ellas sean responsables, consigan sus materias y no bajen su rendimiento y ellas deben tener un impecable comportamiento, eso es fundamental\u201d, dijo Teresa Cordero.<br \/>\nLa pr\u00e1ctica del Cheer Dance ha generado mucho inter\u00e9s de las estudiantes m\u00e1s peque\u00f1as, por ello, las alumnas desde cuarto a sexto b\u00e1sico participan de un taller, lo que les permitir\u00e1 ser las futuras representantes del liceo en la categor\u00eda m\u00e1s avanzada.<br \/>\nConstanza Irarr\u00e1zabal es capitana de un \u00e1rea del equipo y relata que durante este tiempo de entrenamiento se han mantenido muy unidas, prepar\u00e1ndose para el campeonato internacional y apoy\u00e1ndose entre todas y destac\u00f3 el apoyo del liceo y de los apoderados.<br \/>\n\u201cEl apoyo del liceo ha sido incondicional, la directora se ha portado s\u00faper bien con nosotras, ha confiado en nosotras y los apoderados igual\u201d.<br \/>\nEl alcalde Patricio Freire valor\u00f3 la participaci\u00f3n del liceo en este campeonato internacional, siendo las \u00fanicas representantes de nuestro pa\u00eds en esta categor\u00eda.<br \/>\n\u201cEstamos en un muy buen pie en todas las disciplinas deportivas en nuestra comuna. Y es importante la participaci\u00f3n del Liceo Corina Urbina en Colombia, les deseamos todo el \u00e9xito y que sea una experiencia enriquecedora para las alumnas\u201d, dijo el jefe comunal.<br \/>\nWilta Berr\u00edos, directora del liceo, record\u00f3 que el trabajo de este equipo se viene realizando hace varios a\u00f1os, a cargo de la profesora Teresa Cordero, y ahora ha logrado excelentes resultados. \u201cEstamos confiados en estas alumnas, y que ahora van a Colombia a participar de un campeonato, representando al liceo, a la ciudad y tambi\u00e9n a Chile, porque es el \u00fanico liceo que va en esta categor\u00eda, as\u00ed que orgullosa de liderar este liceo, este es un ejemplo que los sue\u00f1os se pueden hacer realidad\u201d, dijo la profesional.<\/p>\n","protected":false},"excerpt":{"rendered":"<p>Liceo de Ni\u00f1as Corina Urbina: El equipo de Cheer Dance del Liceo Corina Urbina participar\u00e1 en el campeonato internacional Golden Cup que se desarrollar\u00e1 en la ciudad de Bogot\u00e1, en Colombia, este&#8230;<\/p>\n","protected":false},"author":1,"featured_media":88385,"comment_status":"closed","ping_status":"open","sticky":false,"template":"","format":"standard","meta":{"advanced_seo_description":"","jetpack_seo_html_title":"","jetpack_seo_noindex":false,"_jetpack_memberships_contains_paid_content":false,"footnotes":""},"categories":[1],"tags":[],"class_list":["post-88384","post","type-post","status-publish","format-standard","has-post-thumbnail","hentry","category-cronica"],"jetpack_featured_media_url":"https:\/\/i0.wp.com\/eltrabajo.cl\/portal\/wp-content\/uploads\/2018\/09\/cheer-equipo-de-cheer-dance.jpg?fit=580%2C400&ssl=1","jetpack_sharing_enabled":true,"jetpack_likes_enabled":true,"jetpack-related-posts":[],"_links":{"self":[{"href":"https:\/\/eltrabajo.cl\/portal\/wp-json\/wp\/v2\/posts\/88384","targetHints":{"allow":["GET"]}}],"collection":[{"href":"https:\/\/eltrabajo.cl\/portal\/wp-json\/wp\/v2\/posts"}],"about":[{"href":"https:\/\/eltrabajo.cl\/portal\/wp-json\/wp\/v2\/types\/post"}],"author":[{"embeddable":true,"href":"https:\/\/eltrabajo.cl\/portal\/wp-json\/wp\/v2\/users\/1"}],"replies":[{"embeddable":true,"href":"https:\/\/eltrabajo.cl\/portal\/wp-json\/wp\/v2\/comments?post=88384"}],"version-history":[{"count":0,"href":"https:\/\/eltrabajo.cl\/portal\/wp-json\/wp\/v2\/posts\/88384\/revisions"}],"wp:featuredmedia":[{"embeddable":true,"href":"https:\/\/eltrabajo.cl\/portal\/wp-json\/wp\/v2\/media\/88385"}],"wp:attachment":[{"href":"https:\/\/eltrabajo.cl\/portal\/wp-json\/wp\/v2\/media?parent=88384"}],"wp:term":[{"taxonomy":"category","embeddable":true,"href":"https:\/\/eltrabajo.cl\/portal\/wp-json\/wp\/v2\/categories?post=88384"},{"taxonomy":"post_tag","embeddable":true,"href":"https:\/\/eltrabajo.cl\/portal\/wp-json\/wp\/v2\/tags?post=88384"}],"curies":[{"name":"wp","href":"https:\/\/api.w.org\/{rel}","templated":true}]}}