{"id":88390,"date":"2018-09-25T05:04:12","date_gmt":"2018-09-25T09:04:12","guid":{"rendered":"http:\/\/www.eltrabajo.cl\/2017\/?p=88390"},"modified":"2018-09-25T05:04:12","modified_gmt":"2018-09-25T09:04:12","slug":"aprueban-estudio-de-factibilidad-economica-para-la-creacion-de-region-de-aconcagua","status":"publish","type":"post","link":"https:\/\/eltrabajo.cl\/portal\/aprueban-estudio-de-factibilidad-economica-para-la-creacion-de-region-de-aconcagua\/","title":{"rendered":"Aprueban estudio de factibilidad econ\u00f3mica para la creaci\u00f3n de Regi\u00f3n de Aconcagua"},"content":{"rendered":"<figure id=\"attachment_88391\" aria-describedby=\"caption-attachment-88391\" style=\"width: 580px\" class=\"wp-caption alignnone\"><img data-recalc-dims=\"1\" loading=\"lazy\" decoding=\"async\" class=\"size-full wp-image-88391\" src=\"https:\/\/i0.wp.com\/www.eltrabajo.cl\/2017\/wp-content\/uploads\/2018\/09\/reuni%C3%B3n-moneda-salaberry.jpg?resize=580%2C400\" alt=\"El senador Francisco Chahu\u00e1n se reuni\u00f3 junto al secretario general de la Corporaci\u00f3n Aconcagua Regi\u00f3n, con el subsecretario de Desarrollo Regional, Felipe Salaberry, en el Palacio de La Moneda.\" width=\"580\" height=\"400\" srcset=\"https:\/\/i0.wp.com\/eltrabajo.cl\/portal\/wp-content\/uploads\/2018\/09\/reuni%C3%B3n-moneda-salaberry.jpg?w=580&amp;ssl=1 580w, https:\/\/i0.wp.com\/eltrabajo.cl\/portal\/wp-content\/uploads\/2018\/09\/reuni%C3%B3n-moneda-salaberry.jpg?resize=200%2C138&amp;ssl=1 200w, https:\/\/i0.wp.com\/eltrabajo.cl\/portal\/wp-content\/uploads\/2018\/09\/reuni%C3%B3n-moneda-salaberry.jpg?resize=300%2C207&amp;ssl=1 300w, https:\/\/i0.wp.com\/eltrabajo.cl\/portal\/wp-content\/uploads\/2018\/09\/reuni%C3%B3n-moneda-salaberry.jpg?resize=218%2C150&amp;ssl=1 218w, https:\/\/i0.wp.com\/eltrabajo.cl\/portal\/wp-content\/uploads\/2018\/09\/reuni%C3%B3n-moneda-salaberry.jpg?resize=400%2C276&amp;ssl=1 400w\" sizes=\"auto, (max-width: 580px) 100vw, 580px\" \/><figcaption id=\"caption-attachment-88391\" class=\"wp-caption-text\">El senador Francisco Chahu\u00e1n se reuni\u00f3 junto al secretario general de la Corporaci\u00f3n Aconcagua Regi\u00f3n, con el subsecretario de Desarrollo Regional, Felipe Salaberry, en el Palacio de La Moneda.<\/figcaption><\/figure>\n<ul>\n<li><strong>El estudio ser\u00e1 licitado y fue comprometido por el subsecretario de Desarrollo Regional durante una reuni\u00f3n con el senador Francisco Chahu\u00e1n y con la Corporaci\u00f3n Aconcagua Regi\u00f3n.<\/strong><\/li>\n<\/ul>\n<p>Finalmente el Gobierno comprometi\u00f3 la realizaci\u00f3n de un estudio de factibilidad econ\u00f3mica para la creaci\u00f3n de una futura Regi\u00f3n de Aconcagua, seg\u00fan anunci\u00f3 el senador Francisco Chahu\u00e1n tras reunirse, junto al secretario general de la Corporaci\u00f3n Aconcagua Regi\u00f3n, Claudio G\u00f3mez, con el subsecretario de Desarrollo Regional, Felipe Salaberry, en el Palacio de La Moneda.<br \/>\n\u00abEl subsecretario de desarrollo regional ha comprometido finalmente realizar el estudio de factibilidad econ\u00f3mica, ya ha conversado con el Ministerio de Hacienda para estos efectos\u00bb, expres\u00f3 a la salida del encuentro el senador Francisco Chahu\u00e1n.<br \/>\nExplic\u00f3 que el estudio ser\u00e1 licitado \u00abpor lo tanto, que lo realice un tercero, nos permite tener una independencia del criterio pol\u00edtico que tenga esta administraci\u00f3n con respecto a la creaci\u00f3n de la Regi\u00f3n de Aconcagua\u00bb.<br \/>\nPor su parte el secretario general de la Corporaci\u00f3n Aconcagua Regi\u00f3n, Claudio G\u00f3mez, junto con mostrarse muy satisfecho con el encuentro, indic\u00f3 que \u00abhoy tenemos una muy buena noticia para la futura Regi\u00f3n de Aconcagua, ya que gracias a las gestiones del senador Chahu\u00e1n, pudimos concretar esta reuni\u00f3n en la que nos han se\u00f1alado que definitivamente se realizar\u00e1 este estudio y se licitar\u00e1 a una entidad externa para lograr la objetividad necesaria\u00bb.<br \/>\nHasta La Moneda tambi\u00e9n lleg\u00f3 el dirigente del Movimiento Yo Amo Regi\u00f3n de Aconcagua, Yury Quiroz, quien precis\u00f3 que \u00ablo m\u00e1s importante es que por fin podemos empezar a pensar en el avance del sue\u00f1o de miles de personas, que es la creaci\u00f3n de la Regi\u00f3n de Aconcagua; un paso muy importante para lo que viene, que es ingresar el Proyecto de Ley al Congreso\u00bb.<br \/>\nEn tanto, el vicepresidente de la Corporaci\u00f3n Aconcagua Regi\u00f3n, Juan Carlos Monasterio, dijo que es un avance tremendamente positivo el que se ha dado en el d\u00eda de hoy: \u00abUn d\u00eda hist\u00f3rico para las pretensiones de miles de personas que creemos que Aconcagua debe ser una regi\u00f3n donde se puedan tomar decisiones sobre pol\u00edticas p\u00fablicas con el \u00fanico objetivo de beneficiar a los habitantes de las provincias de Los Andes, San Felipe y Petorca, que muchas veces y de manera injusta deben gastar recursos y tiempo para realizar tr\u00e1mites o tratarse con especialistas m\u00e9dicos en Valpara\u00edso, por poner solamente un ejemplo\u00bb, puntualiz\u00f3.<br \/>\nCabe destacar que el subsecretario de Desarrollo Regional, Felipe Salaberry, se\u00f1al\u00f3 a los asistentes a la reuni\u00f3n que en octubre visitar\u00e1 el valle de Aconcagua para anunciar formalmente inicio del proceso de licitaci\u00f3n del estudio financiero.<\/p>\n","protected":false},"excerpt":{"rendered":"<p>El estudio ser\u00e1 licitado y fue comprometido por el subsecretario de Desarrollo Regional durante una reuni\u00f3n con el senador Francisco Chahu\u00e1n y con la Corporaci\u00f3n Aconcagua Regi\u00f3n. Finalmente el Gobierno comprometi\u00f3 la&#8230;<\/p>\n","protected":false},"author":1,"featured_media":88391,"comment_status":"closed","ping_status":"open","sticky":false,"template":"","format":"standard","meta":{"advanced_seo_description":"","jetpack_seo_html_title":"","jetpack_seo_noindex":false,"_jetpack_memberships_contains_paid_content":false,"footnotes":""},"categories":[1],"tags":[],"class_list":["post-88390","post","type-post","status-publish","format-standard","has-post-thumbnail","hentry","category-cronica"],"jetpack_featured_media_url":"https:\/\/i0.wp.com\/eltrabajo.cl\/portal\/wp-content\/uploads\/2018\/09\/reuni%C3%B3n-moneda-salaberry.jpg?fit=580%2C400&ssl=1","jetpack_sharing_enabled":true,"jetpack_likes_enabled":true,"jetpack-related-posts":[],"_links":{"self":[{"href":"https:\/\/eltrabajo.cl\/portal\/wp-json\/wp\/v2\/posts\/88390","targetHints":{"allow":["GET"]}}],"collection":[{"href":"https:\/\/eltrabajo.cl\/portal\/wp-json\/wp\/v2\/posts"}],"about":[{"href":"https:\/\/eltrabajo.cl\/portal\/wp-json\/wp\/v2\/types\/post"}],"author":[{"embeddable":true,"href":"https:\/\/eltrabajo.cl\/portal\/wp-json\/wp\/v2\/users\/1"}],"replies":[{"embeddable":true,"href":"https:\/\/eltrabajo.cl\/portal\/wp-json\/wp\/v2\/comments?post=88390"}],"version-history":[{"count":0,"href":"https:\/\/eltrabajo.cl\/portal\/wp-json\/wp\/v2\/posts\/88390\/revisions"}],"wp:featuredmedia":[{"embeddable":true,"href":"https:\/\/eltrabajo.cl\/portal\/wp-json\/wp\/v2\/media\/88391"}],"wp:attachment":[{"href":"https:\/\/eltrabajo.cl\/portal\/wp-json\/wp\/v2\/media?parent=88390"}],"wp:term":[{"taxonomy":"category","embeddable":true,"href":"https:\/\/eltrabajo.cl\/portal\/wp-json\/wp\/v2\/categories?post=88390"},{"taxonomy":"post_tag","embeddable":true,"href":"https:\/\/eltrabajo.cl\/portal\/wp-json\/wp\/v2\/tags?post=88390"}],"curies":[{"name":"wp","href":"https:\/\/api.w.org\/{rel}","templated":true}]}}