{"id":88396,"date":"2018-09-26T05:00:04","date_gmt":"2018-09-26T09:00:04","guid":{"rendered":"http:\/\/www.eltrabajo.cl\/2017\/?p=88396"},"modified":"2018-09-26T05:00:04","modified_gmt":"2018-09-26T09:00:04","slug":"la-banca-tecnica-de-union-san-felipe-se-ha-convertido-en-una-teleserie","status":"publish","type":"post","link":"https:\/\/eltrabajo.cl\/portal\/la-banca-tecnica-de-union-san-felipe-se-ha-convertido-en-una-teleserie\/","title":{"rendered":"La banca t\u00e9cnica de Uni\u00f3n San Felipe se ha convertido en una teleserie"},"content":{"rendered":"<figure id=\"attachment_88397\" aria-describedby=\"caption-attachment-88397\" style=\"width: 580px\" class=\"wp-caption alignnone\"><img data-recalc-dims=\"1\" loading=\"lazy\" decoding=\"async\" class=\"size-full wp-image-88397\" src=\"https:\/\/i0.wp.com\/www.eltrabajo.cl\/2017\/wp-content\/uploads\/2018\/09\/entrenadores.jpg?resize=580%2C399\" alt=\"R\u00e9cord.- En menos de un mes Uni\u00f3n San Felipe ha tenido cuatro entrenadores \" width=\"580\" height=\"399\" srcset=\"https:\/\/i0.wp.com\/eltrabajo.cl\/portal\/wp-content\/uploads\/2018\/09\/entrenadores.jpg?w=580&amp;ssl=1 580w, https:\/\/i0.wp.com\/eltrabajo.cl\/portal\/wp-content\/uploads\/2018\/09\/entrenadores.jpg?resize=200%2C138&amp;ssl=1 200w, https:\/\/i0.wp.com\/eltrabajo.cl\/portal\/wp-content\/uploads\/2018\/09\/entrenadores.jpg?resize=300%2C206&amp;ssl=1 300w, https:\/\/i0.wp.com\/eltrabajo.cl\/portal\/wp-content\/uploads\/2018\/09\/entrenadores.jpg?resize=218%2C150&amp;ssl=1 218w, https:\/\/i0.wp.com\/eltrabajo.cl\/portal\/wp-content\/uploads\/2018\/09\/entrenadores.jpg?resize=400%2C275&amp;ssl=1 400w\" sizes=\"auto, (max-width: 580px) 100vw, 580px\" \/><figcaption id=\"caption-attachment-88397\" class=\"wp-caption-text\">R\u00e9cord.- En menos de un mes Uni\u00f3n San Felipe ha tenido cuatro entrenadores<\/figcaption><\/figure>\n<p>Como un verdadero gui\u00f3n televisivo pueden catalogarse las \u00faltimas horas que ha vivido el banco t\u00e9cnico de Uni\u00f3n San Felipe, ya que un lapso muy breve (20 d\u00edas) la escuadra sanfelipe\u00f1a ha tenido cuatro entrenadores.<br \/>\nLa historia es conocida por todos, y tiene su inicio cuando fue cesado de su cargo el trasandino Christian Lovrincevich, quien fue reemplazado por algunos d\u00edas por Omar Arcos. En la previa a las fiestas patrias, Arcos cedi\u00f3 su lugar a Dar\u00edo Hern\u00e1n Drudi, quien no alcanz\u00f3 siquiera a sentarse en la banca, luego que el Inaf no lo reconociera como entrenador, al punto que no pudo dar ni siquiera el examen de convalidaci\u00f3n de t\u00edtulo, situaci\u00f3n que oblig\u00f3 a la dirigencia de los sanfelipe\u00f1os a buscar de forma urgente un reemplazante, y el hombre elegido fue Hern\u00e1n Madrid, quien sin \u00e9xito el a\u00f1o pasado ya hab\u00eda dirigido a un Un\u00ed Un\u00ed que por ahora, por obligaci\u00f3n, buscar\u00e1 comenzar a mejorar una campa\u00f1a que ha ido decayendo de forma preocupante, porque de no mejorar comenzar\u00e1 a sentir la presi\u00f3n de los equipos como San Marcos o La Serena, los que en estos momentos ocupan los \u00faltimos lugares de la tabla del torneo.<\/p>\n","protected":false},"excerpt":{"rendered":"<p>Como un verdadero gui\u00f3n televisivo pueden catalogarse las \u00faltimas horas que ha vivido el banco t\u00e9cnico de Uni\u00f3n San Felipe, ya que un lapso muy breve (20 d\u00edas) la escuadra sanfelipe\u00f1a ha&#8230;<\/p>\n","protected":false},"author":1,"featured_media":88397,"comment_status":"closed","ping_status":"open","sticky":false,"template":"","format":"standard","meta":{"advanced_seo_description":"","jetpack_seo_html_title":"","jetpack_seo_noindex":false,"_jetpack_memberships_contains_paid_content":false,"footnotes":""},"categories":[19],"tags":[],"class_list":["post-88396","post","type-post","status-publish","format-standard","has-post-thumbnail","hentry","category-deportes"],"jetpack_featured_media_url":"https:\/\/i0.wp.com\/eltrabajo.cl\/portal\/wp-content\/uploads\/2018\/09\/entrenadores.jpg?fit=580%2C399&ssl=1","jetpack_sharing_enabled":true,"jetpack_likes_enabled":true,"jetpack-related-posts":[],"_links":{"self":[{"href":"https:\/\/eltrabajo.cl\/portal\/wp-json\/wp\/v2\/posts\/88396","targetHints":{"allow":["GET"]}}],"collection":[{"href":"https:\/\/eltrabajo.cl\/portal\/wp-json\/wp\/v2\/posts"}],"about":[{"href":"https:\/\/eltrabajo.cl\/portal\/wp-json\/wp\/v2\/types\/post"}],"author":[{"embeddable":true,"href":"https:\/\/eltrabajo.cl\/portal\/wp-json\/wp\/v2\/users\/1"}],"replies":[{"embeddable":true,"href":"https:\/\/eltrabajo.cl\/portal\/wp-json\/wp\/v2\/comments?post=88396"}],"version-history":[{"count":0,"href":"https:\/\/eltrabajo.cl\/portal\/wp-json\/wp\/v2\/posts\/88396\/revisions"}],"wp:featuredmedia":[{"embeddable":true,"href":"https:\/\/eltrabajo.cl\/portal\/wp-json\/wp\/v2\/media\/88397"}],"wp:attachment":[{"href":"https:\/\/eltrabajo.cl\/portal\/wp-json\/wp\/v2\/media?parent=88396"}],"wp:term":[{"taxonomy":"category","embeddable":true,"href":"https:\/\/eltrabajo.cl\/portal\/wp-json\/wp\/v2\/categories?post=88396"},{"taxonomy":"post_tag","embeddable":true,"href":"https:\/\/eltrabajo.cl\/portal\/wp-json\/wp\/v2\/tags?post=88396"}],"curies":[{"name":"wp","href":"https:\/\/api.w.org\/{rel}","templated":true}]}}