{"id":88399,"date":"2018-09-26T05:01:30","date_gmt":"2018-09-26T09:01:30","guid":{"rendered":"http:\/\/www.eltrabajo.cl\/2017\/?p=88399"},"modified":"2018-09-26T05:01:30","modified_gmt":"2018-09-26T09:01:30","slug":"omar-arcos-y-carlos-carreno-fueron-despedidos-de-union-san-felipe","status":"publish","type":"post","link":"https:\/\/eltrabajo.cl\/portal\/omar-arcos-y-carlos-carreno-fueron-despedidos-de-union-san-felipe\/","title":{"rendered":"Omar Arcos y Carlos Carre\u00f1o fueron despedidos de Uni\u00f3n San Felipe"},"content":{"rendered":"<figure id=\"attachment_88400\" aria-describedby=\"caption-attachment-88400\" style=\"width: 580px\" class=\"wp-caption alignnone\"><img data-recalc-dims=\"1\" loading=\"lazy\" decoding=\"async\" class=\"size-full wp-image-88400\" src=\"https:\/\/i0.wp.com\/www.eltrabajo.cl\/2017\/wp-content\/uploads\/2018\/09\/arcos-y-carre%C3%B1o.jpg?resize=580%2C400\" alt=\"Un entrevero en el camar\u00edn con un integrante del cuerpo t\u00e9cnico de Hern\u00e1n Drudi, desencaden\u00f3 la salida del Un\u00ed, de Omar Arcos y el preparador f\u00edsico Carlos Carre\u00f1o.\" width=\"580\" height=\"400\" srcset=\"https:\/\/i0.wp.com\/eltrabajo.cl\/portal\/wp-content\/uploads\/2018\/09\/arcos-y-carre%C3%B1o.jpg?w=580&amp;ssl=1 580w, https:\/\/i0.wp.com\/eltrabajo.cl\/portal\/wp-content\/uploads\/2018\/09\/arcos-y-carre%C3%B1o.jpg?resize=200%2C138&amp;ssl=1 200w, https:\/\/i0.wp.com\/eltrabajo.cl\/portal\/wp-content\/uploads\/2018\/09\/arcos-y-carre%C3%B1o.jpg?resize=300%2C207&amp;ssl=1 300w, https:\/\/i0.wp.com\/eltrabajo.cl\/portal\/wp-content\/uploads\/2018\/09\/arcos-y-carre%C3%B1o.jpg?resize=218%2C150&amp;ssl=1 218w, https:\/\/i0.wp.com\/eltrabajo.cl\/portal\/wp-content\/uploads\/2018\/09\/arcos-y-carre%C3%B1o.jpg?resize=400%2C276&amp;ssl=1 400w\" sizes=\"auto, (max-width: 580px) 100vw, 580px\" \/><figcaption id=\"caption-attachment-88400\" class=\"wp-caption-text\">Un entrevero en el camar\u00edn con un integrante del cuerpo t\u00e9cnico de Hern\u00e1n Drudi, desencaden\u00f3 la salida del Un\u00ed, de Omar Arcos y el preparador f\u00edsico Carlos Carre\u00f1o.<\/figcaption><\/figure>\n<p>Reconociendo que tuvo un fuerte enfrentamiento verbal con uno de los integrantes del cuerpo t\u00e9cnico (Manuel Madoni) que encabezaba Dar\u00edo Hern\u00e1n Drudi, el ex arquero Omar \u2018Tallar\u00edn\u2019 Arcos y el preparador f\u00edsico Carlos Carre\u00f1o, dejaron de pertenecer al staff t\u00e9cnicos de Uni\u00f3n San Felipe.<br \/>\nEl ex portero dio a conocer su versi\u00f3n sobre los hechos ocurridos el domingo pasado, una vez concluido el encuentro con Cobreloa: \u201cSucede que un personaje ingres\u00f3 al camar\u00edn para recriminarme por algunas determinaciones que yo cre\u00eda pod\u00edan ayudar a mejorar lo que se estaba haciendo, luego las cosas fueron subiendo de tono y se arm\u00f3 una discusi\u00f3n\u201d, dijo el querido ex jugador, que descart\u00f3 una pelea al interior del camar\u00edn: \u201cJam\u00e1s he sido de andar a los golpes, no fue as\u00ed cuando jugaba, menos ahora que dirijo\u201d, agreg\u00f3.<br \/>\nOmar Arcos no quiso adentrarse en los motivos de su salida del club. \u201cNo vale la pena, soy un agradecido de Ra\u00fal Delgado por la oportunidad que me dio, pero lamentablemente en la actualidad Uni\u00f3n San Felipe est\u00e1 rodeado de personajes que le hacen da\u00f1o, ya que por ejemplo es inexplicable que hayan llegado entrenadores sin t\u00edtulo; eso no deber\u00eda suceder\u201d, finaliz\u00f3 el querido \u2018tallar\u00edn\u2019.<\/p>\n","protected":false},"excerpt":{"rendered":"<p>Reconociendo que tuvo un fuerte enfrentamiento verbal con uno de los integrantes del cuerpo t\u00e9cnico (Manuel Madoni) que encabezaba Dar\u00edo Hern\u00e1n Drudi, el ex arquero Omar \u2018Tallar\u00edn\u2019 Arcos y el preparador f\u00edsico&#8230;<\/p>\n","protected":false},"author":1,"featured_media":88400,"comment_status":"closed","ping_status":"open","sticky":false,"template":"","format":"standard","meta":{"advanced_seo_description":"","jetpack_seo_html_title":"","jetpack_seo_noindex":false,"_jetpack_memberships_contains_paid_content":false,"footnotes":""},"categories":[19],"tags":[],"class_list":["post-88399","post","type-post","status-publish","format-standard","has-post-thumbnail","hentry","category-deportes"],"jetpack_featured_media_url":"https:\/\/i0.wp.com\/eltrabajo.cl\/portal\/wp-content\/uploads\/2018\/09\/arcos-y-carre%C3%B1o.jpg?fit=580%2C400&ssl=1","jetpack_sharing_enabled":true,"jetpack_likes_enabled":true,"jetpack-related-posts":[],"_links":{"self":[{"href":"https:\/\/eltrabajo.cl\/portal\/wp-json\/wp\/v2\/posts\/88399","targetHints":{"allow":["GET"]}}],"collection":[{"href":"https:\/\/eltrabajo.cl\/portal\/wp-json\/wp\/v2\/posts"}],"about":[{"href":"https:\/\/eltrabajo.cl\/portal\/wp-json\/wp\/v2\/types\/post"}],"author":[{"embeddable":true,"href":"https:\/\/eltrabajo.cl\/portal\/wp-json\/wp\/v2\/users\/1"}],"replies":[{"embeddable":true,"href":"https:\/\/eltrabajo.cl\/portal\/wp-json\/wp\/v2\/comments?post=88399"}],"version-history":[{"count":0,"href":"https:\/\/eltrabajo.cl\/portal\/wp-json\/wp\/v2\/posts\/88399\/revisions"}],"wp:featuredmedia":[{"embeddable":true,"href":"https:\/\/eltrabajo.cl\/portal\/wp-json\/wp\/v2\/media\/88400"}],"wp:attachment":[{"href":"https:\/\/eltrabajo.cl\/portal\/wp-json\/wp\/v2\/media?parent=88399"}],"wp:term":[{"taxonomy":"category","embeddable":true,"href":"https:\/\/eltrabajo.cl\/portal\/wp-json\/wp\/v2\/categories?post=88399"},{"taxonomy":"post_tag","embeddable":true,"href":"https:\/\/eltrabajo.cl\/portal\/wp-json\/wp\/v2\/tags?post=88399"}],"curies":[{"name":"wp","href":"https:\/\/api.w.org\/{rel}","templated":true}]}}