{"id":88405,"date":"2018-09-26T05:03:44","date_gmt":"2018-09-26T09:03:44","guid":{"rendered":"http:\/\/www.eltrabajo.cl\/2017\/?p=88405"},"modified":"2018-09-26T05:03:44","modified_gmt":"2018-09-26T09:03:44","slug":"dos-selecciones-de-voley-que-se-juegan-el-nombre-por-san-felipe","status":"publish","type":"post","link":"https:\/\/eltrabajo.cl\/portal\/dos-selecciones-de-voley-que-se-juegan-el-nombre-por-san-felipe\/","title":{"rendered":"Dos selecciones de V\u00f3ley que se juegan el nombre por San Felipe"},"content":{"rendered":"<figure id=\"attachment_88406\" aria-describedby=\"caption-attachment-88406\" style=\"width: 580px\" class=\"wp-caption alignnone\"><img data-recalc-dims=\"1\" loading=\"lazy\" decoding=\"async\" class=\"size-full wp-image-88406\" src=\"https:\/\/i0.wp.com\/www.eltrabajo.cl\/2017\/wp-content\/uploads\/2018\/09\/Campeonas1.jpg?resize=580%2C400\" alt=\"GARRA DE CAMPEONAS.- Aqu\u00ed tenemos a las ni\u00f1as U14 que defender\u00e1n el t\u00edtulo de Campeonas en el Nacional de V\u00f3leibol, en Vi\u00f1a del Mar.\" width=\"580\" height=\"400\" srcset=\"https:\/\/i0.wp.com\/eltrabajo.cl\/portal\/wp-content\/uploads\/2018\/09\/Campeonas1.jpg?w=580&amp;ssl=1 580w, https:\/\/i0.wp.com\/eltrabajo.cl\/portal\/wp-content\/uploads\/2018\/09\/Campeonas1.jpg?resize=200%2C138&amp;ssl=1 200w, https:\/\/i0.wp.com\/eltrabajo.cl\/portal\/wp-content\/uploads\/2018\/09\/Campeonas1.jpg?resize=300%2C207&amp;ssl=1 300w, https:\/\/i0.wp.com\/eltrabajo.cl\/portal\/wp-content\/uploads\/2018\/09\/Campeonas1.jpg?resize=218%2C150&amp;ssl=1 218w, https:\/\/i0.wp.com\/eltrabajo.cl\/portal\/wp-content\/uploads\/2018\/09\/Campeonas1.jpg?resize=400%2C276&amp;ssl=1 400w\" sizes=\"auto, (max-width: 580px) 100vw, 580px\" \/><figcaption id=\"caption-attachment-88406\" class=\"wp-caption-text\">GARRA DE CAMPEONAS.- Aqu\u00ed tenemos a las ni\u00f1as U14 que defender\u00e1n el t\u00edtulo de Campeonas en el Nacional de V\u00f3leibol, en Vi\u00f1a del Mar.<\/figcaption><\/figure>\n<p><span style=\"color: #ff0000;\"><strong>Liceo Cordillera con U14 en Escolares y Nacional Federado:<\/strong><\/span><\/p>\n<p>Gran expectaci\u00f3n es la que viven las ni\u00f1as de la Selecci\u00f3n U14 de v\u00f3leibol del Liceo Bicentenario Cordillera, ya que este jueves viajan a Vi\u00f1a del Mar para representarnos en el Nacional de los Juegos Escolares Deportivos 2018 que desarrolla el IND. Esta selecci\u00f3n cuenta tambi\u00e9n con dos fuertes jugadoras de refuerzo, una del Colegio Vedruna y otra de la Escuela Agust\u00edn G\u00f3mez.<br \/>\n\u00abEs la tercera clasificaci\u00f3n que logramos al Nacional, actualmente somos el liceo campe\u00f3n a nivel nacional en esta categor\u00eda, estamos muy contentos con este logro, lo que buscamos tambi\u00e9n validar nuestro t\u00edtulo de campeones, una tarea muy dif\u00edcil, pues desde que llegamos en 2013 a trabajar con estas ni\u00f1as es una gran satisfacci\u00f3n, ya que los resultados se ven claramente\u00bb, dijo a Diario El Trabajo el encargado de entrenar a las ni\u00f1as, profesor de educaci\u00f3n f\u00edsica, Eduardo Ch\u00e1vez.<\/p>\n<p><strong><span style=\"color: #ff0000;\">NACIONAL FEDERADO<\/span><\/strong><br \/>\nQuiz\u00e1s nuestros lectores se pregunten por el destino que corrieron las jugadoras de esa selecci\u00f3n que en 2017 ganaron por segunda vez el Nacional, ya que a la fecha tienen otra edad, sobre esto le consultamos a Ch\u00e1vez, quien nos explic\u00f3 que \u00abesas chicas siguen activas, muy activas, no van al nacional Escolar porque la edad no se los permite, pero siguieron jugando en la Federaci\u00f3n de V\u00f3leibol de Chile, les fue muy bien y clasificaron al Nacional Federado U16, y jugar\u00e1n por el t\u00edtulo durante el 28, 29 y 30 de este mes en Curacautin, Regi\u00f3n de la Araucan\u00eda, en esta jornada jugar\u00e1 la Mejor de Chile, la sanfelipe\u00f1a Gabriela Badilla\u00bb, indic\u00f3 el profesional.<br \/>\n<strong>Roberto Gonz\u00e1lez Short<\/strong><\/p>\n<figure id=\"attachment_88407\" aria-describedby=\"caption-attachment-88407\" style=\"width: 580px\" class=\"wp-caption alignnone\"><img data-recalc-dims=\"1\" loading=\"lazy\" decoding=\"async\" class=\"size-full wp-image-88407\" src=\"https:\/\/i0.wp.com\/www.eltrabajo.cl\/2017\/wp-content\/uploads\/2018\/09\/Campeonas2.jpg?resize=580%2C400\" alt=\"SELECCI\u00d3N U16.- Ellas son las que ganaron el Nacional el a\u00f1o pasado por nuestra comuna, ahora defender\u00e1n su honor en el Nacional Federado el 28, 29 y 30 de este mes en Curacautin, Regi\u00f3n de la Araucan\u00eda.\" width=\"580\" height=\"400\" srcset=\"https:\/\/i0.wp.com\/eltrabajo.cl\/portal\/wp-content\/uploads\/2018\/09\/Campeonas2.jpg?w=580&amp;ssl=1 580w, https:\/\/i0.wp.com\/eltrabajo.cl\/portal\/wp-content\/uploads\/2018\/09\/Campeonas2.jpg?resize=200%2C138&amp;ssl=1 200w, https:\/\/i0.wp.com\/eltrabajo.cl\/portal\/wp-content\/uploads\/2018\/09\/Campeonas2.jpg?resize=300%2C207&amp;ssl=1 300w, https:\/\/i0.wp.com\/eltrabajo.cl\/portal\/wp-content\/uploads\/2018\/09\/Campeonas2.jpg?resize=218%2C150&amp;ssl=1 218w, https:\/\/i0.wp.com\/eltrabajo.cl\/portal\/wp-content\/uploads\/2018\/09\/Campeonas2.jpg?resize=400%2C276&amp;ssl=1 400w\" sizes=\"auto, (max-width: 580px) 100vw, 580px\" \/><figcaption id=\"caption-attachment-88407\" class=\"wp-caption-text\">SELECCI\u00d3N U16.- Ellas son las que ganaron el Nacional el a\u00f1o pasado por nuestra comuna, ahora defender\u00e1n su honor en el Nacional Federado el 28, 29 y 30 de este mes en Curacautin, Regi\u00f3n de la Araucan\u00eda.<\/figcaption><\/figure>\n","protected":false},"excerpt":{"rendered":"<p>Liceo Cordillera con U14 en Escolares y Nacional Federado: Gran expectaci\u00f3n es la que viven las ni\u00f1as de la Selecci\u00f3n U14 de v\u00f3leibol del Liceo Bicentenario Cordillera, ya que este jueves viajan&#8230;<\/p>\n","protected":false},"author":1,"featured_media":88406,"comment_status":"closed","ping_status":"open","sticky":false,"template":"","format":"standard","meta":{"advanced_seo_description":"","jetpack_seo_html_title":"","jetpack_seo_noindex":false,"_jetpack_memberships_contains_paid_content":false,"footnotes":""},"categories":[19],"tags":[],"class_list":["post-88405","post","type-post","status-publish","format-standard","has-post-thumbnail","hentry","category-deportes"],"jetpack_featured_media_url":"https:\/\/i0.wp.com\/eltrabajo.cl\/portal\/wp-content\/uploads\/2018\/09\/Campeonas1.jpg?fit=580%2C400&ssl=1","jetpack_sharing_enabled":true,"jetpack_likes_enabled":true,"jetpack-related-posts":[],"_links":{"self":[{"href":"https:\/\/eltrabajo.cl\/portal\/wp-json\/wp\/v2\/posts\/88405","targetHints":{"allow":["GET"]}}],"collection":[{"href":"https:\/\/eltrabajo.cl\/portal\/wp-json\/wp\/v2\/posts"}],"about":[{"href":"https:\/\/eltrabajo.cl\/portal\/wp-json\/wp\/v2\/types\/post"}],"author":[{"embeddable":true,"href":"https:\/\/eltrabajo.cl\/portal\/wp-json\/wp\/v2\/users\/1"}],"replies":[{"embeddable":true,"href":"https:\/\/eltrabajo.cl\/portal\/wp-json\/wp\/v2\/comments?post=88405"}],"version-history":[{"count":0,"href":"https:\/\/eltrabajo.cl\/portal\/wp-json\/wp\/v2\/posts\/88405\/revisions"}],"wp:featuredmedia":[{"embeddable":true,"href":"https:\/\/eltrabajo.cl\/portal\/wp-json\/wp\/v2\/media\/88406"}],"wp:attachment":[{"href":"https:\/\/eltrabajo.cl\/portal\/wp-json\/wp\/v2\/media?parent=88405"}],"wp:term":[{"taxonomy":"category","embeddable":true,"href":"https:\/\/eltrabajo.cl\/portal\/wp-json\/wp\/v2\/categories?post=88405"},{"taxonomy":"post_tag","embeddable":true,"href":"https:\/\/eltrabajo.cl\/portal\/wp-json\/wp\/v2\/tags?post=88405"}],"curies":[{"name":"wp","href":"https:\/\/api.w.org\/{rel}","templated":true}]}}