{"id":88409,"date":"2018-09-26T05:04:30","date_gmt":"2018-09-26T09:04:30","guid":{"rendered":"http:\/\/www.eltrabajo.cl\/2017\/?p=88409"},"modified":"2018-09-26T05:04:30","modified_gmt":"2018-09-26T09:04:30","slug":"aprueban-recursos-para-indemnizar-a-familias-que-demandaron-al-municipio","status":"publish","type":"post","link":"https:\/\/eltrabajo.cl\/portal\/aprueban-recursos-para-indemnizar-a-familias-que-demandaron-al-municipio\/","title":{"rendered":"Aprueban recursos para indemnizar a familias que demandaron al municipio"},"content":{"rendered":"<figure id=\"attachment_88410\" aria-describedby=\"caption-attachment-88410\" style=\"width: 580px\" class=\"wp-caption alignnone\"><img data-recalc-dims=\"1\" loading=\"lazy\" decoding=\"async\" class=\"size-full wp-image-88410\" src=\"https:\/\/i0.wp.com\/www.eltrabajo.cl\/2017\/wp-content\/uploads\/2018\/09\/Jara.jpg?resize=580%2C398\" alt=\"Jorge Jara Catal\u00e1n, Abogado, Director Jur\u00eddico de la municipalidad de San Felipe.\" width=\"580\" height=\"398\" srcset=\"https:\/\/i0.wp.com\/eltrabajo.cl\/portal\/wp-content\/uploads\/2018\/09\/Jara.jpg?w=580&amp;ssl=1 580w, https:\/\/i0.wp.com\/eltrabajo.cl\/portal\/wp-content\/uploads\/2018\/09\/Jara.jpg?resize=200%2C137&amp;ssl=1 200w, https:\/\/i0.wp.com\/eltrabajo.cl\/portal\/wp-content\/uploads\/2018\/09\/Jara.jpg?resize=300%2C206&amp;ssl=1 300w, https:\/\/i0.wp.com\/eltrabajo.cl\/portal\/wp-content\/uploads\/2018\/09\/Jara.jpg?resize=219%2C150&amp;ssl=1 219w, https:\/\/i0.wp.com\/eltrabajo.cl\/portal\/wp-content\/uploads\/2018\/09\/Jara.jpg?resize=400%2C274&amp;ssl=1 400w\" sizes=\"auto, (max-width: 580px) 100vw, 580px\" \/><figcaption id=\"caption-attachment-88410\" class=\"wp-caption-text\">Jorge Jara Catal\u00e1n, Abogado, Director Jur\u00eddico de la municipalidad de San Felipe.<\/figcaption><\/figure>\n<p><span style=\"color: #ff0000;\"><strong>Por negligencias m\u00e9dicas en Cesfam Curim\u00f3n:<\/strong><\/span><\/p>\n<p>Este martes el concejo municipal de San Felipe aprob\u00f3 una modificaci\u00f3n presupuestaria solicitada por el director jur\u00eddico del municipio, abogado Jorge Jara Catal\u00e1n, para poder cancelar una deuda de 250 millones de pesos que se tiene con las familias Carmona y Estay, quienes demandaron por negligencias m\u00e9dicas presentadas contra el Cesfam de Curim\u00f3n, cuyo fallo fue a favor de las demandantes.<br \/>\n\u201cEfectivamente despu\u00e9s de varios a\u00f1os que ocurrieron lamentablemente estas dos situaciones que provocaron la muerte de dos vecinos de Curim\u00f3n, el municipio luego de haber ejercido todos los recursos procesales en los tribunales, tanto en el juzgado de letras como en la Corte de Apelaciones de Valpara\u00edso e inclusive en la Corte Suprema, ya no podemos seguir ejerciendo m\u00e1s recursos judiciales porque se ha dispuesto que la municipalidad pague a t\u00edtulo de indemnizaci\u00f3n por da\u00f1o moral a sucesi\u00f3n del se\u00f1or Carmona, 200 millones de pesos, y a la sucesi\u00f3n de la se\u00f1ora Estay otros 50 millones. Sin perjuicio, se\u00f1alar que en ese caso fue condenado el Servicio de Salud que ya pag\u00f3 la parte que le correspond\u00eda, y ten\u00edamos que solicitar al concejo municipal la autorizaci\u00f3n de la modificaci\u00f3n presupuestaria para poder proveer este recurso; por lo pronto tenemos un principio de acuerdo con el abogado de los demandantes y vamos a hacer el esfuerzo despu\u00e9s que el concejo apruebe esta modificaci\u00f3n presupuestaria de pagar en los pr\u00f3ximos d\u00edas cien millones de pesos, y en el curso del mes de octubre y fechas posteriores esperamos cumplir con la totalidad de la deuda, es decir el d\u00eda 12 \u00f3 14 de octubre 50 millones de pesos en la causa de la se\u00f1ora Estay, y antes que termine el mes si mal no recuerdo pagar\u00edamos la diferencia del juicio del se\u00f1or Carmona\u201d, indic\u00f3.<br \/>\nLos restantes dineros saldr\u00e1n de distintos fondos, se va a esperar el 10 de octubre cuando llega la remesa del fondo com\u00fan municipal para pagar el caso de Jessica Estay, y con recursos que ya se han dispuesto por la DAF (Direcci\u00f3n de Administraci\u00f3n Financiera) y el administrador municipal ir abonando a la deuda de la familia Carmona.<br \/>\nDe todas maneras se hab\u00eda propuesto al concejo, como una salida alternativa debido al problema de caja que tiene la municipalidad de San Felipe, porque no es f\u00e1cil tener depositada esa cantidad en la cuenta, concurrir a la banca privada; \u201ccomo eran 250 millones, hab\u00edamos evaluado y se le hab\u00eda propuesto al alcalde tramitar un \u2018leaseback\u2019, que es un pr\u00e9stamo autorizado por el ministerio de Hacienda que se otorga por parte de la banca privada con una garant\u00eda real que puede ser una hipoteca sobre un inmueble de propiedad municipal, pero la dificultad era que eso iba a tomar alrededor de seis a ocho meses y obviamente las familias de las personas fallecidas no pod\u00edan esperar tanto tiempo. Se ha dispuesto hacer un esfuerzo financiero por parte de la municipalidad y pagar ahora\u201d, se\u00f1al\u00f3 Jara.<br \/>\nConsultado por la orden de arresto contra el alcalde, el director jur\u00eddico indic\u00f3 que la defensa hab\u00eda solicitado el apremio que est\u00e1 contemplado en la ley municipal, \u201cque es un arresto en un plazo breve de d\u00edas, pero hab\u00eda sido suspendido de alguna manera la situaci\u00f3n producto de la presentaci\u00f3n por parte de la municipalidad de dos recursos de amparo; uno de esos recursos, en el caso del se\u00f1or Carmona, se vio ayer (lunes) en la corte, un abogado municipal concurri\u00f3 al alegato y lamentablemente la tercera sala penal la rechaz\u00f3 por votos dividido tres a dos, y la pr\u00f3xima semana es probable que tengamos alegatos en la causa de la se\u00f1ora Estay que debiera correr la misma suerte porque probablemente va a ser asignada a la misma sala\u201d, manifest\u00f3 Jorge Jara.<br \/>\nReiter\u00f3 que se est\u00e1n agotando todas las instancias y en ese contexto se contactaron con el representante judicial de las familias, donde han encontrado disposici\u00f3n para encontrar una salida negociada, donde se le otorgue al municipio un plazo prudente y razonable para pagar estas obligaciones.<br \/>\nDespu\u00e9s que se consignen los montos que fij\u00f3 el tribunal por parte de la municipalidad de San Felipe, se debe hacer la liquidaci\u00f3n del cr\u00e9dito, porque se suman las costas judiciales y eso no se ha hecho, por lo que se ignora, de todas formas ese valor se va a agregar a los 250 millones de pesos.<br \/>\nLa liquidaci\u00f3n del cr\u00e9dito debe ser solicitada por parte del abogado de los demandantes, el valor lo resuelve el tribunal, eso va a generar un adicional que no es muy representativo, pero se debe cancelar.<\/p>\n","protected":false},"excerpt":{"rendered":"<p>Por negligencias m\u00e9dicas en Cesfam Curim\u00f3n: Este martes el concejo municipal de San Felipe aprob\u00f3 una modificaci\u00f3n presupuestaria solicitada por el director jur\u00eddico del municipio, abogado Jorge Jara Catal\u00e1n, para poder cancelar&#8230;<\/p>\n","protected":false},"author":1,"featured_media":88410,"comment_status":"closed","ping_status":"open","sticky":false,"template":"","format":"standard","meta":{"advanced_seo_description":"","jetpack_seo_html_title":"","jetpack_seo_noindex":false,"_jetpack_memberships_contains_paid_content":false,"footnotes":""},"categories":[1],"tags":[],"class_list":["post-88409","post","type-post","status-publish","format-standard","has-post-thumbnail","hentry","category-cronica"],"jetpack_featured_media_url":"https:\/\/i0.wp.com\/eltrabajo.cl\/portal\/wp-content\/uploads\/2018\/09\/Jara.jpg?fit=580%2C398&ssl=1","jetpack_sharing_enabled":true,"jetpack_likes_enabled":true,"jetpack-related-posts":[],"_links":{"self":[{"href":"https:\/\/eltrabajo.cl\/portal\/wp-json\/wp\/v2\/posts\/88409","targetHints":{"allow":["GET"]}}],"collection":[{"href":"https:\/\/eltrabajo.cl\/portal\/wp-json\/wp\/v2\/posts"}],"about":[{"href":"https:\/\/eltrabajo.cl\/portal\/wp-json\/wp\/v2\/types\/post"}],"author":[{"embeddable":true,"href":"https:\/\/eltrabajo.cl\/portal\/wp-json\/wp\/v2\/users\/1"}],"replies":[{"embeddable":true,"href":"https:\/\/eltrabajo.cl\/portal\/wp-json\/wp\/v2\/comments?post=88409"}],"version-history":[{"count":0,"href":"https:\/\/eltrabajo.cl\/portal\/wp-json\/wp\/v2\/posts\/88409\/revisions"}],"wp:featuredmedia":[{"embeddable":true,"href":"https:\/\/eltrabajo.cl\/portal\/wp-json\/wp\/v2\/media\/88410"}],"wp:attachment":[{"href":"https:\/\/eltrabajo.cl\/portal\/wp-json\/wp\/v2\/media?parent=88409"}],"wp:term":[{"taxonomy":"category","embeddable":true,"href":"https:\/\/eltrabajo.cl\/portal\/wp-json\/wp\/v2\/categories?post=88409"},{"taxonomy":"post_tag","embeddable":true,"href":"https:\/\/eltrabajo.cl\/portal\/wp-json\/wp\/v2\/tags?post=88409"}],"curies":[{"name":"wp","href":"https:\/\/api.w.org\/{rel}","templated":true}]}}