{"id":88412,"date":"2018-09-26T05:05:03","date_gmt":"2018-09-26T09:05:03","guid":{"rendered":"http:\/\/www.eltrabajo.cl\/2017\/?p=88412"},"modified":"2018-09-26T05:05:03","modified_gmt":"2018-09-26T09:05:03","slug":"san-felipe-voley-se-juega-el-paso-a-las-finales-del-nacional-de-menores","status":"publish","type":"post","link":"https:\/\/eltrabajo.cl\/portal\/san-felipe-voley-se-juega-el-paso-a-las-finales-del-nacional-de-menores\/","title":{"rendered":"San Felipe V\u00f3ley se juega el paso a las finales del Nacional de menores"},"content":{"rendered":"<figure id=\"attachment_88413\" aria-describedby=\"caption-attachment-88413\" style=\"width: 580px\" class=\"wp-caption alignnone\"><img data-recalc-dims=\"1\" loading=\"lazy\" decoding=\"async\" class=\"size-full wp-image-88413\" src=\"https:\/\/i0.wp.com\/www.eltrabajo.cl\/2017\/wp-content\/uploads\/2018\/09\/Sanfe-Voley-1.jpg?resize=580%2C399\" alt=\"SON IMPARABLES.- Ella son las integrantes U12 del Club Deportivo San Felipe V\u00f3ley, quienes estar\u00e1n el pr\u00f3ximo 5 y 6 de octubre en la Novena Regi\u00f3n disputando los Play Off en su categor\u00eda.\" width=\"580\" height=\"399\" srcset=\"https:\/\/i0.wp.com\/eltrabajo.cl\/portal\/wp-content\/uploads\/2018\/09\/Sanfe-Voley-1.jpg?w=580&amp;ssl=1 580w, https:\/\/i0.wp.com\/eltrabajo.cl\/portal\/wp-content\/uploads\/2018\/09\/Sanfe-Voley-1.jpg?resize=200%2C138&amp;ssl=1 200w, https:\/\/i0.wp.com\/eltrabajo.cl\/portal\/wp-content\/uploads\/2018\/09\/Sanfe-Voley-1.jpg?resize=300%2C206&amp;ssl=1 300w, https:\/\/i0.wp.com\/eltrabajo.cl\/portal\/wp-content\/uploads\/2018\/09\/Sanfe-Voley-1.jpg?resize=218%2C150&amp;ssl=1 218w, https:\/\/i0.wp.com\/eltrabajo.cl\/portal\/wp-content\/uploads\/2018\/09\/Sanfe-Voley-1.jpg?resize=400%2C275&amp;ssl=1 400w\" sizes=\"auto, (max-width: 580px) 100vw, 580px\" \/><figcaption id=\"caption-attachment-88413\" class=\"wp-caption-text\">SON IMPARABLES.- Ella son las integrantes U12 del Club Deportivo San Felipe V\u00f3ley, quienes estar\u00e1n el pr\u00f3ximo 5 y 6 de octubre en la Novena Regi\u00f3n disputando los Play Off en su categor\u00eda.<\/figcaption><\/figure>\n<p>Seguimos con las buenas noticias comunitarias en el \u00e1mbito deportivo, ya que las integrantes de las categor\u00edas U18 y U12 del Club Deportivo San Felipe V\u00f3ley, se trasladar\u00e1n hasta las localidades de Temuco y Pirque respectivamente, para jugar las instancias finales de la Liga Nacional de Menores e instalarse dentro de las mejores del v\u00f3leibol nacional.<br \/>\nEstas estrellas del V\u00f3ley el pr\u00f3ximo 5 y 6 de octubre se trasladar\u00e1n hasta la Novena Regi\u00f3n para disputar los Play Off de la categor\u00eda, donde se dar\u00e1n cita los mejores cuatro equipos nacionales, y definir as\u00ed a los mejores del a\u00f1o. Por su parte, las m\u00e1s peque\u00f1as del club sanfelipe\u00f1o, en la misma fecha viajar\u00e1n hasta la localidad de Pirque, para disputar la \u00faltima fecha de la categor\u00eda U12 y buscar ratificar su primer lugar en la competencia e instalarse as\u00ed en los Play Off final que se disputar\u00e1n en el mes de noviembre.<br \/>\n<strong>Roberto Gonz\u00e1lez Short<\/strong><\/p>\n<figure id=\"attachment_88414\" aria-describedby=\"caption-attachment-88414\" style=\"width: 579px\" class=\"wp-caption alignnone\"><img data-recalc-dims=\"1\" loading=\"lazy\" decoding=\"async\" class=\"size-full wp-image-88414\" src=\"https:\/\/i0.wp.com\/www.eltrabajo.cl\/2017\/wp-content\/uploads\/2018\/09\/Sanfe-Voley-2.jpg?resize=579%2C713\" alt=\"SIGUEN ENTRENANDO.- Son deportistas infantiles con muchas ganas de ganar este campeonato, en Diario El Trabajo les deseamos mucha suerte.\" width=\"579\" height=\"713\" srcset=\"https:\/\/i0.wp.com\/eltrabajo.cl\/portal\/wp-content\/uploads\/2018\/09\/Sanfe-Voley-2.jpg?w=579&amp;ssl=1 579w, https:\/\/i0.wp.com\/eltrabajo.cl\/portal\/wp-content\/uploads\/2018\/09\/Sanfe-Voley-2.jpg?resize=122%2C150&amp;ssl=1 122w, https:\/\/i0.wp.com\/eltrabajo.cl\/portal\/wp-content\/uploads\/2018\/09\/Sanfe-Voley-2.jpg?resize=244%2C300&amp;ssl=1 244w, https:\/\/i0.wp.com\/eltrabajo.cl\/portal\/wp-content\/uploads\/2018\/09\/Sanfe-Voley-2.jpg?resize=400%2C493&amp;ssl=1 400w\" sizes=\"auto, (max-width: 579px) 100vw, 579px\" \/><figcaption id=\"caption-attachment-88414\" class=\"wp-caption-text\">SIGUEN ENTRENANDO.- Son deportistas infantiles con muchas ganas de ganar este campeonato, en Diario El Trabajo les deseamos mucha suerte.<\/figcaption><\/figure>\n","protected":false},"excerpt":{"rendered":"<p>Seguimos con las buenas noticias comunitarias en el \u00e1mbito deportivo, ya que las integrantes de las categor\u00edas U18 y U12 del Club Deportivo San Felipe V\u00f3ley, se trasladar\u00e1n hasta las localidades de&#8230;<\/p>\n","protected":false},"author":1,"featured_media":88413,"comment_status":"closed","ping_status":"open","sticky":false,"template":"","format":"standard","meta":{"advanced_seo_description":"","jetpack_seo_html_title":"","jetpack_seo_noindex":false,"_jetpack_memberships_contains_paid_content":false,"footnotes":""},"categories":[19],"tags":[],"class_list":["post-88412","post","type-post","status-publish","format-standard","has-post-thumbnail","hentry","category-deportes"],"jetpack_featured_media_url":"https:\/\/i0.wp.com\/eltrabajo.cl\/portal\/wp-content\/uploads\/2018\/09\/Sanfe-Voley-1.jpg?fit=580%2C399&ssl=1","jetpack_sharing_enabled":true,"jetpack_likes_enabled":true,"jetpack-related-posts":[],"_links":{"self":[{"href":"https:\/\/eltrabajo.cl\/portal\/wp-json\/wp\/v2\/posts\/88412","targetHints":{"allow":["GET"]}}],"collection":[{"href":"https:\/\/eltrabajo.cl\/portal\/wp-json\/wp\/v2\/posts"}],"about":[{"href":"https:\/\/eltrabajo.cl\/portal\/wp-json\/wp\/v2\/types\/post"}],"author":[{"embeddable":true,"href":"https:\/\/eltrabajo.cl\/portal\/wp-json\/wp\/v2\/users\/1"}],"replies":[{"embeddable":true,"href":"https:\/\/eltrabajo.cl\/portal\/wp-json\/wp\/v2\/comments?post=88412"}],"version-history":[{"count":0,"href":"https:\/\/eltrabajo.cl\/portal\/wp-json\/wp\/v2\/posts\/88412\/revisions"}],"wp:featuredmedia":[{"embeddable":true,"href":"https:\/\/eltrabajo.cl\/portal\/wp-json\/wp\/v2\/media\/88413"}],"wp:attachment":[{"href":"https:\/\/eltrabajo.cl\/portal\/wp-json\/wp\/v2\/media?parent=88412"}],"wp:term":[{"taxonomy":"category","embeddable":true,"href":"https:\/\/eltrabajo.cl\/portal\/wp-json\/wp\/v2\/categories?post=88412"},{"taxonomy":"post_tag","embeddable":true,"href":"https:\/\/eltrabajo.cl\/portal\/wp-json\/wp\/v2\/tags?post=88412"}],"curies":[{"name":"wp","href":"https:\/\/api.w.org\/{rel}","templated":true}]}}