{"id":88423,"date":"2018-09-27T05:00:38","date_gmt":"2018-09-27T09:00:38","guid":{"rendered":"http:\/\/www.eltrabajo.cl\/2017\/?p=88423"},"modified":"2018-09-27T05:00:38","modified_gmt":"2018-09-27T09:00:38","slug":"instalaran-31-camaras-de-vigilancia-para-brindar-mayor-seguridad-a-vecinos","status":"publish","type":"post","link":"https:\/\/eltrabajo.cl\/portal\/instalaran-31-camaras-de-vigilancia-para-brindar-mayor-seguridad-a-vecinos\/","title":{"rendered":"Instalar\u00e1n 31 c\u00e1maras de vigilancia para brindar mayor seguridad a vecinos"},"content":{"rendered":"<figure id=\"attachment_88424\" aria-describedby=\"caption-attachment-88424\" style=\"width: 580px\" class=\"wp-caption alignnone\"><img data-recalc-dims=\"1\" loading=\"lazy\" decoding=\"async\" class=\"size-full wp-image-88424\" src=\"https:\/\/i0.wp.com\/www.eltrabajo.cl\/2017\/wp-content\/uploads\/2018\/09\/Jessica-Leiva.jpg?resize=580%2C399\" alt=\"Jessica Leiva, presidenta de la Junta de Vecinos primera etapa de Villa Las Acacias.\" width=\"580\" height=\"399\" srcset=\"https:\/\/i0.wp.com\/eltrabajo.cl\/portal\/wp-content\/uploads\/2018\/09\/Jessica-Leiva.jpg?w=580&amp;ssl=1 580w, https:\/\/i0.wp.com\/eltrabajo.cl\/portal\/wp-content\/uploads\/2018\/09\/Jessica-Leiva.jpg?resize=200%2C138&amp;ssl=1 200w, https:\/\/i0.wp.com\/eltrabajo.cl\/portal\/wp-content\/uploads\/2018\/09\/Jessica-Leiva.jpg?resize=300%2C206&amp;ssl=1 300w, https:\/\/i0.wp.com\/eltrabajo.cl\/portal\/wp-content\/uploads\/2018\/09\/Jessica-Leiva.jpg?resize=218%2C150&amp;ssl=1 218w, https:\/\/i0.wp.com\/eltrabajo.cl\/portal\/wp-content\/uploads\/2018\/09\/Jessica-Leiva.jpg?resize=400%2C275&amp;ssl=1 400w\" sizes=\"auto, (max-width: 580px) 100vw, 580px\" \/><figcaption id=\"caption-attachment-88424\" class=\"wp-caption-text\">Jessica Leiva, presidenta de la Junta de Vecinos primera etapa de Villa Las Acacias.<\/figcaption><\/figure>\n<p><span style=\"color: #ff0000;\"><strong>Junta de Vecinos Villa Las Acacias I Etapa:<\/strong><\/span><\/p>\n<p>La uni\u00f3n de los vecinos permiti\u00f3 la presentaci\u00f3n de un importante proyecto de seguridad por parte de la directiva de la Junta de Vecinos Primera Etapa de Villa Las Acacias. Se trata de la instalaci\u00f3n de 31 c\u00e1maras de vigilancia en todos los pasajes correspondientes a su sector.<br \/>\nAs\u00ed lo dio a conocer la presidenta de dicha junta de vecinos, Jessica Leiva: \u201cNosotros como junta de vecinos hicimos un proyecto, se lo presentamos a los vecinos, quedaron encantados y empezamos a juntar dinero que en este caso fueron cuatro millones de pesos, y presentamos el proyecto a la municipalidad, nos apoy\u00f3 don Patricio y todos los concejales nos dieron la subvenci\u00f3n de los seis millones que nos faltaban, con eso armamos y nos adjudicamos el proyecto. Ahora ya empezaron a trabajar con el dinero que nosotros ten\u00edamos, ya van siete c\u00e1maras instaladas y nosotros vamos a beneficiar once pasajes, es toda la primera etapa de Villa Las Acacias, con m\u00e1s de seiscientos beneficiados en cuanto a vecinos. Nosotros felices, elegimos delegado de cada pasaje, as\u00ed trabajamos y esos delegados se encargaron de juntar la plata; este es un proyecto de todos los vecinos con apoyo de todos los vecinos\u201d, se\u00f1al\u00f3.<br \/>\n<strong>&#8211; \u00bfCu\u00e1l es el objetivo de la instalaci\u00f3n de las c\u00e1maras?<\/strong><br \/>\n&#8211; Es que hab\u00edan problemas con des\u00f3rdenes, por ejemplo los chiquillos que tenemos nosotros ah\u00ed no hacen tanto problema, m\u00e1s que nada empezaron a llegar de otros lados, empezaron a producirse robos, m\u00e1s que nada un tema de seguridad, y a la vez llegaba gente que vend\u00eda droga y esto es disuasivo. Mira, nosotros somos una junta de vecinos de adultos mayores m\u00e1s que nada, entonces tenemos que proteger a nuestros vecinos, por eso este proyecto.<br \/>\n<strong>&#8211; \u00bfCu\u00e1ndo debieran estar instaladas las c\u00e1maras?<\/strong><br \/>\n&#8211; Nosotros pensamos que a mediados de octubre debiera estar todo listo.<br \/>\n<strong>&#8211; \u00bfCu\u00e1ntas c\u00e1maras son? <\/strong><br \/>\n&#8211; Son 31 c\u00e1maras que ser\u00e1n instaladas, cada tres pasajes alguien va a estar monitoreando esas c\u00e1maras que van a estar grabando las 24 horas del d\u00eda. Eso dura alrededor de 27 d\u00edas que va a estar grabado en el disco duro, despu\u00e9s de eso se borra autom\u00e1ticamente, nosotros con un pendrive vamos a poder sacar la informaci\u00f3n en caso que est\u00e9n robando y cada vecinos va a tener una aplicaci\u00f3n en su tel\u00e9fono que donde quiera que est\u00e9 en Chile, va a poder ver las c\u00e1maras, poder ver su pasaje.<br \/>\nAgreg\u00f3 la dirigente que ir\u00e1n dos c\u00e1maras cruzadas entre s\u00ed por pasaje, mientras que en el estero instalar\u00e1n una en 180 grados y en la plaza una de 360 grados.<br \/>\nAlrededor de 600 vecinos ser\u00e1n los beneficiados con la instalaci\u00f3n de estas c\u00e1maras.<\/p>\n","protected":false},"excerpt":{"rendered":"<p>Junta de Vecinos Villa Las Acacias I Etapa: La uni\u00f3n de los vecinos permiti\u00f3 la presentaci\u00f3n de un importante proyecto de seguridad por parte de la directiva de la Junta de Vecinos&#8230;<\/p>\n","protected":false},"author":1,"featured_media":88424,"comment_status":"closed","ping_status":"open","sticky":false,"template":"","format":"standard","meta":{"advanced_seo_description":"","jetpack_seo_html_title":"","jetpack_seo_noindex":false,"_jetpack_memberships_contains_paid_content":false,"footnotes":""},"categories":[15],"tags":[],"class_list":["post-88423","post","type-post","status-publish","format-standard","has-post-thumbnail","hentry","category-comunidad"],"jetpack_featured_media_url":"https:\/\/i0.wp.com\/eltrabajo.cl\/portal\/wp-content\/uploads\/2018\/09\/Jessica-Leiva.jpg?fit=580%2C399&ssl=1","jetpack_sharing_enabled":true,"jetpack_likes_enabled":true,"jetpack-related-posts":[],"_links":{"self":[{"href":"https:\/\/eltrabajo.cl\/portal\/wp-json\/wp\/v2\/posts\/88423","targetHints":{"allow":["GET"]}}],"collection":[{"href":"https:\/\/eltrabajo.cl\/portal\/wp-json\/wp\/v2\/posts"}],"about":[{"href":"https:\/\/eltrabajo.cl\/portal\/wp-json\/wp\/v2\/types\/post"}],"author":[{"embeddable":true,"href":"https:\/\/eltrabajo.cl\/portal\/wp-json\/wp\/v2\/users\/1"}],"replies":[{"embeddable":true,"href":"https:\/\/eltrabajo.cl\/portal\/wp-json\/wp\/v2\/comments?post=88423"}],"version-history":[{"count":0,"href":"https:\/\/eltrabajo.cl\/portal\/wp-json\/wp\/v2\/posts\/88423\/revisions"}],"wp:featuredmedia":[{"embeddable":true,"href":"https:\/\/eltrabajo.cl\/portal\/wp-json\/wp\/v2\/media\/88424"}],"wp:attachment":[{"href":"https:\/\/eltrabajo.cl\/portal\/wp-json\/wp\/v2\/media?parent=88423"}],"wp:term":[{"taxonomy":"category","embeddable":true,"href":"https:\/\/eltrabajo.cl\/portal\/wp-json\/wp\/v2\/categories?post=88423"},{"taxonomy":"post_tag","embeddable":true,"href":"https:\/\/eltrabajo.cl\/portal\/wp-json\/wp\/v2\/tags?post=88423"}],"curies":[{"name":"wp","href":"https:\/\/api.w.org\/{rel}","templated":true}]}}