{"id":88429,"date":"2018-09-27T05:02:50","date_gmt":"2018-09-27T09:02:50","guid":{"rendered":"http:\/\/www.eltrabajo.cl\/2017\/?p=88429"},"modified":"2018-09-27T05:02:50","modified_gmt":"2018-09-27T09:02:50","slug":"autoridades-conocieron-proyecto-del-barrio-civico-para-el-aconcagua","status":"publish","type":"post","link":"https:\/\/eltrabajo.cl\/portal\/autoridades-conocieron-proyecto-del-barrio-civico-para-el-aconcagua\/","title":{"rendered":"Autoridades conocieron proyecto del Barrio C\u00edvico para el Aconcagua"},"content":{"rendered":"<figure id=\"attachment_88433\" aria-describedby=\"caption-attachment-88433\" style=\"width: 580px\" class=\"wp-caption alignnone\"><img data-recalc-dims=\"1\" loading=\"lazy\" decoding=\"async\" class=\"size-full wp-image-88433\" src=\"https:\/\/i0.wp.com\/www.eltrabajo.cl\/2017\/wp-content\/uploads\/2018\/09\/barrio-civico-reunion.jpg?resize=580%2C316\" alt=\"En dependencias de la Municipalidad se present\u00f3 el primer bosquejo de lo que podr\u00eda ser el futuro Barrio C\u00edvico de San Felipe.\" width=\"580\" height=\"316\" srcset=\"https:\/\/i0.wp.com\/eltrabajo.cl\/portal\/wp-content\/uploads\/2018\/09\/barrio-civico-reunion.jpg?w=580&amp;ssl=1 580w, https:\/\/i0.wp.com\/eltrabajo.cl\/portal\/wp-content\/uploads\/2018\/09\/barrio-civico-reunion.jpg?resize=200%2C109&amp;ssl=1 200w, https:\/\/i0.wp.com\/eltrabajo.cl\/portal\/wp-content\/uploads\/2018\/09\/barrio-civico-reunion.jpg?resize=300%2C163&amp;ssl=1 300w, https:\/\/i0.wp.com\/eltrabajo.cl\/portal\/wp-content\/uploads\/2018\/09\/barrio-civico-reunion.jpg?resize=275%2C150&amp;ssl=1 275w, https:\/\/i0.wp.com\/eltrabajo.cl\/portal\/wp-content\/uploads\/2018\/09\/barrio-civico-reunion.jpg?resize=400%2C218&amp;ssl=1 400w\" sizes=\"auto, (max-width: 580px) 100vw, 580px\" \/><figcaption id=\"caption-attachment-88433\" class=\"wp-caption-text\">En dependencias de la Municipalidad se present\u00f3 el primer bosquejo de lo que podr\u00eda ser el futuro Barrio C\u00edvico de San Felipe.<\/figcaption><\/figure>\n<p><span style=\"color: #ff0000;\"><strong>Gobernador y alcalde se reunieron con empresa a cargo del dise\u00f1o:<\/strong><\/span><\/p>\n<ul>\n<li><strong>Ambas autoridades coincidieron en que es un avance conocer el proyecto para que en el mediano plazo pueda comenzar la futura construcci\u00f3n. \u201cFue una cita productiva, importante, interesante, pero ciertamente hay mucho camino que recorrer\u201d, expres\u00f3 el jefe provincial. <\/strong><\/li>\n<\/ul>\n<p>El pasado 23 de agosto el gobernador Claudio Rodr\u00edguez Cataldo y el alcalde de San Felipe Patricio Freire Canto, arribaron hasta La Moneda para conversar y presentar una serie de proyectos al subsecretario de Desarrollo Regional, Felipe Salaberry. Dentro de las obras que se mostraron fue desarrollar un Centro C\u00edvico para la Provincia, idea que la autoridad nacional destac\u00f3 para mejorar la calidad de vida de los habitantes del Valle del Aconcagua.<br \/>\nEn las oficinas del jefe comunal, la m\u00e1xima autoridad provincial observ\u00f3 la propuesta de dise\u00f1o a cargo de la empresa Afinex, la cual mostr\u00f3 virtualmente un moderno edificio con subterr\u00e1neo, terrazas, estacionamientos en distintos niveles y todos los servicios p\u00fablicos en el mismo lugar, sin trasladarse a otras zonas como ocurre en la actualidad.<br \/>\nPara el gobernador Claudio Rodr\u00edguez, esta primera reuni\u00f3n sirvi\u00f3 para \u201cque la Municipalidad tuviese un acercamiento con una empresa que expuso el dise\u00f1o en un primer bosquejo para ir viendo de qu\u00e9 manera se le puede ir dando forma al futuro Barrio C\u00edvico. Fue una cita productiva, importante, interesante, ciertamente hay mucho camino que recorrer. Vamos a abrir las respectivas consultas a otros estamentos para que tambi\u00e9n se pronuncien, para que en un plazo no muy lejano podamos ir concretando este sue\u00f1o del Barrio C\u00edvico\u201d.<br \/>\nEn tanto el alcalde de San Felipe, Patricio Freire, dijo que \u201cdel terremoto del a\u00f1o 1965 hubo una demolici\u00f3n de los edificios coloniales para construir un barrio c\u00edvico como corresponde. Ese sue\u00f1o sigue latente hasta estos d\u00edas. Lo importante de este futuro barrio c\u00edvico es tener a todas las oficinas p\u00fablicas en un solo sector como son los barrios c\u00edvicos en la actualidad. Vamos a seguir en las tratativas con esta empresa y con otras para que veamos la mejor de las posibilidades para concretar prontamente el sue\u00f1o de Aconcagua y de San Felipe\u201d.<\/p>\n<figure id=\"attachment_88432\" aria-describedby=\"caption-attachment-88432\" style=\"width: 580px\" class=\"wp-caption alignnone\"><img data-recalc-dims=\"1\" loading=\"lazy\" decoding=\"async\" class=\"size-full wp-image-88432\" src=\"https:\/\/i0.wp.com\/www.eltrabajo.cl\/2017\/wp-content\/uploads\/2018\/09\/barrio-civico-5.jpg?resize=580%2C399\" alt=\"El moderno edificio contar\u00eda con subterr\u00e1neo, terrazas, estacionamientos en distintos niveles y todos los servicios p\u00fablicos en un mismo lugar.\" width=\"580\" height=\"399\" srcset=\"https:\/\/i0.wp.com\/eltrabajo.cl\/portal\/wp-content\/uploads\/2018\/09\/barrio-civico-5.jpg?w=580&amp;ssl=1 580w, https:\/\/i0.wp.com\/eltrabajo.cl\/portal\/wp-content\/uploads\/2018\/09\/barrio-civico-5.jpg?resize=200%2C138&amp;ssl=1 200w, https:\/\/i0.wp.com\/eltrabajo.cl\/portal\/wp-content\/uploads\/2018\/09\/barrio-civico-5.jpg?resize=300%2C206&amp;ssl=1 300w, https:\/\/i0.wp.com\/eltrabajo.cl\/portal\/wp-content\/uploads\/2018\/09\/barrio-civico-5.jpg?resize=218%2C150&amp;ssl=1 218w, https:\/\/i0.wp.com\/eltrabajo.cl\/portal\/wp-content\/uploads\/2018\/09\/barrio-civico-5.jpg?resize=400%2C275&amp;ssl=1 400w\" sizes=\"auto, (max-width: 580px) 100vw, 580px\" \/><figcaption id=\"caption-attachment-88432\" class=\"wp-caption-text\">El moderno edificio contar\u00eda con subterr\u00e1neo, terrazas, estacionamientos en distintos niveles y todos los servicios p\u00fablicos en un mismo lugar.<\/figcaption><\/figure>\n<figure id=\"attachment_88431\" aria-describedby=\"caption-attachment-88431\" style=\"width: 580px\" class=\"wp-caption alignnone\"><img data-recalc-dims=\"1\" loading=\"lazy\" decoding=\"async\" class=\"size-full wp-image-88431\" src=\"https:\/\/i0.wp.com\/www.eltrabajo.cl\/2017\/wp-content\/uploads\/2018\/09\/barrio-civico-4.jpg?resize=580%2C399\" alt=\"La vista a\u00e9rea del dise\u00f1o presentado en la ocasi\u00f3n muestra como quedar\u00eda el futuro barrio c\u00edvico, el que ocupar\u00eda el sector de los estacionamientos, detr\u00e1s de la gobernaci\u00f3n.\" width=\"580\" height=\"399\" srcset=\"https:\/\/i0.wp.com\/eltrabajo.cl\/portal\/wp-content\/uploads\/2018\/09\/barrio-civico-4.jpg?w=580&amp;ssl=1 580w, https:\/\/i0.wp.com\/eltrabajo.cl\/portal\/wp-content\/uploads\/2018\/09\/barrio-civico-4.jpg?resize=200%2C138&amp;ssl=1 200w, https:\/\/i0.wp.com\/eltrabajo.cl\/portal\/wp-content\/uploads\/2018\/09\/barrio-civico-4.jpg?resize=300%2C206&amp;ssl=1 300w, https:\/\/i0.wp.com\/eltrabajo.cl\/portal\/wp-content\/uploads\/2018\/09\/barrio-civico-4.jpg?resize=218%2C150&amp;ssl=1 218w, https:\/\/i0.wp.com\/eltrabajo.cl\/portal\/wp-content\/uploads\/2018\/09\/barrio-civico-4.jpg?resize=400%2C275&amp;ssl=1 400w\" sizes=\"auto, (max-width: 580px) 100vw, 580px\" \/><figcaption id=\"caption-attachment-88431\" class=\"wp-caption-text\">La vista a\u00e9rea del dise\u00f1o presentado en la ocasi\u00f3n muestra como quedar\u00eda el futuro barrio c\u00edvico, el que ocupar\u00eda el sector de los estacionamientos, detr\u00e1s de la gobernaci\u00f3n.<\/figcaption><\/figure>\n<figure id=\"attachment_88430\" aria-describedby=\"caption-attachment-88430\" style=\"width: 580px\" class=\"wp-caption alignnone\"><img data-recalc-dims=\"1\" loading=\"lazy\" decoding=\"async\" class=\"size-full wp-image-88430\" src=\"https:\/\/i0.wp.com\/www.eltrabajo.cl\/2017\/wp-content\/uploads\/2018\/09\/barrio-civico-2.jpg?resize=580%2C399\" alt=\"En el papel el proyecto resulta bastante atractivo, trayendo aires de modernidad al centro de la ciudad.\" width=\"580\" height=\"399\" srcset=\"https:\/\/i0.wp.com\/eltrabajo.cl\/portal\/wp-content\/uploads\/2018\/09\/barrio-civico-2.jpg?w=580&amp;ssl=1 580w, https:\/\/i0.wp.com\/eltrabajo.cl\/portal\/wp-content\/uploads\/2018\/09\/barrio-civico-2.jpg?resize=200%2C138&amp;ssl=1 200w, https:\/\/i0.wp.com\/eltrabajo.cl\/portal\/wp-content\/uploads\/2018\/09\/barrio-civico-2.jpg?resize=300%2C206&amp;ssl=1 300w, https:\/\/i0.wp.com\/eltrabajo.cl\/portal\/wp-content\/uploads\/2018\/09\/barrio-civico-2.jpg?resize=218%2C150&amp;ssl=1 218w, https:\/\/i0.wp.com\/eltrabajo.cl\/portal\/wp-content\/uploads\/2018\/09\/barrio-civico-2.jpg?resize=400%2C275&amp;ssl=1 400w\" sizes=\"auto, (max-width: 580px) 100vw, 580px\" \/><figcaption id=\"caption-attachment-88430\" class=\"wp-caption-text\">En el papel el proyecto resulta bastante atractivo, trayendo aires de modernidad al centro de la ciudad.<\/figcaption><\/figure>\n","protected":false},"excerpt":{"rendered":"<p>Gobernador y alcalde se reunieron con empresa a cargo del dise\u00f1o: Ambas autoridades coincidieron en que es un avance conocer el proyecto para que en el mediano plazo pueda comenzar la futura&#8230;<\/p>\n","protected":false},"author":1,"featured_media":88430,"comment_status":"closed","ping_status":"open","sticky":false,"template":"","format":"standard","meta":{"advanced_seo_description":"","jetpack_seo_html_title":"","jetpack_seo_noindex":false,"_jetpack_memberships_contains_paid_content":false,"footnotes":""},"categories":[1],"tags":[],"class_list":["post-88429","post","type-post","status-publish","format-standard","has-post-thumbnail","hentry","category-cronica"],"jetpack_featured_media_url":"https:\/\/i0.wp.com\/eltrabajo.cl\/portal\/wp-content\/uploads\/2018\/09\/barrio-civico-2.jpg?fit=580%2C399&ssl=1","jetpack_sharing_enabled":true,"jetpack_likes_enabled":true,"jetpack-related-posts":[],"_links":{"self":[{"href":"https:\/\/eltrabajo.cl\/portal\/wp-json\/wp\/v2\/posts\/88429","targetHints":{"allow":["GET"]}}],"collection":[{"href":"https:\/\/eltrabajo.cl\/portal\/wp-json\/wp\/v2\/posts"}],"about":[{"href":"https:\/\/eltrabajo.cl\/portal\/wp-json\/wp\/v2\/types\/post"}],"author":[{"embeddable":true,"href":"https:\/\/eltrabajo.cl\/portal\/wp-json\/wp\/v2\/users\/1"}],"replies":[{"embeddable":true,"href":"https:\/\/eltrabajo.cl\/portal\/wp-json\/wp\/v2\/comments?post=88429"}],"version-history":[{"count":0,"href":"https:\/\/eltrabajo.cl\/portal\/wp-json\/wp\/v2\/posts\/88429\/revisions"}],"wp:featuredmedia":[{"embeddable":true,"href":"https:\/\/eltrabajo.cl\/portal\/wp-json\/wp\/v2\/media\/88430"}],"wp:attachment":[{"href":"https:\/\/eltrabajo.cl\/portal\/wp-json\/wp\/v2\/media?parent=88429"}],"wp:term":[{"taxonomy":"category","embeddable":true,"href":"https:\/\/eltrabajo.cl\/portal\/wp-json\/wp\/v2\/categories?post=88429"},{"taxonomy":"post_tag","embeddable":true,"href":"https:\/\/eltrabajo.cl\/portal\/wp-json\/wp\/v2\/tags?post=88429"}],"curies":[{"name":"wp","href":"https:\/\/api.w.org\/{rel}","templated":true}]}}