{"id":88435,"date":"2018-09-27T05:03:18","date_gmt":"2018-09-27T09:03:18","guid":{"rendered":"http:\/\/www.eltrabajo.cl\/2017\/?p=88435"},"modified":"2018-09-27T05:03:18","modified_gmt":"2018-09-27T09:03:18","slug":"copa-de-judo-diario-el-trabajo-se-realizara-este-sabado-13-de-octubre","status":"publish","type":"post","link":"https:\/\/eltrabajo.cl\/portal\/copa-de-judo-diario-el-trabajo-se-realizara-este-sabado-13-de-octubre\/","title":{"rendered":"Copa de Judo Diario El Trabajo se realizar\u00e1 este s\u00e1bado 13 de octubre"},"content":{"rendered":"<figure id=\"attachment_88438\" aria-describedby=\"caption-attachment-88438\" style=\"width: 580px\" class=\"wp-caption alignnone\"><img data-recalc-dims=\"1\" loading=\"lazy\" decoding=\"async\" class=\"size-full wp-image-88438\" src=\"https:\/\/i0.wp.com\/www.eltrabajo.cl\/2017\/wp-content\/uploads\/2018\/09\/Judo1.jpg?resize=580%2C400\" alt=\"LOS ANFITRIONES.- Aqu\u00ed tenemos a parte de la delegaci\u00f3n anfitriona de Judo de nuestra comuna, los judocas del Assunta Pallota.\" width=\"580\" height=\"400\" srcset=\"https:\/\/i0.wp.com\/eltrabajo.cl\/portal\/wp-content\/uploads\/2018\/09\/Judo1.jpg?w=580&amp;ssl=1 580w, https:\/\/i0.wp.com\/eltrabajo.cl\/portal\/wp-content\/uploads\/2018\/09\/Judo1.jpg?resize=200%2C138&amp;ssl=1 200w, https:\/\/i0.wp.com\/eltrabajo.cl\/portal\/wp-content\/uploads\/2018\/09\/Judo1.jpg?resize=300%2C207&amp;ssl=1 300w, https:\/\/i0.wp.com\/eltrabajo.cl\/portal\/wp-content\/uploads\/2018\/09\/Judo1.jpg?resize=218%2C150&amp;ssl=1 218w, https:\/\/i0.wp.com\/eltrabajo.cl\/portal\/wp-content\/uploads\/2018\/09\/Judo1.jpg?resize=400%2C276&amp;ssl=1 400w\" sizes=\"auto, (max-width: 580px) 100vw, 580px\" \/><figcaption id=\"caption-attachment-88438\" class=\"wp-caption-text\">LOS ANFITRIONES.- Aqu\u00ed tenemos a parte de la delegaci\u00f3n anfitriona de Judo de nuestra comuna, los judocas del Assunta Pallota.<\/figcaption><\/figure>\n<p><span style=\"color: #ff0000;\"><strong>Organizada por el Colegio Assunta Pallota, de Curim\u00f3n:<\/strong><\/span><\/p>\n<p>Una monumental cita nacional de Artes Marciales se dar\u00e1 este s\u00e1bado 13 de octubre desde las 8:30 horas en el Gimnasio de Curim\u00f3n, frente a la plaza, cuando se d\u00e9 por inaugurada la primera Copa de Judo Diario El Trabajo 2018, jornada de alto impacto organizada por esta prestigiosa casa estudiantil; copatrocinada por el Municipio sanfelipe\u00f1o y el Club de Judo Jaime Charles.<br \/>\nSe trata de una iniciativa que el equipo acad\u00e9mico del Assunta Pallota quiso compartir con nuestro medio a fin de potenciar tambi\u00e9n uno de los segmentos educativos que en ese colegio se desarrollan. As\u00ed lo indic\u00f3 a nuestro medio la directora Silvia Pedernera: \u00abSer\u00e1 una jornada de mucho combate, los chicos est\u00e1n m\u00e1s que motivados con este campeonato nacional de Judo, por nuestro colegio participar\u00e1n cerca de trece judocas con muchas ganas de aprender, demostrar lo aprendido y quedarse tambi\u00e9n con el t\u00edtulo de la Copa Diario El Trabajo, son muchas las escuelas de Judo las convocadas, ya han confirmado bastantes, lo que nos augura un excelente campeonato\u00bb, dijo a nuestro medio Pedernera.<\/p>\n<p><span style=\"color: #ff0000;\"><strong>A NIVEL NACIONAL<\/strong><\/span><br \/>\nPor su parte el instructor de Judo de este colegio, profesor Jorge Leiva, nos confirm\u00f3 que \u00abser\u00e1n cerca de 400 judocas de todo el pa\u00eds los que llegar\u00e1n a este torneo nacional, Retenci\u00f3n y Palanca ser\u00e1n algunas de las v\u00edas que definir\u00e1n al ganador de cada combate. Entre las Escuelas de Judo que ya confirmaron est\u00e1n las escuelas de la PDI, Escuela Naval de Paihuano; Infanter\u00eda de Marina, Shiro Judo; Judo Combate Lampa, y much\u00edsimas m\u00e1s de todo el pa\u00eds\u00bb, dijo Leiva.<br \/>\nSeg\u00fan explic\u00f3 este profesional de las Artes Marciales, \u00abal momento del pesaje el judoca deber\u00e1 presentar su carn\u00e9 de identidad vigente; en el pesaje oficial el deportista puede subir una sola vez a la balanza; el judoca que no logre el peso de su categor\u00eda en el pesaje oficial, quedar\u00e1 fuera del torneo; el pesaje para los varones ser\u00e1 en slip y para las damas en malla o similar, y que en las salas de pesajes s\u00f3lo se permitir\u00e1 el ingreso de los competidores inscritos\u00bb, indic\u00f3 el instructor.<br \/>\nSeg\u00fan las bases de este Torneo, el nivel competitivo y reglamentario es de primer nivel, ya que el c\u00f3digo de comportamiento de los t\u00e9cnicos ser\u00e1 observado estrictamente; a los t\u00e9cnicos no les est\u00e1 permitido dar indicaciones a los competidores mientras est\u00e9n combatiendo; s\u00f3lo durante las pausas del Mate se les permitir\u00e1 a los t\u00e9cnicos dar indicaciones a sus atletas, pero despu\u00e9s de la pausa y continuaci\u00f3n<\/p>\n<figure id=\"attachment_88436\" aria-describedby=\"caption-attachment-88436\" style=\"width: 580px\" class=\"wp-caption alignnone\"><img data-recalc-dims=\"1\" loading=\"lazy\" decoding=\"async\" class=\"size-full wp-image-88436\" src=\"https:\/\/i0.wp.com\/www.eltrabajo.cl\/2017\/wp-content\/uploads\/2018\/09\/Judo_Jorge-Leiva.jpg?resize=580%2C504\" alt=\"Instructor de Judo de este colegio, profesor Jorge Leiva.\" width=\"580\" height=\"504\" srcset=\"https:\/\/i0.wp.com\/eltrabajo.cl\/portal\/wp-content\/uploads\/2018\/09\/Judo_Jorge-Leiva.jpg?w=580&amp;ssl=1 580w, https:\/\/i0.wp.com\/eltrabajo.cl\/portal\/wp-content\/uploads\/2018\/09\/Judo_Jorge-Leiva.jpg?resize=173%2C150&amp;ssl=1 173w, https:\/\/i0.wp.com\/eltrabajo.cl\/portal\/wp-content\/uploads\/2018\/09\/Judo_Jorge-Leiva.jpg?resize=300%2C261&amp;ssl=1 300w, https:\/\/i0.wp.com\/eltrabajo.cl\/portal\/wp-content\/uploads\/2018\/09\/Judo_Jorge-Leiva.jpg?resize=400%2C348&amp;ssl=1 400w\" sizes=\"auto, (max-width: 580px) 100vw, 580px\" \/><figcaption id=\"caption-attachment-88436\" class=\"wp-caption-text\">Instructor de Judo de este colegio, profesor Jorge Leiva.<\/figcaption><\/figure>\n<figure id=\"attachment_88437\" aria-describedby=\"caption-attachment-88437\" style=\"width: 580px\" class=\"wp-caption alignnone\"><img data-recalc-dims=\"1\" loading=\"lazy\" decoding=\"async\" class=\"size-full wp-image-88437\" src=\"https:\/\/i0.wp.com\/www.eltrabajo.cl\/2017\/wp-content\/uploads\/2018\/09\/Judo_Silvia-Pedernera.jpg?resize=580%2C534\" alt=\"Directora del Assunta Pallota, Silvia Pedernera.\" width=\"580\" height=\"534\" srcset=\"https:\/\/i0.wp.com\/eltrabajo.cl\/portal\/wp-content\/uploads\/2018\/09\/Judo_Silvia-Pedernera.jpg?w=580&amp;ssl=1 580w, https:\/\/i0.wp.com\/eltrabajo.cl\/portal\/wp-content\/uploads\/2018\/09\/Judo_Silvia-Pedernera.jpg?resize=163%2C150&amp;ssl=1 163w, https:\/\/i0.wp.com\/eltrabajo.cl\/portal\/wp-content\/uploads\/2018\/09\/Judo_Silvia-Pedernera.jpg?resize=300%2C276&amp;ssl=1 300w, https:\/\/i0.wp.com\/eltrabajo.cl\/portal\/wp-content\/uploads\/2018\/09\/Judo_Silvia-Pedernera.jpg?resize=400%2C368&amp;ssl=1 400w\" sizes=\"auto, (max-width: 580px) 100vw, 580px\" \/><figcaption id=\"caption-attachment-88437\" class=\"wp-caption-text\">Directora del Assunta Pallota, Silvia Pedernera.<\/figcaption><\/figure>\n<figure id=\"attachment_88439\" aria-describedby=\"caption-attachment-88439\" style=\"width: 580px\" class=\"wp-caption alignnone\"><img data-recalc-dims=\"1\" loading=\"lazy\" decoding=\"async\" class=\"size-full wp-image-88439\" src=\"https:\/\/i0.wp.com\/www.eltrabajo.cl\/2017\/wp-content\/uploads\/2018\/09\/Judo3.jpg?resize=580%2C744\" alt=\"EXPERTOS AL FRENTE.- Este experimentado profesor de Artes marciales, V\u00edctor Cartes, muestra a las c\u00e1maras de Diario El Trabajo algunas t\u00e9cnicas de Judo.\" width=\"580\" height=\"744\" srcset=\"https:\/\/i0.wp.com\/eltrabajo.cl\/portal\/wp-content\/uploads\/2018\/09\/Judo3.jpg?w=580&amp;ssl=1 580w, https:\/\/i0.wp.com\/eltrabajo.cl\/portal\/wp-content\/uploads\/2018\/09\/Judo3.jpg?resize=117%2C150&amp;ssl=1 117w, https:\/\/i0.wp.com\/eltrabajo.cl\/portal\/wp-content\/uploads\/2018\/09\/Judo3.jpg?resize=234%2C300&amp;ssl=1 234w, https:\/\/i0.wp.com\/eltrabajo.cl\/portal\/wp-content\/uploads\/2018\/09\/Judo3.jpg?resize=400%2C513&amp;ssl=1 400w\" sizes=\"auto, (max-width: 580px) 100vw, 580px\" \/><figcaption id=\"caption-attachment-88439\" class=\"wp-caption-text\">EXPERTOS AL FRENTE.- Este experimentado profesor de Artes marciales, V\u00edctor Cartes, muestra a las c\u00e1maras de Diario El Trabajo algunas t\u00e9cnicas de Judo.<\/figcaption><\/figure>\n<p>del combate, los t\u00e9cnicos deben guardar silencio nuevamente, y s\u00f3lo podr\u00e1n dirigir desde la silla dispuesta para ello.<br \/>\nSobre el Judo que se practica en Chile podemos indicar que en nuestro pa\u00eds existen oficialmente 90 clubes registrados; 1.811 judocas habilitados; 114 entrenadores certificados y 56 \u00e1rbitros acreditados.<\/p>\n<p><span style=\"color: #ff0000;\"><strong>JUDO PARA TODOS<\/strong><\/span><br \/>\nRecordar a nuestros lectores que los entrenamientos generales en el Colegio Assunta Pallota son los viernes de las 14:30 a las 17:00 horas, y para los que ya est\u00e1n compitiendo, de lunes a jueves desde las 16:30 a las 18:30 horas. La Escuela de Judo es dependiente de la Escuela Assunta Pallota, y de manera gratuita est\u00e1n invitados todos los aconcag\u00fcinos mayores de seis a\u00f1os. Los interesados en aprender o mejorar en Judo, pueden llamar al 342531011.<br \/>\n<strong>Roberto Gonz\u00e1lez Short<\/strong><\/p>\n<p>&nbsp;<\/p>\n","protected":false},"excerpt":{"rendered":"<p>Organizada por el Colegio Assunta Pallota, de Curim\u00f3n: Una monumental cita nacional de Artes Marciales se dar\u00e1 este s\u00e1bado 13 de octubre desde las 8:30 horas en el Gimnasio de Curim\u00f3n, frente&#8230;<\/p>\n","protected":false},"author":1,"featured_media":88438,"comment_status":"closed","ping_status":"open","sticky":false,"template":"","format":"standard","meta":{"advanced_seo_description":"","jetpack_seo_html_title":"","jetpack_seo_noindex":false,"_jetpack_memberships_contains_paid_content":false,"footnotes":""},"categories":[15],"tags":[],"class_list":["post-88435","post","type-post","status-publish","format-standard","has-post-thumbnail","hentry","category-comunidad"],"jetpack_featured_media_url":"https:\/\/i0.wp.com\/eltrabajo.cl\/portal\/wp-content\/uploads\/2018\/09\/Judo1.jpg?fit=580%2C400&ssl=1","jetpack_sharing_enabled":true,"jetpack_likes_enabled":true,"jetpack-related-posts":[],"_links":{"self":[{"href":"https:\/\/eltrabajo.cl\/portal\/wp-json\/wp\/v2\/posts\/88435","targetHints":{"allow":["GET"]}}],"collection":[{"href":"https:\/\/eltrabajo.cl\/portal\/wp-json\/wp\/v2\/posts"}],"about":[{"href":"https:\/\/eltrabajo.cl\/portal\/wp-json\/wp\/v2\/types\/post"}],"author":[{"embeddable":true,"href":"https:\/\/eltrabajo.cl\/portal\/wp-json\/wp\/v2\/users\/1"}],"replies":[{"embeddable":true,"href":"https:\/\/eltrabajo.cl\/portal\/wp-json\/wp\/v2\/comments?post=88435"}],"version-history":[{"count":0,"href":"https:\/\/eltrabajo.cl\/portal\/wp-json\/wp\/v2\/posts\/88435\/revisions"}],"wp:featuredmedia":[{"embeddable":true,"href":"https:\/\/eltrabajo.cl\/portal\/wp-json\/wp\/v2\/media\/88438"}],"wp:attachment":[{"href":"https:\/\/eltrabajo.cl\/portal\/wp-json\/wp\/v2\/media?parent=88435"}],"wp:term":[{"taxonomy":"category","embeddable":true,"href":"https:\/\/eltrabajo.cl\/portal\/wp-json\/wp\/v2\/categories?post=88435"},{"taxonomy":"post_tag","embeddable":true,"href":"https:\/\/eltrabajo.cl\/portal\/wp-json\/wp\/v2\/tags?post=88435"}],"curies":[{"name":"wp","href":"https:\/\/api.w.org\/{rel}","templated":true}]}}