{"id":88445,"date":"2018-09-28T05:00:19","date_gmt":"2018-09-28T09:00:19","guid":{"rendered":"http:\/\/www.eltrabajo.cl\/2017\/?p=88445"},"modified":"2018-09-28T05:00:19","modified_gmt":"2018-09-28T09:00:19","slug":"amplian-plazo-para-postular-al-nuevo-sistema-de-admision-escolar","status":"publish","type":"post","link":"https:\/\/eltrabajo.cl\/portal\/amplian-plazo-para-postular-al-nuevo-sistema-de-admision-escolar\/","title":{"rendered":"Ampl\u00edan plazo para postular al nuevo sistema de admisi\u00f3n escolar"},"content":{"rendered":"<figure id=\"attachment_88446\" aria-describedby=\"caption-attachment-88446\" style=\"width: 580px\" class=\"wp-caption alignnone\"><img data-recalc-dims=\"1\" loading=\"lazy\" decoding=\"async\" class=\"size-full wp-image-88446\" src=\"https:\/\/i0.wp.com\/www.eltrabajo.cl\/2017\/wp-content\/uploads\/2018\/09\/Ricardo-Castro.jpg?resize=580%2C399\" alt=\"Ricardo Castro Pinto, director bi-provincial de Educaci\u00f3n San Felipe Los Andes.\" width=\"580\" height=\"399\" srcset=\"https:\/\/i0.wp.com\/eltrabajo.cl\/portal\/wp-content\/uploads\/2018\/09\/Ricardo-Castro.jpg?w=580&amp;ssl=1 580w, https:\/\/i0.wp.com\/eltrabajo.cl\/portal\/wp-content\/uploads\/2018\/09\/Ricardo-Castro.jpg?resize=200%2C138&amp;ssl=1 200w, https:\/\/i0.wp.com\/eltrabajo.cl\/portal\/wp-content\/uploads\/2018\/09\/Ricardo-Castro.jpg?resize=300%2C206&amp;ssl=1 300w, https:\/\/i0.wp.com\/eltrabajo.cl\/portal\/wp-content\/uploads\/2018\/09\/Ricardo-Castro.jpg?resize=218%2C150&amp;ssl=1 218w, https:\/\/i0.wp.com\/eltrabajo.cl\/portal\/wp-content\/uploads\/2018\/09\/Ricardo-Castro.jpg?resize=400%2C275&amp;ssl=1 400w\" sizes=\"auto, (max-width: 580px) 100vw, 580px\" \/><figcaption id=\"caption-attachment-88446\" class=\"wp-caption-text\">Ricardo Castro Pinto, director bi-provincial de Educaci\u00f3n San Felipe Los Andes.<\/figcaption><\/figure>\n<p>El Ministerio de Educaci\u00f3n ampli\u00f3 hasta el lunes 01 de octubre el plazo para postular al nuevo Sistema de Admisi\u00f3n Escolar (SAE), as\u00ed lo dio a conocer el director bi-provincial de Educaci\u00f3n San Felipe Los Andes, profesor Ricardo Castro Pinto, quien adem\u00e1s inform\u00f3 sobre los d\u00edas y horarios que atender\u00e1n a los apoderados que todav\u00eda no han postulado por medio de la plataforma.<br \/>\n\u00abEl plazo final que hab\u00eda fijado el Ministerio de Educaci\u00f3n era este 28 de septiembre, pero ese plazo se ampli\u00f3 hasta el 01 de Octubre hasta las 18:00 horas, para que los padres y apoderados puedan postular a sus hijos a los colegios municipalizados y particulares subvencionados\u00bb, dijo el director bi provincial de Educaci\u00f3n.<br \/>\nA nivel regional se est\u00e1 en un 80% de los alumnos que debiesen postular por medio de la plataforma, mientras que en el Valle del Aconcagua se ha alcanzado un 86%, por lo tanto todav\u00eda queda un margen de alumnas y alumnos que deben ocupar el sistema para postular.<br \/>\nEn cuanto a las acciones que se han hecho para poder realizar estas postulaciones, \u00abse les ha mandado a los establecimientos en general los Rut de ni\u00f1os que deben ocupar el sistema y a\u00fan no lo han hecho, para que ellos puedan revisar y chequear qu\u00e9 pasa con cada uno de ellos, y adem\u00e1s nosotros como la plataforma va a seguir habilitada, vamos a tener como una atenci\u00f3n especial ac\u00e1 en la direcci\u00f3n provincial los d\u00edas s\u00e1bado y domingo, por eso hacemos un llamado a que se acerquen ma\u00f1ana (hoy) viernes estamos con horario continuo\u00bb, se\u00f1al\u00f3 Castro.<br \/>\nLos horarios son los siguientes: s\u00e1bado de 09:00 a 13:00 horas, el d\u00eda domingo de 09:00 a 12:00 horas.<\/p>\n<p><span style=\"color: #ff0000;\"><strong>PARA POSTULAR<\/strong><\/span><br \/>\nDebe contar con c\u00e9dulas de identidad vigentes de apoderado y\/o apoderada y la del postulante.<br \/>\nLas personas extranjeras que no cuenten con RUN nacional (el apoderado y\/o el alumno) deber\u00e1n acercarse a alguna Oficina Ayuda Mineduc para que los habiliten como usuario.<br \/>\nNo debe postular si no va a cambiar a su hijo de establecimiento. Quienes contin\u00faen en su colegio, se deben matricular como lo hacen habitualmente.<br \/>\nPuede postular a todos los establecimientos que desee. Se recomienda elegir al menos cinco.<br \/>\nNo importa la fecha ni la hora en que se realice la postulaci\u00f3n, ya que todas tienen la misma oportunidad. Los datos de los postulantes no ingresan con fecha al procedimiento matem\u00e1tico.<br \/>\nMineduc habilit\u00f3 m\u00e1s de 4 mil puntos de postulaci\u00f3n en todas las comunas del pa\u00eds. Si no cuenta con computador o internet, o tiene consultas respecto del proceso de postulaci\u00f3n, en esos puntos contar\u00e1 con infraestructura y personal que lo ayudar\u00e1.<br \/>\nSi tiene consultas sobre el proceso, tambi\u00e9n puede acercarse a cualquier oficina de Ayuda Mineduc o llamar al tel\u00e9fono 600 600 26 26.<\/p>\n<p><span style=\"color: #ff0000;\"><strong>\u00bfQUI\u00c9NES DEBEN POSTULAR?<\/strong><\/span><br \/>\nEn la regi\u00f3n de Valpara\u00edso tendr\u00e1n que postular las familias con hijos que deban asistir el 2018 s\u00f3lo a los niveles de prek\u00ednder, k\u00ednder, 1\u00ba b\u00e1sico, 7\u00ba b\u00e1sico, 1\u00ba medio, y, que, adem\u00e1s:<br \/>\n&#8211; Deseen que ingresen por primera vez a un colegio Municipal o Particular Subvencionado.<br \/>\n&#8211; Deseen cambiarlos a otro establecimiento subvencionado por el Estado.<br \/>\n&#8211; Deseen que vuelva a ingresar al sistema educativo.<br \/>\n&#8211; Se encuentren estudiando en un establecimiento que no posea ense\u00f1anza media.<\/p>\n<p><span style=\"color: #ff0000;\"><strong>\u00bfQUI\u00c9NES NO DEBEN POSTULAR?<\/strong><\/span><br \/>\nCualquiera sea la regi\u00f3n a la que se postule, las familias NO DEBEN participar del Sistema de Admisi\u00f3n Escolar si:<br \/>\n&#8211; Desean que sus hijos contin\u00faen en el mismo establecimiento en el que se encuentran matriculados.<br \/>\n&#8211; Desean cambiar a sus hijos a un colegio Particular Pagado.<br \/>\n&#8211; Desean matricular a sus hijos en una Escuela de P\u00e1rvulos, en un jard\u00edn infantil Junji o Integra, en un establecimiento de Educaci\u00f3n Especial o en un establecimiento de Educaci\u00f3n de Adultos.<br \/>\nwww.sistemadeadmisionescolar.cl, Direcci\u00f3n Provincial de Educaci\u00f3n de San Felipe est\u00e1 ubicada en calle Toro Mazote entre las calles Merced y Prat costado oriente.<\/p>\n","protected":false},"excerpt":{"rendered":"<p>El Ministerio de Educaci\u00f3n ampli\u00f3 hasta el lunes 01 de octubre el plazo para postular al nuevo Sistema de Admisi\u00f3n Escolar (SAE), as\u00ed lo dio a conocer el director bi-provincial de Educaci\u00f3n&#8230;<\/p>\n","protected":false},"author":1,"featured_media":88446,"comment_status":"closed","ping_status":"open","sticky":false,"template":"","format":"standard","meta":{"advanced_seo_description":"","jetpack_seo_html_title":"","jetpack_seo_noindex":false,"_jetpack_memberships_contains_paid_content":false,"footnotes":""},"categories":[1],"tags":[],"class_list":["post-88445","post","type-post","status-publish","format-standard","has-post-thumbnail","hentry","category-cronica"],"jetpack_featured_media_url":"https:\/\/i0.wp.com\/eltrabajo.cl\/portal\/wp-content\/uploads\/2018\/09\/Ricardo-Castro.jpg?fit=580%2C399&ssl=1","jetpack_sharing_enabled":true,"jetpack_likes_enabled":true,"jetpack-related-posts":[],"_links":{"self":[{"href":"https:\/\/eltrabajo.cl\/portal\/wp-json\/wp\/v2\/posts\/88445","targetHints":{"allow":["GET"]}}],"collection":[{"href":"https:\/\/eltrabajo.cl\/portal\/wp-json\/wp\/v2\/posts"}],"about":[{"href":"https:\/\/eltrabajo.cl\/portal\/wp-json\/wp\/v2\/types\/post"}],"author":[{"embeddable":true,"href":"https:\/\/eltrabajo.cl\/portal\/wp-json\/wp\/v2\/users\/1"}],"replies":[{"embeddable":true,"href":"https:\/\/eltrabajo.cl\/portal\/wp-json\/wp\/v2\/comments?post=88445"}],"version-history":[{"count":0,"href":"https:\/\/eltrabajo.cl\/portal\/wp-json\/wp\/v2\/posts\/88445\/revisions"}],"wp:featuredmedia":[{"embeddable":true,"href":"https:\/\/eltrabajo.cl\/portal\/wp-json\/wp\/v2\/media\/88446"}],"wp:attachment":[{"href":"https:\/\/eltrabajo.cl\/portal\/wp-json\/wp\/v2\/media?parent=88445"}],"wp:term":[{"taxonomy":"category","embeddable":true,"href":"https:\/\/eltrabajo.cl\/portal\/wp-json\/wp\/v2\/categories?post=88445"},{"taxonomy":"post_tag","embeddable":true,"href":"https:\/\/eltrabajo.cl\/portal\/wp-json\/wp\/v2\/tags?post=88445"}],"curies":[{"name":"wp","href":"https:\/\/api.w.org\/{rel}","templated":true}]}}