{"id":88448,"date":"2018-09-28T05:01:50","date_gmt":"2018-09-28T09:01:50","guid":{"rendered":"http:\/\/www.eltrabajo.cl\/2017\/?p=88448"},"modified":"2018-09-28T05:01:50","modified_gmt":"2018-09-28T09:01:50","slug":"ninos-premiados-en-ceremonia-primeros-lectores-1o-y-2o-basico-2018","status":"publish","type":"post","link":"https:\/\/eltrabajo.cl\/portal\/ninos-premiados-en-ceremonia-primeros-lectores-1o-y-2o-basico-2018\/","title":{"rendered":"Ni\u00f1os premiados en ceremonia \u2018Primeros Lectores 1\u00ba y 2\u00ba B\u00e1sico 2018\u2019"},"content":{"rendered":"<figure id=\"attachment_88449\" aria-describedby=\"caption-attachment-88449\" style=\"width: 579px\" class=\"wp-caption alignnone\"><img data-recalc-dims=\"1\" loading=\"lazy\" decoding=\"async\" class=\"size-full wp-image-88449\" src=\"https:\/\/i0.wp.com\/www.eltrabajo.cl\/2017\/wp-content\/uploads\/2018\/09\/Lectores1.jpg?resize=579%2C379\" alt=\"LECTORES PREMIADOS.- Estos ni\u00f1os lectores hicieron su sesi\u00f3n demostrativa frente a todo el profesorado y autoridades de la comuna, sin errar en sus ejercicios de lectura.\" width=\"579\" height=\"379\" srcset=\"https:\/\/i0.wp.com\/eltrabajo.cl\/portal\/wp-content\/uploads\/2018\/09\/Lectores1.jpg?w=579&amp;ssl=1 579w, https:\/\/i0.wp.com\/eltrabajo.cl\/portal\/wp-content\/uploads\/2018\/09\/Lectores1.jpg?resize=200%2C131&amp;ssl=1 200w, https:\/\/i0.wp.com\/eltrabajo.cl\/portal\/wp-content\/uploads\/2018\/09\/Lectores1.jpg?resize=300%2C196&amp;ssl=1 300w, https:\/\/i0.wp.com\/eltrabajo.cl\/portal\/wp-content\/uploads\/2018\/09\/Lectores1.jpg?resize=229%2C150&amp;ssl=1 229w, https:\/\/i0.wp.com\/eltrabajo.cl\/portal\/wp-content\/uploads\/2018\/09\/Lectores1.jpg?resize=400%2C262&amp;ssl=1 400w\" sizes=\"auto, (max-width: 579px) 100vw, 579px\" \/><figcaption id=\"caption-attachment-88449\" class=\"wp-caption-text\">LECTORES PREMIADOS.- Estos ni\u00f1os lectores hicieron su sesi\u00f3n demostrativa frente a todo el profesorado y autoridades de la comuna, sin errar en sus ejercicios de lectura.<\/figcaption><\/figure>\n<p><span style=\"color: #ff0000;\"><strong>Leyeron de corrido y armaron palabras por s\u00edlaba:<\/strong><\/span><\/p>\n<p>Fue durante la ma\u00f1ana de ayer jueves cuando se desarroll\u00f3 la ceremonia de Primeros Lectores 1\u00ba y 2\u00ba B\u00e1sico 2018, en la Escuela San Rafael, instancia en la que la profesora jefa de UTP, Romina Verdejo, present\u00f3 los avances que sus estudiantes han obtenido en este segundo semestre en materia de lectura y comprensi\u00f3n lectora. A la ceremonia llegaron funcionarios de la Daem, encabezados tambi\u00e9n por el alcalde Patricio Freire.<br \/>\n\u00abFue un lindo proceso de aprendizaje el que hemos desarrollado con estos ni\u00f1os, tuvimos que ir formando estrategias diversas para que todos los alumnos pudieran avanzar en este proceso lector adquirido, estoy muy contenta porque a la fecha ellos ya est\u00e1n leyendo, este fue y sigue siendo un proceso en el que con los padres y todos los profesores logramos avanzar con nuestro plan anual, fueron jornadas de muchos recreos en los que hac\u00edamos competencias de lectura\u00bb, coment\u00f3 Verdejo a Diario El Trabajo.<\/p>\n<p><span style=\"color: #ff0000;\"><strong>SISTEMA MATTE<\/strong><\/span><br \/>\nLos avances obtenidos en esta escuela en materia lectora se debe tambi\u00e9n a que los profesores est\u00e1n implementando el Sistema Matte o \u2018Silabario del Ojo\u2019 (tambi\u00e9n llamado Silabario Matte), que fue creado por el educador chileno Claudio Matte en 1884 y publicado en la ciudad de Leipzig en Alemania. El m\u00e9todo did\u00e1ctico que utiliza es fon\u00e9tico-anal\u00edtico-sint\u00e9tico.<br \/>\nNuestro medio habl\u00f3 con el director de la escuela, Carlos Jara, quien asegur\u00f3 que \u00abaqu\u00ed estamos demostrando fehacientemente que estamos cumpliendo con las metas del plan anual, les entregamos unas medallas a los ni\u00f1os por haber aprendido a leer, fue un trabajo arduo, pero lo importante que ahora, ya en septiembre, nuestros ni\u00f1os est\u00e1n leyendo gracias a su esfuerzo personal, de los profesores y apoderados\u00bb, dijo Jara.<br \/>\nPor su parte el alcalde a Patricio Freire recalc\u00f3 que \u00abhoy d\u00eda vemos c\u00f3mo estos peque\u00f1itos ya leen en primero b\u00e1sico, entonces cuando vemos los avances en educaci\u00f3n p\u00fablica, estamos avanzando a pasos agigantados, y eso nos tiene muy contentos y empe\u00f1ados en seguir trabajando en esta l\u00ednea\u00bb, dijo Freire.<br \/>\n<strong>Roberto Gonz\u00e1lez Short<\/strong><\/p>\n<figure id=\"attachment_88450\" aria-describedby=\"caption-attachment-88450\" style=\"width: 580px\" class=\"wp-caption alignnone\"><img data-recalc-dims=\"1\" loading=\"lazy\" decoding=\"async\" class=\"size-full wp-image-88450\" src=\"https:\/\/i0.wp.com\/www.eltrabajo.cl\/2017\/wp-content\/uploads\/2018\/09\/Lectores3.jpg?resize=580%2C400\" alt=\"SISTEMA MATTE.- Uno a uno los estudiantes de primero y segundo b\u00e1sico leyeron las estrofas y relatos que les asignaron sus profesores.\" width=\"580\" height=\"400\" srcset=\"https:\/\/i0.wp.com\/eltrabajo.cl\/portal\/wp-content\/uploads\/2018\/09\/Lectores3.jpg?w=580&amp;ssl=1 580w, https:\/\/i0.wp.com\/eltrabajo.cl\/portal\/wp-content\/uploads\/2018\/09\/Lectores3.jpg?resize=200%2C138&amp;ssl=1 200w, https:\/\/i0.wp.com\/eltrabajo.cl\/portal\/wp-content\/uploads\/2018\/09\/Lectores3.jpg?resize=300%2C207&amp;ssl=1 300w, https:\/\/i0.wp.com\/eltrabajo.cl\/portal\/wp-content\/uploads\/2018\/09\/Lectores3.jpg?resize=218%2C150&amp;ssl=1 218w, https:\/\/i0.wp.com\/eltrabajo.cl\/portal\/wp-content\/uploads\/2018\/09\/Lectores3.jpg?resize=400%2C276&amp;ssl=1 400w\" sizes=\"auto, (max-width: 580px) 100vw, 580px\" \/><figcaption id=\"caption-attachment-88450\" class=\"wp-caption-text\">SISTEMA MATTE.- Uno a uno los estudiantes de primero y segundo b\u00e1sico leyeron las estrofas y relatos que les asignaron sus profesores.<\/figcaption><\/figure>\n","protected":false},"excerpt":{"rendered":"<p>Leyeron de corrido y armaron palabras por s\u00edlaba: Fue durante la ma\u00f1ana de ayer jueves cuando se desarroll\u00f3 la ceremonia de Primeros Lectores 1\u00ba y 2\u00ba B\u00e1sico 2018, en la Escuela San&#8230;<\/p>\n","protected":false},"author":1,"featured_media":88450,"comment_status":"closed","ping_status":"open","sticky":false,"template":"","format":"standard","meta":{"advanced_seo_description":"","jetpack_seo_html_title":"","jetpack_seo_noindex":false,"_jetpack_memberships_contains_paid_content":false,"footnotes":""},"categories":[15],"tags":[],"class_list":["post-88448","post","type-post","status-publish","format-standard","has-post-thumbnail","hentry","category-comunidad"],"jetpack_featured_media_url":"https:\/\/i0.wp.com\/eltrabajo.cl\/portal\/wp-content\/uploads\/2018\/09\/Lectores3.jpg?fit=580%2C400&ssl=1","jetpack_sharing_enabled":true,"jetpack_likes_enabled":true,"jetpack-related-posts":[],"_links":{"self":[{"href":"https:\/\/eltrabajo.cl\/portal\/wp-json\/wp\/v2\/posts\/88448","targetHints":{"allow":["GET"]}}],"collection":[{"href":"https:\/\/eltrabajo.cl\/portal\/wp-json\/wp\/v2\/posts"}],"about":[{"href":"https:\/\/eltrabajo.cl\/portal\/wp-json\/wp\/v2\/types\/post"}],"author":[{"embeddable":true,"href":"https:\/\/eltrabajo.cl\/portal\/wp-json\/wp\/v2\/users\/1"}],"replies":[{"embeddable":true,"href":"https:\/\/eltrabajo.cl\/portal\/wp-json\/wp\/v2\/comments?post=88448"}],"version-history":[{"count":0,"href":"https:\/\/eltrabajo.cl\/portal\/wp-json\/wp\/v2\/posts\/88448\/revisions"}],"wp:featuredmedia":[{"embeddable":true,"href":"https:\/\/eltrabajo.cl\/portal\/wp-json\/wp\/v2\/media\/88450"}],"wp:attachment":[{"href":"https:\/\/eltrabajo.cl\/portal\/wp-json\/wp\/v2\/media?parent=88448"}],"wp:term":[{"taxonomy":"category","embeddable":true,"href":"https:\/\/eltrabajo.cl\/portal\/wp-json\/wp\/v2\/categories?post=88448"},{"taxonomy":"post_tag","embeddable":true,"href":"https:\/\/eltrabajo.cl\/portal\/wp-json\/wp\/v2\/tags?post=88448"}],"curies":[{"name":"wp","href":"https:\/\/api.w.org\/{rel}","templated":true}]}}