{"id":88452,"date":"2018-09-28T05:02:32","date_gmt":"2018-09-28T09:02:32","guid":{"rendered":"http:\/\/www.eltrabajo.cl\/2017\/?p=88452"},"modified":"2018-09-28T05:02:32","modified_gmt":"2018-09-28T09:02:32","slug":"vecinos-de-bucalemu-ganan-primera-vidrioton-realizada-en-san-felipe","status":"publish","type":"post","link":"https:\/\/eltrabajo.cl\/portal\/vecinos-de-bucalemu-ganan-primera-vidrioton-realizada-en-san-felipe\/","title":{"rendered":"Vecinos de Bucalemu ganan primera \u2018Vidriot\u00f3n\u2019 realizada en San Felipe"},"content":{"rendered":"<figure id=\"attachment_88453\" aria-describedby=\"caption-attachment-88453\" style=\"width: 578px\" class=\"wp-caption alignnone\"><img data-recalc-dims=\"1\" loading=\"lazy\" decoding=\"async\" class=\"size-full wp-image-88453\" src=\"https:\/\/i0.wp.com\/www.eltrabajo.cl\/2017\/wp-content\/uploads\/2018\/09\/Vidrioton.jpg?resize=578%2C319\" alt=\"Los felices ganadores de la primera \u2018Vidriot\u00f3n\u2019 realizada en San Felipe fueron la Junta de Vecinos de Bucalemu (primer lugar), la Villa Nueva Oriente (segundo) y Villa Bernardo Cruz (tercero), quienes reunieron m\u00e1s de 16 toneladas de vidrio.\" width=\"578\" height=\"319\" srcset=\"https:\/\/i0.wp.com\/eltrabajo.cl\/portal\/wp-content\/uploads\/2018\/09\/Vidrioton.jpg?w=578&amp;ssl=1 578w, https:\/\/i0.wp.com\/eltrabajo.cl\/portal\/wp-content\/uploads\/2018\/09\/Vidrioton.jpg?resize=200%2C110&amp;ssl=1 200w, https:\/\/i0.wp.com\/eltrabajo.cl\/portal\/wp-content\/uploads\/2018\/09\/Vidrioton.jpg?resize=300%2C166&amp;ssl=1 300w, https:\/\/i0.wp.com\/eltrabajo.cl\/portal\/wp-content\/uploads\/2018\/09\/Vidrioton.jpg?resize=272%2C150&amp;ssl=1 272w, https:\/\/i0.wp.com\/eltrabajo.cl\/portal\/wp-content\/uploads\/2018\/09\/Vidrioton.jpg?resize=400%2C221&amp;ssl=1 400w\" sizes=\"auto, (max-width: 578px) 100vw, 578px\" \/><figcaption id=\"caption-attachment-88453\" class=\"wp-caption-text\">Los felices ganadores de la primera \u2018Vidriot\u00f3n\u2019 realizada en San Felipe fueron la Junta de Vecinos de Bucalemu (primer lugar), la Villa Nueva Oriente (segundo) y Villa Bernardo Cruz (tercero), quienes reunieron m\u00e1s de 16 toneladas de vidrio.<\/figcaption><\/figure>\n<ul>\n<li><strong>Un total de 30 juntas de vecinos y organizaciones deportivas participaron de la campa\u00f1a que reuni\u00f3 m\u00e1s de 16 toneladas de vidrio.<\/strong><\/li>\n<\/ul>\n<p>La Junta de Vecinos de Bucalemu gan\u00f3 la primera \u2018Vidriot\u00f3n\u2019 realizada en San Felipe, la que se extendi\u00f3 durante 10 d\u00edas y cuyo prop\u00f3sito fue crear conciencia sobre la importancia que tiene el reciclaje y la reutilizaci\u00f3n del vidrio.<br \/>\nEl segundo lugar fue para la Villa Nueva Oriente y el tercer puesto lo obtuvo la Villa Bernardo Cruz, que fueron los sectores que juntaron la mayor cantidad de material durante esta campa\u00f1a y que permiti\u00f3 reunir m\u00e1s de 16 toneladas de vidrio.<br \/>\nLa \u2018Vidriot\u00f3n\u2019 es parte de una alianza entre la Municipalidad de San Felipe, a trav\u00e9s del programa de Reciclaje de la Direcci\u00f3n de Protecci\u00f3n del Medioambiente (Dipma) y Cristaler\u00edas Chile.<br \/>\nEsta campa\u00f1a se inici\u00f3 con una visita guiada a la planta que tiene la empresa en la comuna de Llay Llay, para que los vecinos conocieran el proceso de reciclaje y su utilidad posterior.<br \/>\nAdem\u00e1s, est\u00e1 inserto en el programa \u2018San Felipe elige vidrio\u2019 y que signific\u00f3 la instalaci\u00f3n de 40 campanas en distintos sectores de la comuna, beneficiando el proceso de reciclaje.<br \/>\nEn este contexto, se proyecta desarrollar una campa\u00f1a similar en el mes de noviembre, dirigida a los establecimientos educacionales de la comuna y que est\u00e1 destinado a que los alumnos puedan reducir, reutilizar y reciclar el vidrio.<br \/>\nEl alcalde de San Felipe, Patricio Freire, valor\u00f3 los resultados obtenidos fruto de comunidades que hoy est\u00e1n organizadas, sobre todo cuando la tarea debi\u00f3 realizarse en un plazo m\u00e1s que breve.<br \/>\n\u00abEs un hito bonito, nosotros queremos una ciudad limpia, que motiva al reciclaje y a la conciencia de los propios vecinos. Sin duda, se ha efectuado una linda campa\u00f1a y que todos sigan ayudando a seguir reciclando vidrio en nuestra comuna\u00bb, sostuvo.<br \/>\nLa subgerente de RSE y Comunicaciones de Cristaler\u00edas Chile, Claudia L\u00f3pez, resumi\u00f3 esta actividad sobre la base del compromiso que tiene la empresa con la zona, entiendiendo que reciclar vidrio es una respuesta al pl\u00e1stico, \u00abpor eso nos interesa que las personas reciclen\u00bb.<br \/>\nFinalmente, el presidente de la junta de vecinos de Bucalemu, Pablo Herrera, indic\u00f3 que si bien no hab\u00eda un inter\u00e9s en ganar, de todas formas trabajaron con el grupo cultural Esperanza Joven, con quienes recorrieron distintos recintos deportivos para reunir seis campanas de vidrio, lo que les permiti\u00f3 ganar.<\/p>\n","protected":false},"excerpt":{"rendered":"<p>Un total de 30 juntas de vecinos y organizaciones deportivas participaron de la campa\u00f1a que reuni\u00f3 m\u00e1s de 16 toneladas de vidrio. La Junta de Vecinos de Bucalemu gan\u00f3 la primera \u2018Vidriot\u00f3n\u2019&#8230;<\/p>\n","protected":false},"author":1,"featured_media":88453,"comment_status":"closed","ping_status":"open","sticky":false,"template":"","format":"standard","meta":{"advanced_seo_description":"","jetpack_seo_html_title":"","jetpack_seo_noindex":false,"_jetpack_memberships_contains_paid_content":false,"footnotes":""},"categories":[1],"tags":[],"class_list":["post-88452","post","type-post","status-publish","format-standard","has-post-thumbnail","hentry","category-cronica"],"jetpack_featured_media_url":"https:\/\/i0.wp.com\/eltrabajo.cl\/portal\/wp-content\/uploads\/2018\/09\/Vidrioton.jpg?fit=578%2C319&ssl=1","jetpack_sharing_enabled":true,"jetpack_likes_enabled":true,"jetpack-related-posts":[],"_links":{"self":[{"href":"https:\/\/eltrabajo.cl\/portal\/wp-json\/wp\/v2\/posts\/88452","targetHints":{"allow":["GET"]}}],"collection":[{"href":"https:\/\/eltrabajo.cl\/portal\/wp-json\/wp\/v2\/posts"}],"about":[{"href":"https:\/\/eltrabajo.cl\/portal\/wp-json\/wp\/v2\/types\/post"}],"author":[{"embeddable":true,"href":"https:\/\/eltrabajo.cl\/portal\/wp-json\/wp\/v2\/users\/1"}],"replies":[{"embeddable":true,"href":"https:\/\/eltrabajo.cl\/portal\/wp-json\/wp\/v2\/comments?post=88452"}],"version-history":[{"count":0,"href":"https:\/\/eltrabajo.cl\/portal\/wp-json\/wp\/v2\/posts\/88452\/revisions"}],"wp:featuredmedia":[{"embeddable":true,"href":"https:\/\/eltrabajo.cl\/portal\/wp-json\/wp\/v2\/media\/88453"}],"wp:attachment":[{"href":"https:\/\/eltrabajo.cl\/portal\/wp-json\/wp\/v2\/media?parent=88452"}],"wp:term":[{"taxonomy":"category","embeddable":true,"href":"https:\/\/eltrabajo.cl\/portal\/wp-json\/wp\/v2\/categories?post=88452"},{"taxonomy":"post_tag","embeddable":true,"href":"https:\/\/eltrabajo.cl\/portal\/wp-json\/wp\/v2\/tags?post=88452"}],"curies":[{"name":"wp","href":"https:\/\/api.w.org\/{rel}","templated":true}]}}