{"id":88471,"date":"2018-10-01T05:03:19","date_gmt":"2018-10-01T09:03:19","guid":{"rendered":"http:\/\/www.eltrabajo.cl\/2017\/?p=88471"},"modified":"2018-10-01T05:03:19","modified_gmt":"2018-10-01T09:03:19","slug":"sordos-de-san-felipe-protestaron-en-las-calles-pidiendo-mayor-inclusion","status":"publish","type":"post","link":"https:\/\/eltrabajo.cl\/portal\/sordos-de-san-felipe-protestaron-en-las-calles-pidiendo-mayor-inclusion\/","title":{"rendered":"Sordos de San Felipe protestaron en las calles pidiendo mayor inclusi\u00f3n"},"content":{"rendered":"<figure id=\"attachment_88472\" aria-describedby=\"caption-attachment-88472\" style=\"width: 580px\" class=\"wp-caption alignnone\"><img data-recalc-dims=\"1\" loading=\"lazy\" decoding=\"async\" class=\"size-full wp-image-88472\" src=\"https:\/\/i0.wp.com\/www.eltrabajo.cl\/2017\/wp-content\/uploads\/2018\/09\/marcha-sordos.jpg?resize=580%2C400\" alt=\"Los manifestantes enpleno centro, frente a la municipalidad de San Felipe.\" width=\"580\" height=\"400\" srcset=\"https:\/\/i0.wp.com\/eltrabajo.cl\/portal\/wp-content\/uploads\/2018\/09\/marcha-sordos.jpg?w=580&amp;ssl=1 580w, https:\/\/i0.wp.com\/eltrabajo.cl\/portal\/wp-content\/uploads\/2018\/09\/marcha-sordos.jpg?resize=200%2C138&amp;ssl=1 200w, https:\/\/i0.wp.com\/eltrabajo.cl\/portal\/wp-content\/uploads\/2018\/09\/marcha-sordos.jpg?resize=300%2C207&amp;ssl=1 300w, https:\/\/i0.wp.com\/eltrabajo.cl\/portal\/wp-content\/uploads\/2018\/09\/marcha-sordos.jpg?resize=218%2C150&amp;ssl=1 218w, https:\/\/i0.wp.com\/eltrabajo.cl\/portal\/wp-content\/uploads\/2018\/09\/marcha-sordos.jpg?resize=400%2C276&amp;ssl=1 400w\" sizes=\"auto, (max-width: 580px) 100vw, 580px\" \/><figcaption id=\"caption-attachment-88472\" class=\"wp-caption-text\">Los manifestantes enpleno centro, frente a la municipalidad de San Felipe.<\/figcaption><\/figure>\n<p>Este viernes un grupo de personas sordas junto a int\u00e9rpretes de lengua de se\u00f1as, salieron a protestar por las calles c\u00e9ntricas de la ciudad pidiendo que haya personas capacitadas que puedan atenderlos.<br \/>\nGustavo Salinas, presidente del C\u00edrculo de Sordos de San Felipe, indic\u00f3 a Diario El Trabajo que \u201cla personas sordas vinimos a protestar, para que se cumpla el principio de accesibilidad en todos lugares de acceso p\u00fablico, eso significa que haya personas capacitadas en lengua de se\u00f1as, para que puedan atender a las personas sordas y si no hay personas, que se adopten entonces nuevas medidas, hoy hay tecnolog\u00edas, un mont\u00f3n de medios para que las personas sordas se sientan realmente incluidos.<br \/>\n<strong>&#8211; \u00bfQu\u00e9 pasa con el tema laboral?<\/strong><br \/>\n&#8211; El tema laboral es lo mismo, porque se conoce muy poco la incapacidad auditiva, es muy poco visible, las personas no la conocen porque es una discapacidad que no se ve adem\u00e1s que ellos requieren de un apoyo extra, que es un int\u00e9rprete de lenguas de se\u00f1as, por eso es muy dif\u00edcil que se produzca una real inclusi\u00f3n laboral.<br \/>\n<strong>&#8211; \u00bfEsa es una problem\u00e1tica grande que tienen en San Felipe? <\/strong><br \/>\n&#8211; S\u00ed, es una problem\u00e1tica muy grande y eso se da por el mismo desconocimiento.<br \/>\n<strong>&#8211; \u00bfHay gente sorda trabajando? <\/strong><br \/>\n&#8211; Si por supuesto, lo que pasa es que como se desconoce tanto, la persona sorda solamente tiene una discapacidad auditiva, las capacidades de aprender est\u00e1n intactas y desarrollarse, ellos pueden hacer todas las cosas, pueden trabajar, viajar, hacer todo lo que nosotros hacemos, solamente hablan un idioma diferente y eso es lo que nosotros vinimos a mostrar hoy, su idioma, que es la lengua chilena de se\u00f1as.<br \/>\n<strong>&#8211; Pero est\u00e1 mala la situaci\u00f3n para los sordos en San Felipe<\/strong><br \/>\n-Por supuesto que s\u00ed, cuesta mucho que puedan encontrar trabajo, porque los empleadores desconocen mucho y la verdad cuesta que ellos puedan trabajar, pero nosotros vinimos hoy d\u00eda porque nos gustar\u00eda reforzar el trabajo que ellos mismos pueden realizar, ellos pueden ser profesores, instructores de su propia lengua y pueden capacitar a funcionarios municipales, hacer clases en los colegios y universidades, pero necesitamos que se reconozca su cultura y su idioma, porque la lengua de se\u00f1as es un idioma.<br \/>\n<strong>&#8211; \u00bfQu\u00e9 le puedes decir t\u00fa al empresariado a las autoridades?<\/strong><br \/>\n&#8211; Que todos tenemos que abrir la mente, la inclusi\u00f3n es una tarea de todos, nadie se puede restar de esto, las personas sordas hist\u00f3ricamente han vivido aisladas en cierto anonimato y bueno que abran los espacios, que se incluya la lengua de se\u00f1as en todos los lugares, es s\u00faper importante que las personas la puedan conocer y aprender, para que despu\u00e9s los sordos se pueden sentir realmente incluidos.<br \/>\nAl pasar frente a la municipalidad se entrevistaron con el alcalde Patricio Freire Canto, a quien le comentaron los motivos de la manifestaci\u00f3n. En San Felipe hay alrededor de 200 personas sordas, mientras que el C\u00edrculo de Sordos de la ciudad lo integran unos 25 sordos.<\/p>\n","protected":false},"excerpt":{"rendered":"<p>Este viernes un grupo de personas sordas junto a int\u00e9rpretes de lengua de se\u00f1as, salieron a protestar por las calles c\u00e9ntricas de la ciudad pidiendo que haya personas capacitadas que puedan atenderlos&#8230;.<\/p>\n","protected":false},"author":1,"featured_media":88472,"comment_status":"closed","ping_status":"open","sticky":false,"template":"","format":"standard","meta":{"advanced_seo_description":"","jetpack_seo_html_title":"","jetpack_seo_noindex":false,"_jetpack_memberships_contains_paid_content":false,"footnotes":""},"categories":[15],"tags":[],"class_list":["post-88471","post","type-post","status-publish","format-standard","has-post-thumbnail","hentry","category-comunidad"],"jetpack_featured_media_url":"https:\/\/i0.wp.com\/eltrabajo.cl\/portal\/wp-content\/uploads\/2018\/09\/marcha-sordos.jpg?fit=580%2C400&ssl=1","jetpack_sharing_enabled":true,"jetpack_likes_enabled":true,"jetpack-related-posts":[],"_links":{"self":[{"href":"https:\/\/eltrabajo.cl\/portal\/wp-json\/wp\/v2\/posts\/88471","targetHints":{"allow":["GET"]}}],"collection":[{"href":"https:\/\/eltrabajo.cl\/portal\/wp-json\/wp\/v2\/posts"}],"about":[{"href":"https:\/\/eltrabajo.cl\/portal\/wp-json\/wp\/v2\/types\/post"}],"author":[{"embeddable":true,"href":"https:\/\/eltrabajo.cl\/portal\/wp-json\/wp\/v2\/users\/1"}],"replies":[{"embeddable":true,"href":"https:\/\/eltrabajo.cl\/portal\/wp-json\/wp\/v2\/comments?post=88471"}],"version-history":[{"count":0,"href":"https:\/\/eltrabajo.cl\/portal\/wp-json\/wp\/v2\/posts\/88471\/revisions"}],"wp:featuredmedia":[{"embeddable":true,"href":"https:\/\/eltrabajo.cl\/portal\/wp-json\/wp\/v2\/media\/88472"}],"wp:attachment":[{"href":"https:\/\/eltrabajo.cl\/portal\/wp-json\/wp\/v2\/media?parent=88471"}],"wp:term":[{"taxonomy":"category","embeddable":true,"href":"https:\/\/eltrabajo.cl\/portal\/wp-json\/wp\/v2\/categories?post=88471"},{"taxonomy":"post_tag","embeddable":true,"href":"https:\/\/eltrabajo.cl\/portal\/wp-json\/wp\/v2\/tags?post=88471"}],"curies":[{"name":"wp","href":"https:\/\/api.w.org\/{rel}","templated":true}]}}