{"id":88474,"date":"2018-10-01T05:04:00","date_gmt":"2018-10-01T09:04:00","guid":{"rendered":"http:\/\/www.eltrabajo.cl\/2017\/?p=88474"},"modified":"2018-10-01T05:04:00","modified_gmt":"2018-10-01T09:04:00","slug":"chicas-del-cordillera-ganan-el-nacional-de-voley-u16-en-la-araucania","status":"publish","type":"post","link":"https:\/\/eltrabajo.cl\/portal\/chicas-del-cordillera-ganan-el-nacional-de-voley-u16-en-la-araucania\/","title":{"rendered":"Chicas del Cordillera ganan el Nacional de V\u00f3ley U16 en La Araucan\u00eda"},"content":{"rendered":"<figure id=\"attachment_88475\" aria-describedby=\"caption-attachment-88475\" style=\"width: 580px\" class=\"wp-caption alignnone\"><img data-recalc-dims=\"1\" loading=\"lazy\" decoding=\"async\" class=\"size-full wp-image-88475\" src=\"https:\/\/i0.wp.com\/www.eltrabajo.cl\/2017\/wp-content\/uploads\/2018\/09\/Campeonas16-copia.jpg?resize=580%2C399\" alt=\"CAMPEONAS NACIONALES.- Aqu\u00ed tenemos a nuestras Campeonas Nacionales U16 de V\u00f3ley, estudiantes del Liceo Cordillera.\" width=\"580\" height=\"399\" srcset=\"https:\/\/i0.wp.com\/eltrabajo.cl\/portal\/wp-content\/uploads\/2018\/09\/Campeonas16-copia.jpg?w=580&amp;ssl=1 580w, https:\/\/i0.wp.com\/eltrabajo.cl\/portal\/wp-content\/uploads\/2018\/09\/Campeonas16-copia.jpg?resize=200%2C138&amp;ssl=1 200w, https:\/\/i0.wp.com\/eltrabajo.cl\/portal\/wp-content\/uploads\/2018\/09\/Campeonas16-copia.jpg?resize=300%2C206&amp;ssl=1 300w, https:\/\/i0.wp.com\/eltrabajo.cl\/portal\/wp-content\/uploads\/2018\/09\/Campeonas16-copia.jpg?resize=218%2C150&amp;ssl=1 218w, https:\/\/i0.wp.com\/eltrabajo.cl\/portal\/wp-content\/uploads\/2018\/09\/Campeonas16-copia.jpg?resize=400%2C275&amp;ssl=1 400w\" sizes=\"auto, (max-width: 580px) 100vw, 580px\" \/><figcaption id=\"caption-attachment-88475\" class=\"wp-caption-text\">CAMPEONAS NACIONALES.- Aqu\u00ed tenemos a nuestras Campeonas Nacionales U16 de V\u00f3ley, estudiantes del Liceo Cordillera.<\/figcaption><\/figure>\n<p><span style=\"color: #ff0000;\"><strong>Mientras que la U14 Escolares disputa hoy Semifinal en Valpara\u00edso:<\/strong><\/span><\/p>\n<p>Con gran alegr\u00eda la direcci\u00f3n del Liceo Bicentenario Cordillera recibi\u00f3 ayer domingo dos notables noticias, la primera que se\u00f1ala a la Selecci\u00f3n U16 como la nueva Campeona Nacional de V\u00f3ley 2018 (gan\u00f3 3 a 0), Nacional Federado U16 que se disput\u00f3 el 28, 29 y 30 del pasado septiembre en Curacautin, Regi\u00f3n de la Araucan\u00eda.<br \/>\nDiario El Trabajo pudo hablar ayer domingo con la directora del Cordillera, Ana Mar\u00eda Donoso, quien emocionada nos asegur\u00f3 que \u00abcomo directora estoy orgullosa de nuestros profesores, apoderados y por supuesto de nuestras ni\u00f1as y j\u00f3venes, quienes con esfuerzo y rigurosidad han ido sorteando obst\u00e1culos hasta llegar a convertirse en campeonas una vez m\u00e1s. Adem\u00e1s en un contexto actual es doblemente destacar el rol de nuestras alumnas como embajadoras de la igualdad de g\u00e9nero, donde las mujeres tambi\u00e9n destacan en las distintas ramas deportivas, contenta por todo el apoyo que nuestras autoridades comunales nos han demostrado, lo que se traduce principalmente en asegurar econ\u00f3micamente la participaci\u00f3n de nuestras alumnas, el reconocimiento lo tendremos el mi\u00e9rcoles cuando ambos equipos est\u00e9n en el liceo, quiero destacar p\u00fablicamente el excelente trabajo de ambos equipos, Tatiana Vargas con U16 Federado Nacional y Eduardo Ch\u00e1vez en los Juegos Escolares Nacionales con l U14, quien pas\u00f3 a la selecci\u00f3n sanfelipe\u00f1a a la Semifinal\u00bb, dijo la profesional. Estos Cuartos de Final se disputar\u00e1n la tarde de hoy lunes en Valpara\u00edso, situaci\u00f3n que genera gran expectaci\u00f3n en todo el Valle de Aconcagua.<br \/>\n<strong>Roberto Gonz\u00e1lez Short<\/strong><\/p>\n<figure id=\"attachment_88476\" aria-describedby=\"caption-attachment-88476\" style=\"width: 580px\" class=\"wp-caption alignnone\"><img data-recalc-dims=\"1\" loading=\"lazy\" decoding=\"async\" class=\"size-full wp-image-88476\" src=\"https:\/\/i0.wp.com\/www.eltrabajo.cl\/2017\/wp-content\/uploads\/2018\/09\/Campeonas_Ana-Maria-Donoso.jpg?resize=580%2C399\" alt=\"Ana Mar\u00eda Donoso Leiva, directora del Liceo Cordillera.\" width=\"580\" height=\"399\" srcset=\"https:\/\/i0.wp.com\/eltrabajo.cl\/portal\/wp-content\/uploads\/2018\/09\/Campeonas_Ana-Maria-Donoso.jpg?w=580&amp;ssl=1 580w, https:\/\/i0.wp.com\/eltrabajo.cl\/portal\/wp-content\/uploads\/2018\/09\/Campeonas_Ana-Maria-Donoso.jpg?resize=200%2C138&amp;ssl=1 200w, https:\/\/i0.wp.com\/eltrabajo.cl\/portal\/wp-content\/uploads\/2018\/09\/Campeonas_Ana-Maria-Donoso.jpg?resize=300%2C206&amp;ssl=1 300w, https:\/\/i0.wp.com\/eltrabajo.cl\/portal\/wp-content\/uploads\/2018\/09\/Campeonas_Ana-Maria-Donoso.jpg?resize=218%2C150&amp;ssl=1 218w, https:\/\/i0.wp.com\/eltrabajo.cl\/portal\/wp-content\/uploads\/2018\/09\/Campeonas_Ana-Maria-Donoso.jpg?resize=400%2C275&amp;ssl=1 400w\" sizes=\"auto, (max-width: 580px) 100vw, 580px\" \/><figcaption id=\"caption-attachment-88476\" class=\"wp-caption-text\">Ana Mar\u00eda Donoso Leiva, directora del Liceo Cordillera.<\/figcaption><\/figure>\n","protected":false},"excerpt":{"rendered":"<p>Mientras que la U14 Escolares disputa hoy Semifinal en Valpara\u00edso: Con gran alegr\u00eda la direcci\u00f3n del Liceo Bicentenario Cordillera recibi\u00f3 ayer domingo dos notables noticias, la primera que se\u00f1ala a la Selecci\u00f3n&#8230;<\/p>\n","protected":false},"author":1,"featured_media":88475,"comment_status":"closed","ping_status":"open","sticky":false,"template":"","format":"standard","meta":{"advanced_seo_description":"","jetpack_seo_html_title":"","jetpack_seo_noindex":false,"_jetpack_memberships_contains_paid_content":false,"footnotes":""},"categories":[19],"tags":[],"class_list":["post-88474","post","type-post","status-publish","format-standard","has-post-thumbnail","hentry","category-deportes"],"jetpack_featured_media_url":"https:\/\/i0.wp.com\/eltrabajo.cl\/portal\/wp-content\/uploads\/2018\/09\/Campeonas16-copia.jpg?fit=580%2C399&ssl=1","jetpack_sharing_enabled":true,"jetpack_likes_enabled":true,"jetpack-related-posts":[],"_links":{"self":[{"href":"https:\/\/eltrabajo.cl\/portal\/wp-json\/wp\/v2\/posts\/88474","targetHints":{"allow":["GET"]}}],"collection":[{"href":"https:\/\/eltrabajo.cl\/portal\/wp-json\/wp\/v2\/posts"}],"about":[{"href":"https:\/\/eltrabajo.cl\/portal\/wp-json\/wp\/v2\/types\/post"}],"author":[{"embeddable":true,"href":"https:\/\/eltrabajo.cl\/portal\/wp-json\/wp\/v2\/users\/1"}],"replies":[{"embeddable":true,"href":"https:\/\/eltrabajo.cl\/portal\/wp-json\/wp\/v2\/comments?post=88474"}],"version-history":[{"count":0,"href":"https:\/\/eltrabajo.cl\/portal\/wp-json\/wp\/v2\/posts\/88474\/revisions"}],"wp:featuredmedia":[{"embeddable":true,"href":"https:\/\/eltrabajo.cl\/portal\/wp-json\/wp\/v2\/media\/88475"}],"wp:attachment":[{"href":"https:\/\/eltrabajo.cl\/portal\/wp-json\/wp\/v2\/media?parent=88474"}],"wp:term":[{"taxonomy":"category","embeddable":true,"href":"https:\/\/eltrabajo.cl\/portal\/wp-json\/wp\/v2\/categories?post=88474"},{"taxonomy":"post_tag","embeddable":true,"href":"https:\/\/eltrabajo.cl\/portal\/wp-json\/wp\/v2\/tags?post=88474"}],"curies":[{"name":"wp","href":"https:\/\/api.w.org\/{rel}","templated":true}]}}