{"id":88482,"date":"2018-07-04T05:00:59","date_gmt":"2018-07-04T09:00:59","guid":{"rendered":"http:\/\/www.eltrabajo.cl\/2017\/?p=87126"},"modified":"2018-07-04T05:00:59","modified_gmt":"2018-07-04T09:00:59","slug":"union-san-felipe-presento-a-su-nuevo-gerente-deportivo","status":"publish","type":"post","link":"https:\/\/eltrabajo.cl\/portal\/union-san-felipe-presento-a-su-nuevo-gerente-deportivo\/","title":{"rendered":"Uni\u00f3n San Felipe present\u00f3 a su nuevo Gerente Deportivo"},"content":{"rendered":"<figure id=\"attachment_87128\" aria-describedby=\"caption-attachment-87128\" style=\"width: 580px\" class=\"wp-caption alignnone\"><img data-recalc-dims=\"1\" loading=\"lazy\" decoding=\"async\" class=\"size-full wp-image-87128\" src=\"https:\/\/i0.wp.com\/www.eltrabajo.cl\/2017\/wp-content\/uploads\/2018\/07\/duran.jpg?resize=580%2C375\" alt=\"En la jornada matinal de ayer Leonardo Dur\u00e1n se convirti\u00f3 oficialmente en el nuevo Gerente Deportivo del Un\u00ed Un\u00ed.\" width=\"580\" height=\"375\" \/><figcaption id=\"caption-attachment-87128\" class=\"wp-caption-text\">En la jornada matinal de ayer Leonardo Dur\u00e1n se convirti\u00f3 oficialmente en el nuevo Gerente Deportivo del Un\u00ed Un\u00ed.<\/figcaption><\/figure>\n<p>Durante la ma\u00f1ana de ayer en las instalaciones de su complejo deportivo en el sector Parras\u00eda Bajo, Uni\u00f3n San Felipe present\u00f3 a Leonardo Dur\u00e1n como su Gerente Deportivo. \u201cEs muy interesante el tener la posibilidad de llegar a esta instituci\u00f3n; he quemado etapas en esta materia, hasta que hace tres a\u00f1os atr\u00e1s comenc\u00e9 a trabajar en San Luis de Quillota\u201d, explic\u00f3 el nuevo funcionario al momento de su presentaci\u00f3n.<br \/>\nEl nuevo ejecutivo albirrojo explic\u00f3 a grandes rasgos en lo que consistir\u00e1n sus funciones en el Un\u00ed Un\u00ed. \u201cSer\u00e9 el nexo entre el primer equipo y cuerpo t\u00e9cnico con la gerencia general y directorio del club; b\u00e1sicamente esas ser\u00e1n mis funciones. Las atribuciones de mi cargo van tomadas de la mano con el proyecto deportivo que tiene la instituci\u00f3n, y lo que el directorio tenga planificado\u201d.<br \/>\nRespecto a si replicar\u00e1 en San Felipe lo hecho en otras instituciones, Leonardo Dur\u00e1n aclar\u00f3: \u201cTodo tiene que ver con las pol\u00edticas de cada club, y esas son muy distintas entre unas y otras; ac\u00e1 me enmarcar\u00e9 en el proyecto que viene haciendo Uni\u00f3n San Felipe durante los \u00faltimos a\u00f1os\u201d.<br \/>\nPara el Gerente General del Un\u00ed Un\u00ed, Eduardo Olivares, el arribo de Dur\u00e1n es un paso adelante. \u201cLo hab\u00edamos intentado antes con Christian Lovrincevich, pero las circunstancias nos llevaron por otro camino; que llegue alguien con la experiencia de Leonardo (Dur\u00e1n) es algo muy positivo ya que en cada instituci\u00f3n deportiva moderna es fundamental poder contar con un profesional de la trayectoria de Leonardo\u201d.<br \/>\nEl alto directivo unionista confirm\u00f3 tambien que el nuevo Gerente Deportivo tendr\u00e1 la misi\u00f3n de buscar y proponer jugadores para que el directorio finalmente sea el que resuelva las respectivas contrataciones.<\/p>\n<p><span style=\"color: #ff0000;\"><strong>AMISTOSO CON EVERTON<\/strong><\/span><br \/>\nEn lo que respecta a los trabajos de Intertemporada, el equipo albirrojo sostendr\u00e1 esta ma\u00f1ana un partido amistoso con Everton en Vi\u00f1a del Mar. El duelo se realizar\u00e1 en el complejo que los ruleteros poseen en el sector Re\u00f1aca Alto en la \u2018Ciudad Jard\u00edn\u2019.<\/p>\n<figure id=\"attachment_87127\" aria-describedby=\"caption-attachment-87127\" style=\"width: 579px\" class=\"wp-caption alignnone\"><img data-recalc-dims=\"1\" loading=\"lazy\" decoding=\"async\" class=\"size-full wp-image-87127\" src=\"https:\/\/i0.wp.com\/www.eltrabajo.cl\/2017\/wp-content\/uploads\/2018\/07\/duran-y-cuerpo-tecnico.jpg?resize=579%2C460\" alt=\"El nuevo directivo sostuvo una reuni\u00f3n con el cuerpo t\u00e9cnico que encabeza Christian Lovrincevich.\" width=\"579\" height=\"460\" \/><figcaption id=\"caption-attachment-87127\" class=\"wp-caption-text\">El nuevo directivo sostuvo una reuni\u00f3n con el cuerpo t\u00e9cnico que encabeza Christian Lovrincevich.<\/figcaption><\/figure>\n","protected":false},"excerpt":{"rendered":"<p>Durante la ma\u00f1ana de ayer en las instalaciones de su complejo deportivo en el sector Parras\u00eda Bajo, Uni\u00f3n San Felipe present\u00f3 a Leonardo Dur\u00e1n como su Gerente Deportivo. \u201cEs muy interesante el&#8230;<\/p>\n","protected":false},"author":1,"featured_media":87127,"comment_status":"open","ping_status":"open","sticky":false,"template":"","format":"standard","meta":{"advanced_seo_description":"","jetpack_seo_html_title":"","jetpack_seo_noindex":false,"_jetpack_memberships_contains_paid_content":false,"footnotes":""},"categories":[19],"tags":[],"class_list":["post-88482","post","type-post","status-publish","format-standard","has-post-thumbnail","hentry","category-deportes"],"jetpack_featured_media_url":"https:\/\/i0.wp.com\/eltrabajo.cl\/portal\/wp-content\/uploads\/2018\/04\/Viacrucis1.jpg?fit=580%2C399&ssl=1","jetpack_sharing_enabled":true,"jetpack_likes_enabled":true,"jetpack-related-posts":[],"_links":{"self":[{"href":"https:\/\/eltrabajo.cl\/portal\/wp-json\/wp\/v2\/posts\/88482","targetHints":{"allow":["GET"]}}],"collection":[{"href":"https:\/\/eltrabajo.cl\/portal\/wp-json\/wp\/v2\/posts"}],"about":[{"href":"https:\/\/eltrabajo.cl\/portal\/wp-json\/wp\/v2\/types\/post"}],"author":[{"embeddable":true,"href":"https:\/\/eltrabajo.cl\/portal\/wp-json\/wp\/v2\/users\/1"}],"replies":[{"embeddable":true,"href":"https:\/\/eltrabajo.cl\/portal\/wp-json\/wp\/v2\/comments?post=88482"}],"version-history":[{"count":0,"href":"https:\/\/eltrabajo.cl\/portal\/wp-json\/wp\/v2\/posts\/88482\/revisions"}],"wp:featuredmedia":[{"embeddable":true,"href":"https:\/\/eltrabajo.cl\/portal\/wp-json\/wp\/v2\/media\/87127"}],"wp:attachment":[{"href":"https:\/\/eltrabajo.cl\/portal\/wp-json\/wp\/v2\/media?parent=88482"}],"wp:term":[{"taxonomy":"category","embeddable":true,"href":"https:\/\/eltrabajo.cl\/portal\/wp-json\/wp\/v2\/categories?post=88482"},{"taxonomy":"post_tag","embeddable":true,"href":"https:\/\/eltrabajo.cl\/portal\/wp-json\/wp\/v2\/tags?post=88482"}],"curies":[{"name":"wp","href":"https:\/\/api.w.org\/{rel}","templated":true}]}}