{"id":88483,"date":"2018-07-04T05:01:19","date_gmt":"2018-07-04T09:01:19","guid":{"rendered":"http:\/\/www.eltrabajo.cl\/2017\/?p=87130"},"modified":"2018-07-04T05:01:19","modified_gmt":"2018-07-04T09:01:19","slug":"entregan-inmueble-donde-se-construiria-nueva-casa-del-deporte-comunal","status":"publish","type":"post","link":"https:\/\/eltrabajo.cl\/portal\/entregan-inmueble-donde-se-construiria-nueva-casa-del-deporte-comunal\/","title":{"rendered":"Entregan inmueble donde se construir\u00eda nueva Casa del Deporte Comunal"},"content":{"rendered":"<figure id=\"attachment_87132\" aria-describedby=\"caption-attachment-87132\" style=\"width: 579px\" class=\"wp-caption alignnone\"><img data-recalc-dims=\"1\" loading=\"lazy\" decoding=\"async\" class=\"size-full wp-image-87132\" src=\"https:\/\/i0.wp.com\/www.eltrabajo.cl\/2017\/wp-content\/uploads\/2018\/07\/casa-deporte-3.jpg?resize=579%2C386\" alt=\"El Consejo Local de Deportes se encuentra pr\u00e1cticamente abandonado en la actualidad.\" width=\"579\" height=\"386\" \/><figcaption id=\"caption-attachment-87132\" class=\"wp-caption-text\">El Consejo Local de Deportes se encuentra pr\u00e1cticamente abandonado en la actualidad.<\/figcaption><\/figure>\n<ul>\n<li><span style=\"color: #ff0000;\"><strong>La ma\u00f1ana de este martes, el Alcalde recibi\u00f3 en comodato la infraestructura del Consejo Local de Deportes. Son 500 m2, donde buscar\u00e1n revitalizar este espacio para los deportistas sanfelipe\u00f1os.<\/strong><\/span><\/li>\n<\/ul>\n<p>Hasta las dependencias del Consejo Local de Deportes arribaron el alcalde Patricio Freire junto a concejales y equipos t\u00e9cnicos durante la ma\u00f1ana de este martes, para reunirse con los profesionales de Instituto Nacional de Deporte (IND) y conocer detalles de la entrega en comodato que realizar\u00e1n de dicha infraestructura a la municipalidad, con el fin que sea la instituci\u00f3n edilicia la que la administre y pueda mejorar en cuanto a obras.<br \/>\nAs\u00ed lo afirm\u00f3 el alcalde Patricio Freire, quien sostuvo que fue un anhelo que persiguieron durante varios a\u00f1os de su gesti\u00f3n, ya que la idea es darle un mayor empuje al deporte local, permitiendo que cuenten con las condiciones \u00f3ptimas para su desarrollo.<br \/>\n\u00abHace tiempo que el Municipio quer\u00eda el traspaso de este Consejo Local de Deportes. Hoy este recinto cuenta con m\u00e1s de 5 mil metros cuadrados y servir\u00e1 para todas las disciplinas deportivas. Traeremos las oficina municipal de deportes a estas dependencias, con todos sus profesionales, lo que nos deja muy contentos. Nosotros queremos realizar un gran proyecto a futuro para mejorar su infraestructura y continuar con el apoyo a nuestros deportistas\u00bb, se\u00f1al\u00f3 el jefe comunal.<br \/>\nEste comodato tendr\u00e1 una duraci\u00f3n de 5 a\u00f1os renovables. Por ello, el Secretario de Planificaci\u00f3n Comunal (Secpla), Claudio Paredes, manifest\u00f3 que la idea es concretar la creaci\u00f3n de la casa del deporte municipal, en la que desarrollar\u00e1 importantes inversiones en el corto y mediano plazo. \u00abEste es un espacio que hemos comprometido a mejorar desde el punto de vista de obras de envergadura en 4 a\u00f1os de inversi\u00f3n. La idea es trabajar un gran dise\u00f1o de lo que ser\u00e1 la casa del deporte municipal, donde estar\u00e1n las oficinas municipales de deporte, y tambi\u00e9n permitir que la comunidad realice deporte de manera constante y gratuita\u00bb, sostuvo.<br \/>\nPor su parte el concejal Dante Rodr\u00edguez, se mostr\u00f3 esperanzado con las mejoras significativas que el municipio imprimir\u00e1 en este establecimiento, en el que se desempe\u00f1\u00f3 durante varios a\u00f1os, se\u00f1alando que \u00abpara m\u00ed es emotivo estar aqu\u00ed. Durante 20 a\u00f1os de mi vida trabaj\u00e9 por el deporte. Viv\u00ed tiempos muy buenos, donde con nada hicimos mucho. La verdad es que ahora est\u00e1 bastante a maltraer, pero yo s\u00e9 que con la labor que realizaremos con la municipalidad y el alcalde Freire, haremos un mejor recinto para nuestros deportistas\u00bb, aclar\u00f3.<br \/>\nFinalmente, el Encargado de Deportes de la Municipalidad, Danilo Pe\u00f1a, dijo que \u00abla idea es recuperar este espacio que fue ocupado por d\u00e9cadas por diversas asociaciones deportivas y que hoy, lamentablemente, ya no sesionan ac\u00e1. Ac\u00e1 hay muchas ideas que hay que analizarlas, con la finalidad de entregar la mejor soluci\u00f3n para la comunidad\u00bb.<\/p>\n<figure id=\"attachment_87131\" aria-describedby=\"caption-attachment-87131\" style=\"width: 578px\" class=\"wp-caption alignnone\"><img data-recalc-dims=\"1\" loading=\"lazy\" decoding=\"async\" class=\"size-full wp-image-87131\" src=\"https:\/\/i0.wp.com\/www.eltrabajo.cl\/2017\/wp-content\/uploads\/2018\/07\/casa-deporte-1.jpg?resize=578%2C339\" alt=\"Autoridades municipales y del IND recorrieron las dependencias del Consejo Local de Deportes, las que pasar\u00e1n a ser administradas por la Municipalidad.\" width=\"578\" height=\"339\" \/><figcaption id=\"caption-attachment-87131\" class=\"wp-caption-text\">Autoridades municipales y del IND recorrieron las dependencias del Consejo Local de Deportes, las que pasar\u00e1n a ser administradas por la Municipalidad.<\/figcaption><\/figure>\n","protected":false},"excerpt":{"rendered":"<p>La ma\u00f1ana de este martes, el Alcalde recibi\u00f3 en comodato la infraestructura del Consejo Local de Deportes. Son 500 m2, donde buscar\u00e1n revitalizar este espacio para los deportistas sanfelipe\u00f1os. Hasta las dependencias&#8230;<\/p>\n","protected":false},"author":1,"featured_media":87131,"comment_status":"open","ping_status":"open","sticky":false,"template":"","format":"standard","meta":{"advanced_seo_description":"","jetpack_seo_html_title":"","jetpack_seo_noindex":false,"_jetpack_memberships_contains_paid_content":false,"footnotes":""},"categories":[1],"tags":[],"class_list":["post-88483","post","type-post","status-publish","format-standard","has-post-thumbnail","hentry","category-cronica"],"jetpack_featured_media_url":"https:\/\/i0.wp.com\/eltrabajo.cl\/portal\/wp-content\/uploads\/2018\/04\/Viacrucis5.jpg?fit=580%2C400&ssl=1","jetpack_sharing_enabled":true,"jetpack_likes_enabled":true,"jetpack-related-posts":[],"_links":{"self":[{"href":"https:\/\/eltrabajo.cl\/portal\/wp-json\/wp\/v2\/posts\/88483","targetHints":{"allow":["GET"]}}],"collection":[{"href":"https:\/\/eltrabajo.cl\/portal\/wp-json\/wp\/v2\/posts"}],"about":[{"href":"https:\/\/eltrabajo.cl\/portal\/wp-json\/wp\/v2\/types\/post"}],"author":[{"embeddable":true,"href":"https:\/\/eltrabajo.cl\/portal\/wp-json\/wp\/v2\/users\/1"}],"replies":[{"embeddable":true,"href":"https:\/\/eltrabajo.cl\/portal\/wp-json\/wp\/v2\/comments?post=88483"}],"version-history":[{"count":0,"href":"https:\/\/eltrabajo.cl\/portal\/wp-json\/wp\/v2\/posts\/88483\/revisions"}],"wp:featuredmedia":[{"embeddable":true,"href":"https:\/\/eltrabajo.cl\/portal\/wp-json\/wp\/v2\/media\/87131"}],"wp:attachment":[{"href":"https:\/\/eltrabajo.cl\/portal\/wp-json\/wp\/v2\/media?parent=88483"}],"wp:term":[{"taxonomy":"category","embeddable":true,"href":"https:\/\/eltrabajo.cl\/portal\/wp-json\/wp\/v2\/categories?post=88483"},{"taxonomy":"post_tag","embeddable":true,"href":"https:\/\/eltrabajo.cl\/portal\/wp-json\/wp\/v2\/tags?post=88483"}],"curies":[{"name":"wp","href":"https:\/\/api.w.org\/{rel}","templated":true}]}}