{"id":88488,"date":"2018-07-05T05:00:35","date_gmt":"2018-07-05T09:00:35","guid":{"rendered":"http:\/\/www.eltrabajo.cl\/2017\/?p=87152"},"modified":"2018-07-05T05:00:35","modified_gmt":"2018-07-05T09:00:35","slug":"union-san-felipe-realizara-entre-hoy-y-manana-pruebas-masivas-de-jugadores","status":"publish","type":"post","link":"https:\/\/eltrabajo.cl\/portal\/union-san-felipe-realizara-entre-hoy-y-manana-pruebas-masivas-de-jugadores\/","title":{"rendered":"Uni\u00f3n San Felipe realizar\u00e1 entre hoy y ma\u00f1ana pruebas masivas de jugadores"},"content":{"rendered":"<figure id=\"attachment_87153\" aria-describedby=\"caption-attachment-87153\" style=\"width: 580px\" class=\"wp-caption alignnone\"><img data-recalc-dims=\"1\" loading=\"lazy\" decoding=\"async\" class=\"size-full wp-image-87153\" src=\"https:\/\/i0.wp.com\/www.eltrabajo.cl\/2017\/wp-content\/uploads\/2018\/07\/cadetes.jpg?resize=580%2C400\" alt=\"Durante las pr\u00f3ximas 48 horas Uni\u00f3n San Felipe har\u00e1 pruebas para incorporar nuevos jugadores a sus series menores.\" width=\"580\" height=\"400\" \/><figcaption id=\"caption-attachment-87153\" class=\"wp-caption-text\">Durante las pr\u00f3ximas 48 horas Uni\u00f3n San Felipe har\u00e1 pruebas para incorporar nuevos jugadores a sus series menores.<\/figcaption><\/figure>\n<p>El jueves 5 y viernes 6 del presente mes, en las canchas de su complejo deportivo ubicado en Parras\u00eda Bajo, Uni\u00f3n San Felipe realizar\u00e1 una prueba masiva de jugadores para sus series cadetes que pr\u00f3ximamente competir\u00e1n en el torneo de Clausura del f\u00fatbol joven de la ANFP.<br \/>\nLas evaluaciones estar\u00e1n a cargo de los respectivos cuerpos t\u00e9cnicos de cadetes del Un\u00ed Un\u00ed, quienes esperan contar con la participaci\u00f3n de la mayor cantidad de postulantes posibles, para as\u00ed tener un espectro m\u00e1s amplio donde elegir a los nuevos integrantes de sus series juveniles.<br \/>\nLos horarios de las pruebas son los siguientes:<br \/>\nJueves 5 de julio: 11:00 horas, para los jugadores nacidos en los a\u00f1os: 1999, 2000 y 2001.<br \/>\nViernes 6 de julio: 15:00 horas, para los nacidos en los a\u00f1os 2002, 2003 y 2004.<\/p>\n","protected":false},"excerpt":{"rendered":"<p>El jueves 5 y viernes 6 del presente mes, en las canchas de su complejo deportivo ubicado en Parras\u00eda Bajo, Uni\u00f3n San Felipe realizar\u00e1 una prueba masiva de jugadores para sus series&#8230;<\/p>\n","protected":false},"author":1,"featured_media":87153,"comment_status":"open","ping_status":"open","sticky":false,"template":"","format":"standard","meta":{"advanced_seo_description":"","jetpack_seo_html_title":"","jetpack_seo_noindex":false,"_jetpack_memberships_contains_paid_content":false,"footnotes":""},"categories":[19],"tags":[],"class_list":["post-88488","post","type-post","status-publish","format-standard","has-post-thumbnail","hentry","category-deportes"],"jetpack_featured_media_url":"https:\/\/i0.wp.com\/eltrabajo.cl\/portal\/wp-content\/uploads\/2018\/07\/suicidio-rinconada-2.jpg?fit=580%2C391&ssl=1","jetpack_sharing_enabled":true,"jetpack_likes_enabled":true,"jetpack-related-posts":[],"_links":{"self":[{"href":"https:\/\/eltrabajo.cl\/portal\/wp-json\/wp\/v2\/posts\/88488","targetHints":{"allow":["GET"]}}],"collection":[{"href":"https:\/\/eltrabajo.cl\/portal\/wp-json\/wp\/v2\/posts"}],"about":[{"href":"https:\/\/eltrabajo.cl\/portal\/wp-json\/wp\/v2\/types\/post"}],"author":[{"embeddable":true,"href":"https:\/\/eltrabajo.cl\/portal\/wp-json\/wp\/v2\/users\/1"}],"replies":[{"embeddable":true,"href":"https:\/\/eltrabajo.cl\/portal\/wp-json\/wp\/v2\/comments?post=88488"}],"version-history":[{"count":0,"href":"https:\/\/eltrabajo.cl\/portal\/wp-json\/wp\/v2\/posts\/88488\/revisions"}],"wp:featuredmedia":[{"embeddable":true,"href":"https:\/\/eltrabajo.cl\/portal\/wp-json\/wp\/v2\/media\/87153"}],"wp:attachment":[{"href":"https:\/\/eltrabajo.cl\/portal\/wp-json\/wp\/v2\/media?parent=88488"}],"wp:term":[{"taxonomy":"category","embeddable":true,"href":"https:\/\/eltrabajo.cl\/portal\/wp-json\/wp\/v2\/categories?post=88488"},{"taxonomy":"post_tag","embeddable":true,"href":"https:\/\/eltrabajo.cl\/portal\/wp-json\/wp\/v2\/tags?post=88488"}],"curies":[{"name":"wp","href":"https:\/\/api.w.org\/{rel}","templated":true}]}}