{"id":88504,"date":"2018-10-03T05:01:36","date_gmt":"2018-10-03T09:01:36","guid":{"rendered":"http:\/\/www.eltrabajo.cl\/2017\/?p=88504"},"modified":"2018-10-03T05:01:36","modified_gmt":"2018-10-03T09:01:36","slug":"ya-ha-habido-varias-personas-que-me-han-dicho-que-quieren-hablar-conmigo-por-temas-delicados","status":"publish","type":"post","link":"https:\/\/eltrabajo.cl\/portal\/ya-ha-habido-varias-personas-que-me-han-dicho-que-quieren-hablar-conmigo-por-temas-delicados\/","title":{"rendered":"\u201cYa ha habido varias personas que me han dicho que quieren hablar conmigo por temas delicados\u201d"},"content":{"rendered":"<figure id=\"attachment_88505\" aria-describedby=\"caption-attachment-88505\" style=\"width: 580px\" class=\"wp-caption alignnone\"><img data-recalc-dims=\"1\" loading=\"lazy\" decoding=\"async\" class=\"size-full wp-image-88505\" src=\"https:\/\/i0.wp.com\/www.eltrabajo.cl\/2017\/wp-content\/uploads\/2018\/10\/Padre-Jaime-Ortiz.jpg?resize=580%2C367\" alt=\"Padre Jaime Ortiz de Lazcano, administrador apost\u00f3lico de la di\u00f3cesis de San Felipe.\" width=\"580\" height=\"367\" srcset=\"https:\/\/i0.wp.com\/eltrabajo.cl\/portal\/wp-content\/uploads\/2018\/10\/Padre-Jaime-Ortiz.jpg?w=580&amp;ssl=1 580w, https:\/\/i0.wp.com\/eltrabajo.cl\/portal\/wp-content\/uploads\/2018\/10\/Padre-Jaime-Ortiz.jpg?resize=200%2C127&amp;ssl=1 200w, https:\/\/i0.wp.com\/eltrabajo.cl\/portal\/wp-content\/uploads\/2018\/10\/Padre-Jaime-Ortiz.jpg?resize=300%2C190&amp;ssl=1 300w, https:\/\/i0.wp.com\/eltrabajo.cl\/portal\/wp-content\/uploads\/2018\/10\/Padre-Jaime-Ortiz.jpg?resize=237%2C150&amp;ssl=1 237w, https:\/\/i0.wp.com\/eltrabajo.cl\/portal\/wp-content\/uploads\/2018\/10\/Padre-Jaime-Ortiz.jpg?resize=400%2C253&amp;ssl=1 400w\" sizes=\"auto, (max-width: 580px) 100vw, 580px\" \/><figcaption id=\"caption-attachment-88505\" class=\"wp-caption-text\">Padre Jaime Ortiz de Lazcano, administrador apost\u00f3lico de la di\u00f3cesis de San Felipe.<\/figcaption><\/figure>\n<p><span style=\"color: #ff0000;\"><strong>Administrador apost\u00f3lico Padre Jaime Ortiz de Lazcano:<\/strong><\/span><\/p>\n<p>Este domingo a las 17:00 se efectu\u00f3 la misa de bienvenida al administrador apost\u00f3lico Padre Jaime Ortiz de Lazcano, que ya el 21 de septiembre hab\u00eda recibido la di\u00f3cesis de parte del Obispo em\u00e9rito Cristian Contreras Molina, luego que el papa Francisco aceptara su renuncia.<br \/>\nAdem\u00e1s de los fieles de San Felipe tambi\u00e9n estuvieron presentes fieles que llegaron en cinco buses provenientes de la comuna de Recoleta, en la regi\u00f3n Metropolitana, donde el padre Jaime estuvo 16 a\u00f1os sirviendo.<br \/>\nDurante su segundo encuentro con la prensa, el sacerdote reconoci\u00f3 que hay personas que le han pedido poder conversar sobre problemas que hay en la di\u00f3cesis de San Felipe.<br \/>\nSobre la misa de bienvenida, dijo: \u201cPrimero ha sido una fiesta, una eucarist\u00eda muy bien preparada, celebrada masivamente, participada, donde yo personalmente me he sentido acogido, bien recibido, con muestras de cari\u00f1o transversales, pero sin embargo ha habido personas que me han dicho: \u2018Padre, lo esperamos con mucha esperanza, la situaci\u00f3n no es f\u00e1cil, vamos a rezar por usted para que el Se\u00f1or le ayude dando los pasos necesarios para el bien de la di\u00f3cesis\u2019; o sea, he podido ver una comunidad que celebraba una fiesta, pero muy consciente de la realidad que est\u00e1n viviendo que es complicada, pero eso no la he hecho perder la fe\u201d.<br \/>\n<strong>&#8211; Padre, \u00bfc\u00f3mo encuentra a los feligreses, un poco golpeados con todo lo que ha sucedido?<\/strong><br \/>\n&#8211; Lo poquito que he podido ver hasta ahora y escuchar, s\u00ed, me parece muy bien porque es una comunidad que si bien las dificultades no le han hecho perder la fe, pero s\u00ed que es consciente que hay situaciones que arreglar, afrontar y que la crisis que afecta a la iglesia en general tambi\u00e9n tiene sus repercusiones aqu\u00ed en San Felipe.<br \/>\n<strong>&#8211; \u00bfC\u00f3mo pretende conocer esta di\u00f3cesis que tiene tres provincias?<\/strong><br \/>\n&#8211; Yo vengo con toda la buena voluntad, la decisi\u00f3n, disponibilidad tambi\u00e9n, as\u00ed es que de hecho tengo concertadas varias visitas, sean pastorales, aniversarios o de fiestas patronales, etc.; tambi\u00e9n colegios, de a poquito voy a ir conociendo y en el lapso de unos meses pueda yo salir por todas partes y no necesite el \u2018waze\u2019.<br \/>\n<strong>&#8211; \u00bfVa a seguir siendo vicario judicial, es decir ir cumpliendo las dos funciones?<\/strong><br \/>\n&#8211; S\u00ed, de momento s\u00ed, ahora es evidente que con el tiempo de estar ac\u00e1 me va a ir exigiendo cada vez m\u00e1s, y por lo tanto no s\u00e9 cu\u00e1ntos meses podr\u00e9 seguir en Santiago como Vicario Judicial.<br \/>\n<strong>&#8211; Padre, quiz\u00e1s es una pregunta muy anticipada, pero \u00bfha recibido comentarios de personas que quieran hacer alg\u00fan tipo de denuncias, especialmente de connotaci\u00f3n sexual? <\/strong><br \/>\n&#8211; A ver, concretamente de denuncias no, pero s\u00ed ya ha habido varias personas que me han dicho que quieren hablar conmigo por temas delicados y ya estoy empezando a citarlos, a distribuir bien la agenda, y a partir de ma\u00f1ana (lunes) tengo un d\u00eda llen\u00edsimo y as\u00ed el resto de la semana.<br \/>\n<strong>&#8211; \u00bfQu\u00e9 temas delicados pueden ser, algo de connotaci\u00f3n sexual?<\/strong><br \/>\n&#8211; No, eso no lo s\u00e9, algunos me han llamado por tel\u00e9fono, otros me han escrito alg\u00fan mail, y s\u00ed, me han solicitado conversar a la brevedad por situaciones\u2026 de problemas que hay en la di\u00f3cesis.<br \/>\n<strong>&#8211; Parece que dej\u00f3 buenos recuerdos en Recoleta por la cantidad de personas que vinieron a despedirlo.<\/strong><br \/>\n&#8211; O sea he estado 16 a\u00f1os de p\u00e1rroco, entonces no voy a decir que ha venido la parroquia entera, pero que vengan cinco buses y muchos con sus veh\u00edculos, es verdaderamente gratificante y emocionante.<br \/>\n<strong>&#8211; No pas\u00f3 en vano<\/strong><br \/>\n&#8211; No he pasado en vano.<br \/>\n<strong>&#8211; \u00bfCu\u00e1l es la impresi\u00f3n que le queda cuando el Santo Padre lo llama y le pide que se haga cargo de la di\u00f3cesis de San Felipe, una iglesia donde el obispo enfrenta una acusaci\u00f3n semanas antes de aceptar la renuncia?<\/strong><br \/>\n&#8211; Lo que pasa que mi nombramiento como administrador apost\u00f3lico hay que mirarlo en el contexto de todo lo que ha pasado, la iglesia de Chile todos estos a\u00f1os y particularmente desde lo que pas\u00f3 con la visita del Papa, entonces es evidente que los nombramientos, sobre todo los nuevos que est\u00e1 haciendo, son de personas que hemos vivido muy de cerca el mundo de los procesos, del da\u00f1o que sufren las v\u00edctimas y que es algo que hay que tom\u00e1rselo muy enserio.<br \/>\n<strong>-\u00bfQu\u00e9 mensaje le mandar\u00eda a todas las personas de las tres provincias San Felipe, Los Andes y Petorca?<\/strong><br \/>\n&#8211; Pues que cuento con su oraci\u00f3n, con su apoyo, su trabajo, lo he dicho en la homil\u00eda, hoy por hoy el tiempo de las palabras pas\u00f3 y es importante las obras, el testimonio, por eso el mundo de los laicos y especialmente los movimientos y la nueva realidad, es enormemente importante para el resurgir, hacer resucitar a la iglesia.<br \/>\nAl finalizar dijo que una de sus prioridades son los j\u00f3venes.<\/p>\n","protected":false},"excerpt":{"rendered":"<p>Administrador apost\u00f3lico Padre Jaime Ortiz de Lazcano: Este domingo a las 17:00 se efectu\u00f3 la misa de bienvenida al administrador apost\u00f3lico Padre Jaime Ortiz de Lazcano, que ya el 21 de septiembre&#8230;<\/p>\n","protected":false},"author":1,"featured_media":88505,"comment_status":"closed","ping_status":"open","sticky":false,"template":"","format":"standard","meta":{"advanced_seo_description":"","jetpack_seo_html_title":"","jetpack_seo_noindex":false,"_jetpack_memberships_contains_paid_content":false,"footnotes":""},"categories":[15],"tags":[],"class_list":["post-88504","post","type-post","status-publish","format-standard","has-post-thumbnail","hentry","category-comunidad"],"jetpack_featured_media_url":"https:\/\/i0.wp.com\/eltrabajo.cl\/portal\/wp-content\/uploads\/2018\/10\/Padre-Jaime-Ortiz.jpg?fit=580%2C367&ssl=1","jetpack_sharing_enabled":true,"jetpack_likes_enabled":true,"jetpack-related-posts":[],"_links":{"self":[{"href":"https:\/\/eltrabajo.cl\/portal\/wp-json\/wp\/v2\/posts\/88504","targetHints":{"allow":["GET"]}}],"collection":[{"href":"https:\/\/eltrabajo.cl\/portal\/wp-json\/wp\/v2\/posts"}],"about":[{"href":"https:\/\/eltrabajo.cl\/portal\/wp-json\/wp\/v2\/types\/post"}],"author":[{"embeddable":true,"href":"https:\/\/eltrabajo.cl\/portal\/wp-json\/wp\/v2\/users\/1"}],"replies":[{"embeddable":true,"href":"https:\/\/eltrabajo.cl\/portal\/wp-json\/wp\/v2\/comments?post=88504"}],"version-history":[{"count":0,"href":"https:\/\/eltrabajo.cl\/portal\/wp-json\/wp\/v2\/posts\/88504\/revisions"}],"wp:featuredmedia":[{"embeddable":true,"href":"https:\/\/eltrabajo.cl\/portal\/wp-json\/wp\/v2\/media\/88505"}],"wp:attachment":[{"href":"https:\/\/eltrabajo.cl\/portal\/wp-json\/wp\/v2\/media?parent=88504"}],"wp:term":[{"taxonomy":"category","embeddable":true,"href":"https:\/\/eltrabajo.cl\/portal\/wp-json\/wp\/v2\/categories?post=88504"},{"taxonomy":"post_tag","embeddable":true,"href":"https:\/\/eltrabajo.cl\/portal\/wp-json\/wp\/v2\/tags?post=88504"}],"curies":[{"name":"wp","href":"https:\/\/api.w.org\/{rel}","templated":true}]}}