{"id":88517,"date":"2018-10-03T05:04:58","date_gmt":"2018-10-03T09:04:58","guid":{"rendered":"http:\/\/www.eltrabajo.cl\/2017\/?p=88517"},"modified":"2018-10-03T05:04:58","modified_gmt":"2018-10-03T09:04:58","slug":"casi-500-personas-infectadas-con-vih-en-provincias-de-los-andes-y-san-felipe","status":"publish","type":"post","link":"https:\/\/eltrabajo.cl\/portal\/casi-500-personas-infectadas-con-vih-en-provincias-de-los-andes-y-san-felipe\/","title":{"rendered":"Casi 500 personas infectadas con VIH en provincias de Los Andes y San Felipe"},"content":{"rendered":"<figure id=\"attachment_88520\" aria-describedby=\"caption-attachment-88520\" style=\"width: 580px\" class=\"wp-caption alignnone\"><img data-recalc-dims=\"1\" loading=\"lazy\" decoding=\"async\" class=\"size-full wp-image-88520\" src=\"https:\/\/i0.wp.com\/www.eltrabajo.cl\/2017\/wp-content\/uploads\/2018\/10\/Claudia-Abarca.jpg?resize=580%2C427\" alt=\"Claudia Abarca Cataldo, jefa de la autoridad sanitaria.\" width=\"580\" height=\"427\" srcset=\"https:\/\/i0.wp.com\/eltrabajo.cl\/portal\/wp-content\/uploads\/2018\/10\/Claudia-Abarca.jpg?w=580&amp;ssl=1 580w, https:\/\/i0.wp.com\/eltrabajo.cl\/portal\/wp-content\/uploads\/2018\/10\/Claudia-Abarca.jpg?resize=200%2C147&amp;ssl=1 200w, https:\/\/i0.wp.com\/eltrabajo.cl\/portal\/wp-content\/uploads\/2018\/10\/Claudia-Abarca.jpg?resize=300%2C221&amp;ssl=1 300w, https:\/\/i0.wp.com\/eltrabajo.cl\/portal\/wp-content\/uploads\/2018\/10\/Claudia-Abarca.jpg?resize=204%2C150&amp;ssl=1 204w, https:\/\/i0.wp.com\/eltrabajo.cl\/portal\/wp-content\/uploads\/2018\/10\/Claudia-Abarca.jpg?resize=400%2C294&amp;ssl=1 400w\" sizes=\"auto, (max-width: 580px) 100vw, 580px\" \/><figcaption id=\"caption-attachment-88520\" class=\"wp-caption-text\">Claudia Abarca Cataldo, jefa de la autoridad sanitaria.<\/figcaption><\/figure>\n<p>En el valle de Aconcagua hay alrededor de 490 casos confirmados de personas que padecen del Virus de la Inmunodeficiencia Humana (VIH), los que han sido pesquisados en los controles que se realizan en los distintos centros de salud de las provincias de Los Andes y San Felipe. Constantemente est\u00e1n ingresando nuevos casos, y por supuesto los que est\u00e1n en etapa SIDA y van falleciendo, van saliendo del listado.<br \/>\nAl respecto la jefa de la Autoridad Sanitaria, Claudia Abarca Cataldo, dijo que en general en el Valle del Aconcagua est\u00e1n llevando los mismos lineamientos que a nivel pa\u00eds, \u201cno nos estamos escapando, eso por lo menos para que estemos tranquilos, se est\u00e1n consignando unos cien casos anuales porque a nosotros nos van dando los datos cuando est\u00e9n confirmados por el ISP (Instituto de Salud P\u00fablica), son alrededor de cien anuales, pero van entrando y van saliendo, pero el promedio se nos mantiene en 490\u201d, sostuvo.<br \/>\n<strong>&#8211; Es decir, hoy podemos decir que hay 490 personas infectadas con el Sida.<\/strong><br \/>\n&#8211; Exactamente, hasta este minuto s\u00ed, VIH son portadores o est\u00e1n en etapa Sida, son los que est\u00e1n controlados en el sistema.<br \/>\n<strong>&#8211; \u00bfEsta enfermedad la cubre el AUGE?<\/strong><br \/>\n&#8211; S\u00ed, est\u00e1 protegido por el sistema.<br \/>\n<strong>&#8211; \u00bfEs preocupante esta cifra?<\/strong><br \/>\n&#8211; Siempre es preocupante porque digamos, la idea es que esto vaya disminuyendo, pero seg\u00fan los estudios de ONU Sida, nosotros en Chile debi\u00e9ramos tener alrededor de 65 mil casos, se proyecta qua anualmente vayan creciendo en unos cinco mil, eso es lo que se proyecta, pero nosotros de todas maneras a nivel pa\u00eds estamos con metas s\u00faper auspiciosas, con muchas ganas de aqu\u00ed al 2030 eliminemos la etapa SIDA y de VIH.<br \/>\n<strong>&#8211; \u00bfQu\u00e9 medidas se pueden adoptar para no seguir aumentando esta cifra?<\/strong><br \/>\n&#8211; Primero considerar que el VIH es una enfermedad cr\u00f3nica, si est\u00e1 tratada, es una enfermedad cr\u00f3nica, hoy en d\u00eda la persona que recibe tratamiento puede prolongar su vida y su vida sana, no hace la etapa SIDA que es la complicada. En el fondo es cuando ya la inmunodeficiencia es declarada y la persona fallece por enfermedades comunes, neumon\u00eda o un resfriado m\u00e1s fuerte, porque eso es el VIH en el fondo.<br \/>\n<strong>&#8211; \u00bfSe tienen las causas principales porque se contagia el virus del SIDA en el Valle de Aconcagua, las que predominan?<\/strong><br \/>\n&#8211; El contagio del SIDA es a trav\u00e9s de distintas secreciones, principalmente las de transmisi\u00f3n sexual y efectivamente todos los casos nuevos que han ingresado el 2017 \u00f3 los comprobados, el 99% declar\u00f3 por contacto sexual y principalmente contacto homosexual hombre con hombre.<br \/>\n<strong>&#8211; En cuando a los grupos etarios, \u00bfse tiene el rango de edades? <\/strong><br \/>\n&#8211; S\u00ed, los grupos etarios est\u00e1n entre los 20 y 49 a\u00f1os a nivel nacional, ese es el grupo donde hay m\u00e1s inicio.<br \/>\n<strong>&#8211; \u00bfEn el Valle de Aconcagua predominan esos grupos etarios?<\/strong><br \/>\n&#8211; Predomina, pero en la poblaci\u00f3n m\u00e1s joven, bajo 24 a\u00f1os, en la etapa m\u00e1s precoz, y es ah\u00ed donde se est\u00e1n detectando m\u00e1s casos.<br \/>\n<strong>&#8211; \u00bfPor qu\u00e9 cree usted que pasa eso?<\/strong><br \/>\n&#8211; Yo creo que es por la conducta, conducta sexual que en el fondo a la edad de adolescente, principalmente por el despertar sexual m\u00e1s temprano, y tambi\u00e9n porque los chicos est\u00e1n m\u00e1s relajados, dir\u00eda yo, que creen lo t\u00edpico que a m\u00ed no me va a pasar, entonces es donde nosotros tenemos que hacer fuertes campa\u00f1as para incentivar a los chicos de que se hagan el test y detectar el VIH. Uno puede vivir a\u00f1os con el VIH y \u00e9ste no manifestarse, entonces la idea es prevenir antes y en general la poblaci\u00f3n si se detecta que tiene el virus, que reciba las terapias antirretrovirales, porque con esto disminuimos la posibilidad que la persona llegue a la etapa m\u00e1s compleja que es el SIDA.<br \/>\n<strong>&#8211; \u00bfQu\u00e9 medidas preventivas se pueden adoptar?<\/strong><br \/>\n&#8211; Son las que se han conocido siempre, en el fondo tratar de tener la menor cantidad de parejas sexuales posible, el uso correcto del cond\u00f3n principalmente, esas por lo que es transmisi\u00f3n sexual, por supuesto el contagio sangu\u00edneo ya sea de agujas, lo ideal es que no haya este tipo de cruces.<br \/>\n<strong>&#8211; \u00bfSe est\u00e1n realizando campa\u00f1as para prevenir el SIDA?<\/strong><br \/>\n&#8211; Se est\u00e1 realizando en este minuto una a nivel nacional televisiva, donde se llama a un casting de chicos, donde le preguntan: \u00bfQui\u00e9nes se har\u00edan el test?, es una forma de hacerlo m\u00e1s amigable, el que puedan detectar a tiempo que sean portadores.<br \/>\n<strong>&#8211; \u00bfQu\u00e9 responsabilidad tiene la familia en todo esto?<\/strong><br \/>\n&#8211; Es important\u00edsima, esto es una tarea no solo a nivel de gobierno, es de comuna, poblaci\u00f3n, familia, la verdad es que esto es una enfermedad cr\u00f3nica y el paciente en s\u00ed tiene que tratarse como tal, siempre involucra a la familia.<br \/>\n<strong>&#8211; \u00bfEl test de Elisa se puede realizar en cualquier hospital o en los centros de salud familiar?<\/strong><br \/>\n&#8211; S\u00ed, hoy en d\u00eda hay mucho acceso, en el fondo pueden consultar ac\u00e1 en San Felipe, en los consultorios principales, hospital e incluso uno puede ir en forma particular, pedirle a un m\u00e9dico que le haga una orden e ir directamente al centro de diagn\u00f3stico, o incluso tambi\u00e9n se puede ir directamente a los centros de diagn\u00f3sticos y se cancela un valor y se hace el test.<br \/>\nLos 490 casos pesquisados hasta el momento corresponden al 2017, pues se est\u00e1 a la espera del informe final del ISP correspondiente al 2018.<\/p>\n<figure id=\"attachment_88518\" aria-describedby=\"caption-attachment-88518\" style=\"width: 580px\" class=\"wp-caption alignnone\"><img data-recalc-dims=\"1\" loading=\"lazy\" decoding=\"async\" class=\"size-full wp-image-88518\" src=\"https:\/\/i0.wp.com\/www.eltrabajo.cl\/2017\/wp-content\/uploads\/2018\/10\/campa%C3%B1a-vih-2017.jpg?resize=580%2C580\" alt=\"Ya el a\u00f1o pasado se advirti\u00f3 un aumento a nivel nacional dfel VIH y la campa\u00f1a se enfoc\u00f3 precisamente a no olvidar que se trata de una enfermedad grave.\" width=\"580\" height=\"580\" srcset=\"https:\/\/i0.wp.com\/eltrabajo.cl\/portal\/wp-content\/uploads\/2018\/10\/campa%C3%B1a-vih-2017.jpg?w=580&amp;ssl=1 580w, https:\/\/i0.wp.com\/eltrabajo.cl\/portal\/wp-content\/uploads\/2018\/10\/campa%C3%B1a-vih-2017.jpg?resize=150%2C150&amp;ssl=1 150w, https:\/\/i0.wp.com\/eltrabajo.cl\/portal\/wp-content\/uploads\/2018\/10\/campa%C3%B1a-vih-2017.jpg?resize=300%2C300&amp;ssl=1 300w, https:\/\/i0.wp.com\/eltrabajo.cl\/portal\/wp-content\/uploads\/2018\/10\/campa%C3%B1a-vih-2017.jpg?resize=400%2C400&amp;ssl=1 400w\" sizes=\"auto, (max-width: 580px) 100vw, 580px\" \/><figcaption id=\"caption-attachment-88518\" class=\"wp-caption-text\">Ya el a\u00f1o pasado se advirti\u00f3 un aumento a nivel nacional dfel VIH y la campa\u00f1a se enfoc\u00f3 precisamente a no olvidar que se trata de una enfermedad grave.<\/figcaption><\/figure>\n<figure id=\"attachment_88519\" aria-describedby=\"caption-attachment-88519\" style=\"width: 579px\" class=\"wp-caption alignnone\"><img data-recalc-dims=\"1\" loading=\"lazy\" decoding=\"async\" class=\"size-full wp-image-88519\" src=\"https:\/\/i0.wp.com\/www.eltrabajo.cl\/2017\/wp-content\/uploads\/2018\/10\/campa%C3%B1a-vih-2018.jpg?resize=579%2C307\" alt=\"Algunos de los afiches de la campa\u00f1a 2018, que llama a practicarse el examen.\" width=\"579\" height=\"307\" srcset=\"https:\/\/i0.wp.com\/eltrabajo.cl\/portal\/wp-content\/uploads\/2018\/10\/campa%C3%B1a-vih-2018.jpg?w=579&amp;ssl=1 579w, https:\/\/i0.wp.com\/eltrabajo.cl\/portal\/wp-content\/uploads\/2018\/10\/campa%C3%B1a-vih-2018.jpg?resize=200%2C106&amp;ssl=1 200w, https:\/\/i0.wp.com\/eltrabajo.cl\/portal\/wp-content\/uploads\/2018\/10\/campa%C3%B1a-vih-2018.jpg?resize=300%2C159&amp;ssl=1 300w, https:\/\/i0.wp.com\/eltrabajo.cl\/portal\/wp-content\/uploads\/2018\/10\/campa%C3%B1a-vih-2018.jpg?resize=283%2C150&amp;ssl=1 283w, https:\/\/i0.wp.com\/eltrabajo.cl\/portal\/wp-content\/uploads\/2018\/10\/campa%C3%B1a-vih-2018.jpg?resize=400%2C212&amp;ssl=1 400w\" sizes=\"auto, (max-width: 579px) 100vw, 579px\" \/><figcaption id=\"caption-attachment-88519\" class=\"wp-caption-text\">Algunos de los afiches de la campa\u00f1a 2018, que llama a practicarse el examen.<\/figcaption><\/figure>\n","protected":false},"excerpt":{"rendered":"<p>En el valle de Aconcagua hay alrededor de 490 casos confirmados de personas que padecen del Virus de la Inmunodeficiencia Humana (VIH), los que han sido pesquisados en los controles que se&#8230;<\/p>\n","protected":false},"author":1,"featured_media":88519,"comment_status":"closed","ping_status":"open","sticky":false,"template":"","format":"standard","meta":{"advanced_seo_description":"","jetpack_seo_html_title":"","jetpack_seo_noindex":false,"_jetpack_memberships_contains_paid_content":false,"footnotes":""},"categories":[1],"tags":[],"class_list":["post-88517","post","type-post","status-publish","format-standard","has-post-thumbnail","hentry","category-cronica"],"jetpack_featured_media_url":"https:\/\/i0.wp.com\/eltrabajo.cl\/portal\/wp-content\/uploads\/2018\/10\/campa%C3%B1a-vih-2018.jpg?fit=579%2C307&ssl=1","jetpack_sharing_enabled":true,"jetpack_likes_enabled":true,"jetpack-related-posts":[],"_links":{"self":[{"href":"https:\/\/eltrabajo.cl\/portal\/wp-json\/wp\/v2\/posts\/88517","targetHints":{"allow":["GET"]}}],"collection":[{"href":"https:\/\/eltrabajo.cl\/portal\/wp-json\/wp\/v2\/posts"}],"about":[{"href":"https:\/\/eltrabajo.cl\/portal\/wp-json\/wp\/v2\/types\/post"}],"author":[{"embeddable":true,"href":"https:\/\/eltrabajo.cl\/portal\/wp-json\/wp\/v2\/users\/1"}],"replies":[{"embeddable":true,"href":"https:\/\/eltrabajo.cl\/portal\/wp-json\/wp\/v2\/comments?post=88517"}],"version-history":[{"count":0,"href":"https:\/\/eltrabajo.cl\/portal\/wp-json\/wp\/v2\/posts\/88517\/revisions"}],"wp:featuredmedia":[{"embeddable":true,"href":"https:\/\/eltrabajo.cl\/portal\/wp-json\/wp\/v2\/media\/88519"}],"wp:attachment":[{"href":"https:\/\/eltrabajo.cl\/portal\/wp-json\/wp\/v2\/media?parent=88517"}],"wp:term":[{"taxonomy":"category","embeddable":true,"href":"https:\/\/eltrabajo.cl\/portal\/wp-json\/wp\/v2\/categories?post=88517"},{"taxonomy":"post_tag","embeddable":true,"href":"https:\/\/eltrabajo.cl\/portal\/wp-json\/wp\/v2\/tags?post=88517"}],"curies":[{"name":"wp","href":"https:\/\/api.w.org\/{rel}","templated":true}]}}