{"id":88530,"date":"2018-10-04T05:00:49","date_gmt":"2018-10-04T09:00:49","guid":{"rendered":"http:\/\/www.eltrabajo.cl\/2017\/?p=88530"},"modified":"2018-10-04T05:00:49","modified_gmt":"2018-10-04T09:00:49","slug":"unos-120-profesores-adhirieron-al-paro-nacional-convocado-por-el-gremio","status":"publish","type":"post","link":"https:\/\/eltrabajo.cl\/portal\/unos-120-profesores-adhirieron-al-paro-nacional-convocado-por-el-gremio\/","title":{"rendered":"Unos 120 profesores adhirieron al paro nacional convocado por el gremio"},"content":{"rendered":"<figure id=\"attachment_88532\" aria-describedby=\"caption-attachment-88532\" style=\"width: 580px\" class=\"wp-caption alignnone\"><img data-recalc-dims=\"1\" loading=\"lazy\" decoding=\"async\" class=\"size-full wp-image-88532\" src=\"https:\/\/i0.wp.com\/www.eltrabajo.cl\/2017\/wp-content\/uploads\/2018\/10\/profesores-Iturrieta.jpg?resize=580%2C399\" alt=\"El presidente de los profesores, Juan Iturrieta, durante el pleno desarrollado en la sede del Colegio de Profesores.\" width=\"580\" height=\"399\" srcset=\"https:\/\/i0.wp.com\/eltrabajo.cl\/portal\/wp-content\/uploads\/2018\/10\/profesores-Iturrieta.jpg?w=580&amp;ssl=1 580w, https:\/\/i0.wp.com\/eltrabajo.cl\/portal\/wp-content\/uploads\/2018\/10\/profesores-Iturrieta.jpg?resize=200%2C138&amp;ssl=1 200w, https:\/\/i0.wp.com\/eltrabajo.cl\/portal\/wp-content\/uploads\/2018\/10\/profesores-Iturrieta.jpg?resize=300%2C206&amp;ssl=1 300w, https:\/\/i0.wp.com\/eltrabajo.cl\/portal\/wp-content\/uploads\/2018\/10\/profesores-Iturrieta.jpg?resize=218%2C150&amp;ssl=1 218w, https:\/\/i0.wp.com\/eltrabajo.cl\/portal\/wp-content\/uploads\/2018\/10\/profesores-Iturrieta.jpg?resize=400%2C275&amp;ssl=1 400w\" sizes=\"auto, (max-width: 580px) 100vw, 580px\" \/><figcaption id=\"caption-attachment-88532\" class=\"wp-caption-text\">El presidente de los profesores, Juan Iturrieta, durante el pleno desarrollado en la sede del Colegio de Profesores.<\/figcaption><\/figure>\n<p>En la sede del Colegio de Profesores ubicada en calle Carlos Condell se reunieron los docentes de San Felipe en pleno con motivo del llamado a paro hecho por el gremio a nivel nacional.<br \/>\nSeg\u00fan el presidente del gremio de la provincia de San Felipe, profesor Juan Iturrieta, fueron unos 120 los profesores que adhirieron a esta movilizaci\u00f3n.<br \/>\n\u201cEste es un acuerdo de la \u00faltima asamblea nacional en la cual se acord\u00f3 un paro diferido los d\u00edas 3 y 4 de octubre, el d\u00eda 3 son I, II, IV, V, y VI regiones, ma\u00f1ana (hoy) las dem\u00e1s regiones. Es una estrategia que tom\u00f3 el Colegio de Profesores a nivel nacional para ver situaciones de convocatoria y realmente hacer un movimiento a nivel nacional, es por eso que este paro es diferido en dos d\u00edas\u201d, dijo Iturrieta.<br \/>\n<strong>&#8211; Pero igual hubo clases en San Felipe.<\/strong><br \/>\n&#8211; S\u00ed, hay escuelas que est\u00e1n en clases como ha sido la t\u00f3nica de los \u00faltimos paros a nivel nacional, la paralizaci\u00f3n no ha sido total, me aprovecho de esta situaci\u00f3n para hacer un llamado a todos los profesores de nuestro sistema por el grave problema que estamos teniendo, o sea aqu\u00ed no solamente est\u00e1 en juego la parte de los profesores municipales, sino que tambi\u00e9n los subvencionados, particulares, son profesores que por diversas situaciones no pueden adherirse a un paro, pero s\u00ed podr\u00edan hacerlo a trav\u00e9s de una carta de una situaci\u00f3n en la cual cierto pudi\u00e9ramos nosotros tener el respaldo, el apoyo tambi\u00e9n de ellos como profesores.<br \/>\n<strong>&#8211; Si hablamos de porcentaje o n\u00fameros de profesores adheridos al paro, \u00bfse puede entregar un n\u00famero o porcentaje? <\/strong><br \/>\n&#8211; Eso no lo he hecho en este momento, no lo hemos determinado, pero en nuestro sal\u00f3n deben haber por lo menos unas 120 personas, hay escuelas que est\u00e1n en su totalidad y otras que adhirieron un porcentaje digamos, y eso es una situaci\u00f3n bastante particular en San Felipe, San Felipe siempre se ha destacado porque jam\u00e1s hemos tenido una gran convocatoria.<br \/>\n<strong>&#8211; \u00bfLos motivos de este paro? <\/strong><br \/>\n&#8211; Los motivos nuestros son los mismos que la vez anterior, es sobre el petitorio que hizo el Colegio de Profesores al Ministerio de Educaci\u00f3n y en el cual la respuesta que nos dio es muy vaga, no hay situaciones claras y eso por supuesto nos tiene muy molestos.<br \/>\n<strong>&#8211; \u00bfLa principal es la deuda hist\u00f3rica?<\/strong><br \/>\n&#8211; Esa es una de las principales, es nuestro primer punto del petitorio que hizo el Colegio de Profesores a nivel nacional, por razones llam\u00e9mosle m\u00e1s que nada en cuanto a lo que hoy se involucra, en este momento son setenta mil profesores nivel pa\u00eds que el Estado de Chile tiene una deuda con ellos y en este momento uno de nuestros puntos del petitorio es el traspaso que nuevamente se va hacer a nosotros los profesores, a los nuevos sistemas de educaci\u00f3n que son los sistemas locales de educaci\u00f3n. Eso nos preocupa porque esto puede crear una nueva deuda hist\u00f3rica, en qu\u00e9 sentido, a muchos colegas nivel pa\u00eds se les est\u00e1n debiendo cotizaciones, previsi\u00f3n, dentro de nuestro salario hay situaciones que no est\u00e1n al d\u00eda como el VRP y etc., el temor que se tiene a nivel del colegio de profesores es que se cree una segunda deuda hist\u00f3rica.<\/p>\n<p><span style=\"color: #ff0000;\"><strong>TRABAS<\/strong><\/span><br \/>\nDestac\u00f3 que uno de los puntos analizados durante la asamblea de ayer fue sobre la convocatoria y las trabas que les ponen en los establecimientos de la educaci\u00f3n municipalizada; \u201cmuchos de nuestros colegas nos informan de los problemas que han tenido en sus escuelas para poder llegar ac\u00e1, represalias, en algunos casos amenazas si se adhieren al paro, es algo grave yo creo que todos los trabajadores tenemos la libertad de paralizarlos en un momento determinado en nuestras actividades, adem\u00e1s en este paro no se est\u00e1 viendo una situaci\u00f3n de plata como mucha gente lo piensa, nosotros aqu\u00ed estamos luchando por una nueva y mejor educaci\u00f3n p\u00fablica para nuestros chiquillos, sobre todo en nuestras escuelas municipales, muchas son muy vulnerables y esto trae como consecuencia todas estas situaciones a nivel comunal ac\u00e1 en San Felipe afecta y los colega no han llegado justamente por eso\u201d, finaliz\u00f3 el dirigente.<br \/>\nAyer a las cinco de la tarde iban a realizar una marcha por las calles de la ciudad.<br \/>\nHoy 4 de octubre no hay paro, se trabaja en forma normal.<\/p>\n<figure id=\"attachment_88531\" aria-describedby=\"caption-attachment-88531\" style=\"width: 580px\" class=\"wp-caption alignnone\"><img data-recalc-dims=\"1\" loading=\"lazy\" decoding=\"async\" class=\"size-full wp-image-88531\" src=\"https:\/\/i0.wp.com\/www.eltrabajo.cl\/2017\/wp-content\/uploads\/2018\/10\/profesores-2.jpg?resize=580%2C400\" alt=\"Un grupo de profesores participando durante el pleno de ayer en su sede de Carlos Condell.\" width=\"580\" height=\"400\" srcset=\"https:\/\/i0.wp.com\/eltrabajo.cl\/portal\/wp-content\/uploads\/2018\/10\/profesores-2.jpg?w=580&amp;ssl=1 580w, https:\/\/i0.wp.com\/eltrabajo.cl\/portal\/wp-content\/uploads\/2018\/10\/profesores-2.jpg?resize=200%2C138&amp;ssl=1 200w, https:\/\/i0.wp.com\/eltrabajo.cl\/portal\/wp-content\/uploads\/2018\/10\/profesores-2.jpg?resize=300%2C207&amp;ssl=1 300w, https:\/\/i0.wp.com\/eltrabajo.cl\/portal\/wp-content\/uploads\/2018\/10\/profesores-2.jpg?resize=218%2C150&amp;ssl=1 218w, https:\/\/i0.wp.com\/eltrabajo.cl\/portal\/wp-content\/uploads\/2018\/10\/profesores-2.jpg?resize=400%2C276&amp;ssl=1 400w\" sizes=\"auto, (max-width: 580px) 100vw, 580px\" \/><figcaption id=\"caption-attachment-88531\" class=\"wp-caption-text\">Un grupo de profesores participando durante el pleno de ayer en su sede de Carlos Condell.<\/figcaption><\/figure>\n","protected":false},"excerpt":{"rendered":"<p>En la sede del Colegio de Profesores ubicada en calle Carlos Condell se reunieron los docentes de San Felipe en pleno con motivo del llamado a paro hecho por el gremio a&#8230;<\/p>\n","protected":false},"author":1,"featured_media":88531,"comment_status":"open","ping_status":"open","sticky":false,"template":"","format":"standard","meta":{"advanced_seo_description":"","jetpack_seo_html_title":"","jetpack_seo_noindex":false,"_jetpack_memberships_contains_paid_content":false,"footnotes":""},"categories":[1],"tags":[],"class_list":["post-88530","post","type-post","status-publish","format-standard","has-post-thumbnail","hentry","category-cronica"],"jetpack_featured_media_url":"https:\/\/i0.wp.com\/eltrabajo.cl\/portal\/wp-content\/uploads\/2018\/10\/profesores-2.jpg?fit=580%2C400&ssl=1","jetpack_sharing_enabled":true,"jetpack_likes_enabled":true,"jetpack-related-posts":[],"_links":{"self":[{"href":"https:\/\/eltrabajo.cl\/portal\/wp-json\/wp\/v2\/posts\/88530","targetHints":{"allow":["GET"]}}],"collection":[{"href":"https:\/\/eltrabajo.cl\/portal\/wp-json\/wp\/v2\/posts"}],"about":[{"href":"https:\/\/eltrabajo.cl\/portal\/wp-json\/wp\/v2\/types\/post"}],"author":[{"embeddable":true,"href":"https:\/\/eltrabajo.cl\/portal\/wp-json\/wp\/v2\/users\/1"}],"replies":[{"embeddable":true,"href":"https:\/\/eltrabajo.cl\/portal\/wp-json\/wp\/v2\/comments?post=88530"}],"version-history":[{"count":0,"href":"https:\/\/eltrabajo.cl\/portal\/wp-json\/wp\/v2\/posts\/88530\/revisions"}],"wp:featuredmedia":[{"embeddable":true,"href":"https:\/\/eltrabajo.cl\/portal\/wp-json\/wp\/v2\/media\/88531"}],"wp:attachment":[{"href":"https:\/\/eltrabajo.cl\/portal\/wp-json\/wp\/v2\/media?parent=88530"}],"wp:term":[{"taxonomy":"category","embeddable":true,"href":"https:\/\/eltrabajo.cl\/portal\/wp-json\/wp\/v2\/categories?post=88530"},{"taxonomy":"post_tag","embeddable":true,"href":"https:\/\/eltrabajo.cl\/portal\/wp-json\/wp\/v2\/tags?post=88530"}],"curies":[{"name":"wp","href":"https:\/\/api.w.org\/{rel}","templated":true}]}}