{"id":88537,"date":"2018-10-04T05:02:46","date_gmt":"2018-10-04T09:02:46","guid":{"rendered":"http:\/\/www.eltrabajo.cl\/2017\/?p=88537"},"modified":"2018-10-04T05:02:46","modified_gmt":"2018-10-04T09:02:46","slug":"apoderados-en-charla-con-pilar-sordo-para-potenciar-habilidades-parentales","status":"publish","type":"post","link":"https:\/\/eltrabajo.cl\/portal\/apoderados-en-charla-con-pilar-sordo-para-potenciar-habilidades-parentales\/","title":{"rendered":"Apoderados en charla con Pilar Sordo para potenciar habilidades parentales"},"content":{"rendered":"<figure id=\"attachment_88538\" aria-describedby=\"caption-attachment-88538\" style=\"width: 580px\" class=\"wp-caption alignnone\"><img data-recalc-dims=\"1\" loading=\"lazy\" decoding=\"async\" class=\"size-full wp-image-88538\" src=\"https:\/\/i0.wp.com\/www.eltrabajo.cl\/2017\/wp-content\/uploads\/2018\/10\/charla-Esc-Jos%C3%A9-de-San-Mart%C3%ADn.jpg?resize=580%2C399\" alt=\"Autoridades encabezadas por el alcalde Patricio Freire y p\u00fablico en general, escucharon con atenci\u00f3n las siempre entretenidas charlas de Pilar Sordo.\" width=\"580\" height=\"399\" srcset=\"https:\/\/i0.wp.com\/eltrabajo.cl\/portal\/wp-content\/uploads\/2018\/10\/charla-Esc-Jos%C3%A9-de-San-Mart%C3%ADn.jpg?w=580&amp;ssl=1 580w, https:\/\/i0.wp.com\/eltrabajo.cl\/portal\/wp-content\/uploads\/2018\/10\/charla-Esc-Jos%C3%A9-de-San-Mart%C3%ADn.jpg?resize=200%2C138&amp;ssl=1 200w, https:\/\/i0.wp.com\/eltrabajo.cl\/portal\/wp-content\/uploads\/2018\/10\/charla-Esc-Jos%C3%A9-de-San-Mart%C3%ADn.jpg?resize=300%2C206&amp;ssl=1 300w, https:\/\/i0.wp.com\/eltrabajo.cl\/portal\/wp-content\/uploads\/2018\/10\/charla-Esc-Jos%C3%A9-de-San-Mart%C3%ADn.jpg?resize=218%2C150&amp;ssl=1 218w, https:\/\/i0.wp.com\/eltrabajo.cl\/portal\/wp-content\/uploads\/2018\/10\/charla-Esc-Jos%C3%A9-de-San-Mart%C3%ADn.jpg?resize=400%2C275&amp;ssl=1 400w\" sizes=\"auto, (max-width: 580px) 100vw, 580px\" \/><figcaption id=\"caption-attachment-88538\" class=\"wp-caption-text\">Autoridades encabezadas por el alcalde Patricio Freire y p\u00fablico en general, escucharon con atenci\u00f3n las siempre entretenidas charlas de Pilar Sordo.<\/figcaption><\/figure>\n<p><span style=\"color: #ff0000;\"><strong>Establecimientos educacionales municipales:<\/strong><\/span><\/p>\n<ul>\n<li><strong>La actividad tuvo como objetivo recorrer la vida de los j\u00f3venes, observando los conflictos entre padres e hijos en distintas etapas.<\/strong><\/li>\n<\/ul>\n<p>Dos jornadas educativas enfocadas en los padres y apoderados del Liceo Corina Urbina y de la Escuela Jos\u00e9 de San Mart\u00edn, realiz\u00f3 el viernes reci\u00e9n pasado la destacada psic\u00f3loga Pilar Sordo en San Felipe.<br \/>\nLa profesional, que adem\u00e1s es conferencista y escritora, abord\u00f3 en un lenguaje simple y cercano y en varios momentos, apelando a su propia experiencia, la relaci\u00f3n de los padres con sus hijos, un tema que se ha vuelto m\u00e1s complejo con el paso de los a\u00f1os.<br \/>\nInstalados en el patio del Liceo Corina Urbina y en un auditorio preparado para la charla, en el caso de la Escuela Jos\u00e9 de San Mart\u00edn, los apoderados, docentes, asistentes de la educaci\u00f3n e invitados especiales que asistieron a las charlas, escucharon un mon\u00f3logo, mezcla de humor con sus investigaciones y su historia de vida, y que est\u00e1 basado en el libro \u2018No quiero crecer\u2019 (2009), que apunta a las inconsistencias que ella ve en c\u00f3mo los padres educan a sus hijos.<br \/>\n\u201cLo que yo hago es contar mis caminatas y esas caminatas, que por efecto motiven es lo que yo busco, pero va a depender de la gente en c\u00f3mo se traduce esto, a que de verdad se pueda hablar de las emociones, de verdad nos preguntemos de las inconsistencias parentales y cada uno ver\u00e1 c\u00f3mo lo puede aplicar de la mejor forma posible\u201d, dijo la conferencista.<br \/>\nLa directora del Liceo Corina Urbina, Wilta Berr\u00edos, se\u00f1al\u00f3 que durante todo el a\u00f1o han trabajado en este tema, realizando un diagn\u00f3stico sobre la relaci\u00f3n de los ni\u00f1os y j\u00f3venes con sus padres.<br \/>\n\u201cDesde ese diagn\u00f3stico, ha nacido la idea de contar con este recurso, como es Pilar Sordo, que por cierto no nos va a venir a solucionar el problema, pero va a venir a ayudar en aquellas cosas que los padres necesitan, como las habilidades parentales\u201d, dijo la profesional, quien agreg\u00f3 que la educaci\u00f3n municipal de San Felipe est\u00e1 trabajando diariamente este tema, as\u00ed como tambi\u00e9n enfocados en el \u00e1rea de convivencia y en lo pedag\u00f3gico.<br \/>\n\u201cEste trabajo de hoy d\u00eda viene a decir que nosotros, los directores de la comuna de San Felipe y los profesores, estamos comprometidos con la educaci\u00f3n, y como educaci\u00f3n municipal a veces nos cuesta un poco m\u00e1s y ahora estamos recibiendo estas herramientas directas de esta profesional que es de nivel internacional\u201d.<br \/>\nLa directora de la Escuela Jos\u00e9 de San Mart\u00edn, Ximena Baquedano, sostuvo que la charla realizada el viernes es parte de un ciclo de conferencias que ha realizado el establecimiento durante el a\u00f1o, enfocadas en trabajar con los distintos actores que forman parte de las comunidades educativas.<br \/>\n\u201cNuestro principal inter\u00e9s es fortalecer el rol de apoderado al interior de la escuela. La verdad es que tenemos un alto n\u00famero de apoderados y por cierto un gran porcentaje de ellos son muy responsables y comprometidos con la educaci\u00f3n de sus hijos, sin embargo, creo que siempre es bueno traer expertos que puedan fortalecer el rol del padre y del apoderado\u201d, dijo la directora.<br \/>\nLas actividades contaron con la presencia de autoridades comunales encabezadas por el alcalde Patricio Freire y los concejales Dante Rodr\u00edguez y Mario Villanueva, quien destac\u00f3 la realizaci\u00f3n de este tipo de iniciativas en beneficio de la familia sanfelipe\u00f1a: \u201cMe parece muy adecuado que nuestros apoderados tengan la posibilidad de capacitarse respecto de nuevas t\u00e9cnicas, o de retomar ciertos reglamentos respecto de la crianza de nuestros ni\u00f1os, donde sigue siendo fundamental el n\u00facleo de la familia, que es un pilar muy importante\u201d.<\/p>\n<figure id=\"attachment_88539\" aria-describedby=\"caption-attachment-88539\" style=\"width: 580px\" class=\"wp-caption alignnone\"><img data-recalc-dims=\"1\" loading=\"lazy\" decoding=\"async\" class=\"size-full wp-image-88539\" src=\"https:\/\/i0.wp.com\/www.eltrabajo.cl\/2017\/wp-content\/uploads\/2018\/10\/charla-Liceo-Corina-Urbina-2.jpg?resize=580%2C399\" alt=\"La comunidad educativa del Liceo Corina Urbina tambi\u00e9n pudo disfrutar de las experiencias de la destacada conferencista. \" width=\"580\" height=\"399\" srcset=\"https:\/\/i0.wp.com\/eltrabajo.cl\/portal\/wp-content\/uploads\/2018\/10\/charla-Liceo-Corina-Urbina-2.jpg?w=580&amp;ssl=1 580w, https:\/\/i0.wp.com\/eltrabajo.cl\/portal\/wp-content\/uploads\/2018\/10\/charla-Liceo-Corina-Urbina-2.jpg?resize=200%2C138&amp;ssl=1 200w, https:\/\/i0.wp.com\/eltrabajo.cl\/portal\/wp-content\/uploads\/2018\/10\/charla-Liceo-Corina-Urbina-2.jpg?resize=300%2C206&amp;ssl=1 300w, https:\/\/i0.wp.com\/eltrabajo.cl\/portal\/wp-content\/uploads\/2018\/10\/charla-Liceo-Corina-Urbina-2.jpg?resize=218%2C150&amp;ssl=1 218w, https:\/\/i0.wp.com\/eltrabajo.cl\/portal\/wp-content\/uploads\/2018\/10\/charla-Liceo-Corina-Urbina-2.jpg?resize=400%2C275&amp;ssl=1 400w\" sizes=\"auto, (max-width: 580px) 100vw, 580px\" \/><figcaption id=\"caption-attachment-88539\" class=\"wp-caption-text\">La comunidad educativa del Liceo Corina Urbina tambi\u00e9n pudo disfrutar de las experiencias de la destacada conferencista.<\/figcaption><\/figure>\n<figure id=\"attachment_88540\" aria-describedby=\"caption-attachment-88540\" style=\"width: 580px\" class=\"wp-caption alignnone\"><img data-recalc-dims=\"1\" loading=\"lazy\" decoding=\"async\" class=\"size-full wp-image-88540\" src=\"https:\/\/i0.wp.com\/www.eltrabajo.cl\/2017\/wp-content\/uploads\/2018\/10\/charla-pilar-sordo.jpg?resize=580%2C397\" alt=\"La expresiva y destacada psic\u00f3loga, escritora y conferencista Pilar Sordo, bas\u00f3 la charla en su propia experiencia.\" width=\"580\" height=\"397\" srcset=\"https:\/\/i0.wp.com\/eltrabajo.cl\/portal\/wp-content\/uploads\/2018\/10\/charla-pilar-sordo.jpg?w=580&amp;ssl=1 580w, https:\/\/i0.wp.com\/eltrabajo.cl\/portal\/wp-content\/uploads\/2018\/10\/charla-pilar-sordo.jpg?resize=200%2C137&amp;ssl=1 200w, https:\/\/i0.wp.com\/eltrabajo.cl\/portal\/wp-content\/uploads\/2018\/10\/charla-pilar-sordo.jpg?resize=300%2C205&amp;ssl=1 300w, https:\/\/i0.wp.com\/eltrabajo.cl\/portal\/wp-content\/uploads\/2018\/10\/charla-pilar-sordo.jpg?resize=219%2C150&amp;ssl=1 219w, https:\/\/i0.wp.com\/eltrabajo.cl\/portal\/wp-content\/uploads\/2018\/10\/charla-pilar-sordo.jpg?resize=400%2C274&amp;ssl=1 400w\" sizes=\"auto, (max-width: 580px) 100vw, 580px\" \/><figcaption id=\"caption-attachment-88540\" class=\"wp-caption-text\">La expresiva y destacada psic\u00f3loga, escritora y conferencista Pilar Sordo, bas\u00f3 la charla en su propia experiencia.<\/figcaption><\/figure>\n","protected":false},"excerpt":{"rendered":"<p>Establecimientos educacionales municipales: La actividad tuvo como objetivo recorrer la vida de los j\u00f3venes, observando los conflictos entre padres e hijos en distintas etapas. Dos jornadas educativas enfocadas en los padres y&#8230;<\/p>\n","protected":false},"author":1,"featured_media":88540,"comment_status":"open","ping_status":"open","sticky":false,"template":"","format":"standard","meta":{"advanced_seo_description":"","jetpack_seo_html_title":"","jetpack_seo_noindex":false,"_jetpack_memberships_contains_paid_content":false,"footnotes":""},"categories":[1],"tags":[],"class_list":["post-88537","post","type-post","status-publish","format-standard","has-post-thumbnail","hentry","category-cronica"],"jetpack_featured_media_url":"https:\/\/i0.wp.com\/eltrabajo.cl\/portal\/wp-content\/uploads\/2018\/10\/charla-pilar-sordo.jpg?fit=580%2C397&ssl=1","jetpack_sharing_enabled":true,"jetpack_likes_enabled":true,"jetpack-related-posts":[],"_links":{"self":[{"href":"https:\/\/eltrabajo.cl\/portal\/wp-json\/wp\/v2\/posts\/88537","targetHints":{"allow":["GET"]}}],"collection":[{"href":"https:\/\/eltrabajo.cl\/portal\/wp-json\/wp\/v2\/posts"}],"about":[{"href":"https:\/\/eltrabajo.cl\/portal\/wp-json\/wp\/v2\/types\/post"}],"author":[{"embeddable":true,"href":"https:\/\/eltrabajo.cl\/portal\/wp-json\/wp\/v2\/users\/1"}],"replies":[{"embeddable":true,"href":"https:\/\/eltrabajo.cl\/portal\/wp-json\/wp\/v2\/comments?post=88537"}],"version-history":[{"count":0,"href":"https:\/\/eltrabajo.cl\/portal\/wp-json\/wp\/v2\/posts\/88537\/revisions"}],"wp:featuredmedia":[{"embeddable":true,"href":"https:\/\/eltrabajo.cl\/portal\/wp-json\/wp\/v2\/media\/88540"}],"wp:attachment":[{"href":"https:\/\/eltrabajo.cl\/portal\/wp-json\/wp\/v2\/media?parent=88537"}],"wp:term":[{"taxonomy":"category","embeddable":true,"href":"https:\/\/eltrabajo.cl\/portal\/wp-json\/wp\/v2\/categories?post=88537"},{"taxonomy":"post_tag","embeddable":true,"href":"https:\/\/eltrabajo.cl\/portal\/wp-json\/wp\/v2\/tags?post=88537"}],"curies":[{"name":"wp","href":"https:\/\/api.w.org\/{rel}","templated":true}]}}