{"id":88558,"date":"2018-10-05T05:00:43","date_gmt":"2018-10-05T09:00:43","guid":{"rendered":"http:\/\/www.eltrabajo.cl\/2017\/?p=88558"},"modified":"2018-10-05T05:00:43","modified_gmt":"2018-10-05T09:00:43","slug":"ninas-santamarianas-ganan-el-regional-de-cheer-dance-en-santiago","status":"publish","type":"post","link":"https:\/\/eltrabajo.cl\/portal\/ninas-santamarianas-ganan-el-regional-de-cheer-dance-en-santiago\/","title":{"rendered":"Ni\u00f1as santamarianas ganan el Regional de Cheer Dance en Santiago"},"content":{"rendered":"<figure id=\"attachment_88560\" aria-describedby=\"caption-attachment-88560\" style=\"width: 580px\" class=\"wp-caption alignnone\"><img data-recalc-dims=\"1\" loading=\"lazy\" decoding=\"async\" class=\"size-full wp-image-88560\" src=\"https:\/\/i0.wp.com\/www.eltrabajo.cl\/2017\/wp-content\/uploads\/2018\/10\/Cheer1.jpg?resize=580%2C399\" alt=\"VAN AL NACIONAL.- Aqu\u00ed tenemos a la selecci\u00f3n general de estas peque\u00f1as acr\u00f3batas de fantas\u00eda, ellas pertenecen a varios colegios de la comuna.\" width=\"580\" height=\"399\" srcset=\"https:\/\/i0.wp.com\/eltrabajo.cl\/portal\/wp-content\/uploads\/2018\/10\/Cheer1.jpg?w=580&amp;ssl=1 580w, https:\/\/i0.wp.com\/eltrabajo.cl\/portal\/wp-content\/uploads\/2018\/10\/Cheer1.jpg?resize=200%2C138&amp;ssl=1 200w, https:\/\/i0.wp.com\/eltrabajo.cl\/portal\/wp-content\/uploads\/2018\/10\/Cheer1.jpg?resize=300%2C206&amp;ssl=1 300w, https:\/\/i0.wp.com\/eltrabajo.cl\/portal\/wp-content\/uploads\/2018\/10\/Cheer1.jpg?resize=218%2C150&amp;ssl=1 218w, https:\/\/i0.wp.com\/eltrabajo.cl\/portal\/wp-content\/uploads\/2018\/10\/Cheer1.jpg?resize=400%2C275&amp;ssl=1 400w\" sizes=\"auto, (max-width: 580px) 100vw, 580px\" \/><figcaption id=\"caption-attachment-88560\" class=\"wp-caption-text\">VAN AL NACIONAL.- Aqu\u00ed tenemos a la selecci\u00f3n general de estas peque\u00f1as acr\u00f3batas de fantas\u00eda, ellas pertenecen a varios colegios de la comuna.<\/figcaption><\/figure>\n<p><span style=\"color: #ff0000;\"><strong>Clasific\u00e1ndose al Nacional del 4 de noviembre:<\/strong><\/span><\/p>\n<p><strong>SANTA MAR\u00cdA<\/strong>.- Imponente fue la presentaci\u00f3n de las ni\u00f1as santamarianas que esta semana ganaron el Campeonato Regional Cheer &amp; Dance, que se desarroll\u00f3 en Santiago.<br \/>\n\u00abEs un proceso de muchos meses practicando y aprendiendo las acrobacias que las ni\u00f1as ejecutan en este deporte, tambi\u00e9n en esta jornada participaron peque\u00f1itas de las escuelas Julio Tejedor, de Jahuelito y Santa Filomena, en este caso las ni\u00f1as del Liceo Dar\u00edo Salas ganaron primer lugar en las categor\u00edas Jazz, Junior y Pom-pom, y las de Santa Filomena en categor\u00eda Tiny Mini gan\u00f3 en Hip hop, la Julio Tejedor gan\u00f3 en Mini Pom pom. Esta Actividad, el Regional, se realiz\u00f3 en el Teatro Telet\u00f3n de Santiago, y al ganar en este Regional ahora las ni\u00f1as podr\u00e1n competir por el t\u00edtulo en el Nacional del 4 de noviembre, en el Teatro Caupolic\u00e1n. Agradecer tambi\u00e9n al director del Liceo Dar\u00edo Salas, quien proporcion\u00f3 el vestuario para las ni\u00f1as, tambi\u00e9n agradecer a la directora Pamela Silva, de la Julio Tejedor y a J\u00e9ssica Meza, directora de la Escuela Santa Filomena, por todo el apoyo que me brindaron a fin de poder trabajar con las ni\u00f1as\u00bb, coment\u00f3 a Diario El Trabajo la instructora de Cheer Dance y profesora de educaci\u00f3n f\u00edsica, Solange Rodr\u00edguez.<br \/>\n<strong>Roberto Gonz\u00e1lez Short<\/strong><\/p>\n<figure id=\"attachment_88559\" aria-describedby=\"caption-attachment-88559\" style=\"width: 580px\" class=\"wp-caption alignnone\"><img data-recalc-dims=\"1\" loading=\"lazy\" decoding=\"async\" class=\"size-full wp-image-88559\" src=\"https:\/\/i0.wp.com\/www.eltrabajo.cl\/2017\/wp-content\/uploads\/2018\/10\/Cheer_Solange-Rodriguez.jpg?resize=580%2C502\" alt=\"Instructora de Cheer Dance y profesora de educaci\u00f3n f\u00edsica, Solange Rodr\u00edguez.\" width=\"580\" height=\"502\" srcset=\"https:\/\/i0.wp.com\/eltrabajo.cl\/portal\/wp-content\/uploads\/2018\/10\/Cheer_Solange-Rodriguez.jpg?w=580&amp;ssl=1 580w, https:\/\/i0.wp.com\/eltrabajo.cl\/portal\/wp-content\/uploads\/2018\/10\/Cheer_Solange-Rodriguez.jpg?resize=173%2C150&amp;ssl=1 173w, https:\/\/i0.wp.com\/eltrabajo.cl\/portal\/wp-content\/uploads\/2018\/10\/Cheer_Solange-Rodriguez.jpg?resize=300%2C260&amp;ssl=1 300w, https:\/\/i0.wp.com\/eltrabajo.cl\/portal\/wp-content\/uploads\/2018\/10\/Cheer_Solange-Rodriguez.jpg?resize=400%2C346&amp;ssl=1 400w\" sizes=\"auto, (max-width: 580px) 100vw, 580px\" \/><figcaption id=\"caption-attachment-88559\" class=\"wp-caption-text\">Instructora de Cheer Dance y profesora de educaci\u00f3n f\u00edsica, Solange Rodr\u00edguez.<\/figcaption><\/figure>\n<figure id=\"attachment_88561\" aria-describedby=\"caption-attachment-88561\" style=\"width: 580px\" class=\"wp-caption alignnone\"><img data-recalc-dims=\"1\" loading=\"lazy\" decoding=\"async\" class=\"size-full wp-image-88561\" src=\"https:\/\/i0.wp.com\/www.eltrabajo.cl\/2017\/wp-content\/uploads\/2018\/10\/Cheer2.jpg?resize=580%2C400\" alt=\"SON FANT\u00c1STICAS.- Ellas son las m\u00e1s peque\u00f1itas, tambi\u00e9n han logrado grandes avances en esta diciplina deportiva.\" width=\"580\" height=\"400\" srcset=\"https:\/\/i0.wp.com\/eltrabajo.cl\/portal\/wp-content\/uploads\/2018\/10\/Cheer2.jpg?w=580&amp;ssl=1 580w, https:\/\/i0.wp.com\/eltrabajo.cl\/portal\/wp-content\/uploads\/2018\/10\/Cheer2.jpg?resize=200%2C138&amp;ssl=1 200w, https:\/\/i0.wp.com\/eltrabajo.cl\/portal\/wp-content\/uploads\/2018\/10\/Cheer2.jpg?resize=300%2C207&amp;ssl=1 300w, https:\/\/i0.wp.com\/eltrabajo.cl\/portal\/wp-content\/uploads\/2018\/10\/Cheer2.jpg?resize=218%2C150&amp;ssl=1 218w, https:\/\/i0.wp.com\/eltrabajo.cl\/portal\/wp-content\/uploads\/2018\/10\/Cheer2.jpg?resize=400%2C276&amp;ssl=1 400w\" sizes=\"auto, (max-width: 580px) 100vw, 580px\" \/><figcaption id=\"caption-attachment-88561\" class=\"wp-caption-text\">SON FANT\u00c1STICAS.- Ellas son las m\u00e1s peque\u00f1itas, tambi\u00e9n han logrado grandes avances en esta diciplina deportiva.<\/figcaption><\/figure>\n","protected":false},"excerpt":{"rendered":"<p>Clasific\u00e1ndose al Nacional del 4 de noviembre: SANTA MAR\u00cdA.- Imponente fue la presentaci\u00f3n de las ni\u00f1as santamarianas que esta semana ganaron el Campeonato Regional Cheer &amp; Dance, que se desarroll\u00f3 en Santiago&#8230;.<\/p>\n","protected":false},"author":1,"featured_media":88560,"comment_status":"open","ping_status":"open","sticky":false,"template":"","format":"standard","meta":{"advanced_seo_description":"","jetpack_seo_html_title":"","jetpack_seo_noindex":false,"_jetpack_memberships_contains_paid_content":false,"footnotes":""},"categories":[15],"tags":[],"class_list":["post-88558","post","type-post","status-publish","format-standard","has-post-thumbnail","hentry","category-comunidad"],"jetpack_featured_media_url":"https:\/\/i0.wp.com\/eltrabajo.cl\/portal\/wp-content\/uploads\/2018\/10\/Cheer1.jpg?fit=580%2C399&ssl=1","jetpack_sharing_enabled":true,"jetpack_likes_enabled":true,"jetpack-related-posts":[],"_links":{"self":[{"href":"https:\/\/eltrabajo.cl\/portal\/wp-json\/wp\/v2\/posts\/88558","targetHints":{"allow":["GET"]}}],"collection":[{"href":"https:\/\/eltrabajo.cl\/portal\/wp-json\/wp\/v2\/posts"}],"about":[{"href":"https:\/\/eltrabajo.cl\/portal\/wp-json\/wp\/v2\/types\/post"}],"author":[{"embeddable":true,"href":"https:\/\/eltrabajo.cl\/portal\/wp-json\/wp\/v2\/users\/1"}],"replies":[{"embeddable":true,"href":"https:\/\/eltrabajo.cl\/portal\/wp-json\/wp\/v2\/comments?post=88558"}],"version-history":[{"count":0,"href":"https:\/\/eltrabajo.cl\/portal\/wp-json\/wp\/v2\/posts\/88558\/revisions"}],"wp:featuredmedia":[{"embeddable":true,"href":"https:\/\/eltrabajo.cl\/portal\/wp-json\/wp\/v2\/media\/88560"}],"wp:attachment":[{"href":"https:\/\/eltrabajo.cl\/portal\/wp-json\/wp\/v2\/media?parent=88558"}],"wp:term":[{"taxonomy":"category","embeddable":true,"href":"https:\/\/eltrabajo.cl\/portal\/wp-json\/wp\/v2\/categories?post=88558"},{"taxonomy":"post_tag","embeddable":true,"href":"https:\/\/eltrabajo.cl\/portal\/wp-json\/wp\/v2\/tags?post=88558"}],"curies":[{"name":"wp","href":"https:\/\/api.w.org\/{rel}","templated":true}]}}