{"id":88573,"date":"2018-10-05T05:04:38","date_gmt":"2018-10-05T09:04:38","guid":{"rendered":"http:\/\/www.eltrabajo.cl\/2017\/?p=88573"},"modified":"2018-10-05T05:04:38","modified_gmt":"2018-10-05T09:04:38","slug":"camion-corto-cables-afectando-a-mas-de-dos-mil-clientes-de-chilquinta","status":"publish","type":"post","link":"https:\/\/eltrabajo.cl\/portal\/camion-corto-cables-afectando-a-mas-de-dos-mil-clientes-de-chilquinta\/","title":{"rendered":"Cami\u00f3n cort\u00f3 cables afectando a m\u00e1s de dos mil clientes de Chilquinta"},"content":{"rendered":"<figure id=\"attachment_88574\" aria-describedby=\"caption-attachment-88574\" style=\"width: 580px\" class=\"wp-caption alignnone\"><img data-recalc-dims=\"1\" loading=\"lazy\" decoding=\"async\" class=\"size-full wp-image-88574\" src=\"https:\/\/i0.wp.com\/www.eltrabajo.cl\/2017\/wp-content\/uploads\/2018\/10\/Corte.jpg?resize=580%2C400\" alt=\"Personal de Chilquinta trabajando en el lugar del incidente que dej\u00f3 sin energ\u00eda por varias horas a m\u00e1s de 2.400 clientes.\" width=\"580\" height=\"400\" srcset=\"https:\/\/i0.wp.com\/eltrabajo.cl\/portal\/wp-content\/uploads\/2018\/10\/Corte.jpg?w=580&amp;ssl=1 580w, https:\/\/i0.wp.com\/eltrabajo.cl\/portal\/wp-content\/uploads\/2018\/10\/Corte.jpg?resize=200%2C138&amp;ssl=1 200w, https:\/\/i0.wp.com\/eltrabajo.cl\/portal\/wp-content\/uploads\/2018\/10\/Corte.jpg?resize=300%2C207&amp;ssl=1 300w, https:\/\/i0.wp.com\/eltrabajo.cl\/portal\/wp-content\/uploads\/2018\/10\/Corte.jpg?resize=218%2C150&amp;ssl=1 218w, https:\/\/i0.wp.com\/eltrabajo.cl\/portal\/wp-content\/uploads\/2018\/10\/Corte.jpg?resize=400%2C276&amp;ssl=1 400w\" sizes=\"auto, (max-width: 580px) 100vw, 580px\" \/><figcaption id=\"caption-attachment-88574\" class=\"wp-caption-text\">Personal de Chilquinta trabajando en el lugar del incidente que dej\u00f3 sin energ\u00eda por varias horas a m\u00e1s de 2.400 clientes.<\/figcaption><\/figure>\n<p><span style=\"color: #ff0000;\"><strong>Avda. Chile con Abraham Ahumada:<\/strong><\/span><\/p>\n<p>Un total de 2.405 clientes de Chilquinta se vieron afectados por un corte de luz provocado por un cami\u00f3n que pas\u00f3 a llevar los cables del tendido el\u00e9ctrico en la Avenida Chile, a metros de Abraham Ahumada en Felipe.<br \/>\nEl hecho ocurri\u00f3 pasadas las seis de la ma\u00f1ana de ayer y afect\u00f3 a las Villas Bernardo Cruz, Cordillera, San Camilo, y a las mismas viviendas que estaban alrededor de donde se produjo la emergencia.<br \/>\nEl da\u00f1o que produjo el paso del cami\u00f3n que se dirig\u00eda a la feria, seg\u00fan vecinos, fue en la parte denominada Cruceta que va en la parte superior del poste.<br \/>\nEn el lugar debi\u00f3 trabajar por varias horas personal de Chilquinta para poder restablecer el servicio.<br \/>\nDebido al corte, uno de los comerciantes que tiene su local por Abraham Ahumada debi\u00f3 instalar un generador para poder funcionar y evitar de esta manera cortar la cadena de fr\u00edo para sus productos congelados.<br \/>\nDesde Chilquinta se\u00f1alaron que la reparaci\u00f3n se prolong\u00f3 m\u00e1s del tiempo estimado porque chocaron el tirante de un poste, quedando esparcidos en el suelo elementos quebrados.<\/p>\n","protected":false},"excerpt":{"rendered":"<p>Avda. Chile con Abraham Ahumada: Un total de 2.405 clientes de Chilquinta se vieron afectados por un corte de luz provocado por un cami\u00f3n que pas\u00f3 a llevar los cables del tendido&#8230;<\/p>\n","protected":false},"author":1,"featured_media":88574,"comment_status":"open","ping_status":"open","sticky":false,"template":"","format":"standard","meta":{"advanced_seo_description":"","jetpack_seo_html_title":"","jetpack_seo_noindex":false,"_jetpack_memberships_contains_paid_content":false,"footnotes":""},"categories":[1],"tags":[],"class_list":["post-88573","post","type-post","status-publish","format-standard","has-post-thumbnail","hentry","category-cronica"],"jetpack_featured_media_url":"https:\/\/i0.wp.com\/eltrabajo.cl\/portal\/wp-content\/uploads\/2018\/10\/Corte.jpg?fit=580%2C400&ssl=1","jetpack_sharing_enabled":true,"jetpack_likes_enabled":true,"jetpack-related-posts":[],"_links":{"self":[{"href":"https:\/\/eltrabajo.cl\/portal\/wp-json\/wp\/v2\/posts\/88573","targetHints":{"allow":["GET"]}}],"collection":[{"href":"https:\/\/eltrabajo.cl\/portal\/wp-json\/wp\/v2\/posts"}],"about":[{"href":"https:\/\/eltrabajo.cl\/portal\/wp-json\/wp\/v2\/types\/post"}],"author":[{"embeddable":true,"href":"https:\/\/eltrabajo.cl\/portal\/wp-json\/wp\/v2\/users\/1"}],"replies":[{"embeddable":true,"href":"https:\/\/eltrabajo.cl\/portal\/wp-json\/wp\/v2\/comments?post=88573"}],"version-history":[{"count":0,"href":"https:\/\/eltrabajo.cl\/portal\/wp-json\/wp\/v2\/posts\/88573\/revisions"}],"wp:featuredmedia":[{"embeddable":true,"href":"https:\/\/eltrabajo.cl\/portal\/wp-json\/wp\/v2\/media\/88574"}],"wp:attachment":[{"href":"https:\/\/eltrabajo.cl\/portal\/wp-json\/wp\/v2\/media?parent=88573"}],"wp:term":[{"taxonomy":"category","embeddable":true,"href":"https:\/\/eltrabajo.cl\/portal\/wp-json\/wp\/v2\/categories?post=88573"},{"taxonomy":"post_tag","embeddable":true,"href":"https:\/\/eltrabajo.cl\/portal\/wp-json\/wp\/v2\/tags?post=88573"}],"curies":[{"name":"wp","href":"https:\/\/api.w.org\/{rel}","templated":true}]}}