{"id":88576,"date":"2018-10-05T05:05:50","date_gmt":"2018-10-05T09:05:50","guid":{"rendered":"http:\/\/www.eltrabajo.cl\/2017\/?p=88576"},"modified":"2018-10-05T05:05:50","modified_gmt":"2018-10-05T09:05:50","slug":"semana-franciscana-termina-hoy-con-pena-folclorica-en-el-assunta-pallota","status":"publish","type":"post","link":"https:\/\/eltrabajo.cl\/portal\/semana-franciscana-termina-hoy-con-pena-folclorica-en-el-assunta-pallota\/","title":{"rendered":"Semana Franciscana termina hoy con pe\u00f1a folcl\u00f3rica en el Assunta Pallota"},"content":{"rendered":"<figure id=\"attachment_88577\" aria-describedby=\"caption-attachment-88577\" style=\"width: 580px\" class=\"wp-caption alignnone\"><img data-recalc-dims=\"1\" loading=\"lazy\" decoding=\"async\" class=\"size-full wp-image-88577\" src=\"https:\/\/i0.wp.com\/www.eltrabajo.cl\/2017\/wp-content\/uploads\/2018\/10\/Assunta1.jpg?resize=580%2C399\" alt=\"AGROPECUARIA.- Aqu\u00ed tenemos a los chicos de la Alianza de la carrera Agropecuaria, mostrando a las c\u00e1maras de Diario El Trabajo su propuesta art\u00edstica.\" width=\"580\" height=\"399\" srcset=\"https:\/\/i0.wp.com\/eltrabajo.cl\/portal\/wp-content\/uploads\/2018\/10\/Assunta1.jpg?w=580&amp;ssl=1 580w, https:\/\/i0.wp.com\/eltrabajo.cl\/portal\/wp-content\/uploads\/2018\/10\/Assunta1.jpg?resize=200%2C138&amp;ssl=1 200w, https:\/\/i0.wp.com\/eltrabajo.cl\/portal\/wp-content\/uploads\/2018\/10\/Assunta1.jpg?resize=300%2C206&amp;ssl=1 300w, https:\/\/i0.wp.com\/eltrabajo.cl\/portal\/wp-content\/uploads\/2018\/10\/Assunta1.jpg?resize=218%2C150&amp;ssl=1 218w, https:\/\/i0.wp.com\/eltrabajo.cl\/portal\/wp-content\/uploads\/2018\/10\/Assunta1.jpg?resize=400%2C275&amp;ssl=1 400w\" sizes=\"auto, (max-width: 580px) 100vw, 580px\" \/><figcaption id=\"caption-attachment-88577\" class=\"wp-caption-text\">AGROPECUARIA.- Aqu\u00ed tenemos a los chicos de la Alianza de la carrera Agropecuaria, mostrando a las c\u00e1maras de Diario El Trabajo su propuesta art\u00edstica.<\/figcaption><\/figure>\n<p><span style=\"color: #ff0000;\"><strong>Colegio est\u00e1 celebrando tambi\u00e9n sus 59 a\u00f1os de existencia:<\/strong><\/span><\/p>\n<p>Un colorido desfile de carros aleg\u00f3ricos y autos llenos de pintura recorrieron toda la ciudad de San Felipe ayer jueves en horas de la tarde, se trata de las tres Alianzas de la Escuela Assunta Pallota, de Curim\u00f3n. Esta casa estudiantil celebra los 59 a\u00f1os de existencia y, aunque los cumpli\u00f3 en marzo, esta semana lo vuelven a celebrar durante la Semana Franciscana.<br \/>\nLa matr\u00edcula actual de este colegio es de 250 alumnos entre primero a cuarto medio. Pero no s\u00f3lo se trat\u00f3 de recorrer las calles con estos carros aleg\u00f3ricos, tambi\u00e9n se hicieron acciones solidarias, como visitas a hogares de ancianos y visitas hospitalarias. Las actividades culminan hoy viernes con la realizaci\u00f3n de una pe\u00f1a folcl\u00f3rica a partir de las 20:00 horas en el propio colegio.<\/p>\n<figure id=\"attachment_88578\" aria-describedby=\"caption-attachment-88578\" style=\"width: 580px\" class=\"wp-caption alignnone\"><img data-recalc-dims=\"1\" loading=\"lazy\" decoding=\"async\" class=\"size-full wp-image-88578\" src=\"https:\/\/i0.wp.com\/www.eltrabajo.cl\/2017\/wp-content\/uploads\/2018\/10\/Assunta2.jpg?resize=580%2C400\" alt=\"\u00bfPIRATAS EN ACONCAGUA?- Los piratas de \u2018Enfermer\u00eda\u2019 tambi\u00e9n desfilaron ayer en San Felipe, las personas no entend\u00edan por qu\u00e9 tanta fiesta.\" width=\"580\" height=\"400\" srcset=\"https:\/\/i0.wp.com\/eltrabajo.cl\/portal\/wp-content\/uploads\/2018\/10\/Assunta2.jpg?w=580&amp;ssl=1 580w, https:\/\/i0.wp.com\/eltrabajo.cl\/portal\/wp-content\/uploads\/2018\/10\/Assunta2.jpg?resize=200%2C138&amp;ssl=1 200w, https:\/\/i0.wp.com\/eltrabajo.cl\/portal\/wp-content\/uploads\/2018\/10\/Assunta2.jpg?resize=300%2C207&amp;ssl=1 300w, https:\/\/i0.wp.com\/eltrabajo.cl\/portal\/wp-content\/uploads\/2018\/10\/Assunta2.jpg?resize=218%2C150&amp;ssl=1 218w, https:\/\/i0.wp.com\/eltrabajo.cl\/portal\/wp-content\/uploads\/2018\/10\/Assunta2.jpg?resize=400%2C276&amp;ssl=1 400w\" sizes=\"auto, (max-width: 580px) 100vw, 580px\" \/><figcaption id=\"caption-attachment-88578\" class=\"wp-caption-text\">\u00bfPIRATAS EN ACONCAGUA?- Los piratas de \u2018Enfermer\u00eda\u2019 tambi\u00e9n desfilaron ayer en San Felipe, las personas no entend\u00edan por qu\u00e9 tanta fiesta.<\/figcaption><\/figure>\n<figure id=\"attachment_88579\" aria-describedby=\"caption-attachment-88579\" style=\"width: 580px\" class=\"wp-caption alignnone\"><img data-recalc-dims=\"1\" loading=\"lazy\" decoding=\"async\" class=\"size-full wp-image-88579\" src=\"https:\/\/i0.wp.com\/www.eltrabajo.cl\/2017\/wp-content\/uploads\/2018\/10\/Assunta3.jpg?resize=580%2C400\" alt=\"SEMANA FRANCISCANA.- Pero no s\u00f3lo se trat\u00f3 de recorrer las calles con estos carros aleg\u00f3ricos, tambi\u00e9n se hicieron acciones solidarias, como visitas a hogares de ancianos y visitas hospitalarias.\" width=\"580\" height=\"400\" srcset=\"https:\/\/i0.wp.com\/eltrabajo.cl\/portal\/wp-content\/uploads\/2018\/10\/Assunta3.jpg?w=580&amp;ssl=1 580w, https:\/\/i0.wp.com\/eltrabajo.cl\/portal\/wp-content\/uploads\/2018\/10\/Assunta3.jpg?resize=200%2C138&amp;ssl=1 200w, https:\/\/i0.wp.com\/eltrabajo.cl\/portal\/wp-content\/uploads\/2018\/10\/Assunta3.jpg?resize=300%2C207&amp;ssl=1 300w, https:\/\/i0.wp.com\/eltrabajo.cl\/portal\/wp-content\/uploads\/2018\/10\/Assunta3.jpg?resize=218%2C150&amp;ssl=1 218w, https:\/\/i0.wp.com\/eltrabajo.cl\/portal\/wp-content\/uploads\/2018\/10\/Assunta3.jpg?resize=400%2C276&amp;ssl=1 400w\" sizes=\"auto, (max-width: 580px) 100vw, 580px\" \/><figcaption id=\"caption-attachment-88579\" class=\"wp-caption-text\">SEMANA FRANCISCANA.- Pero no s\u00f3lo se trat\u00f3 de recorrer las calles con estos carros aleg\u00f3ricos, tambi\u00e9n se hicieron acciones solidarias, como visitas a hogares de ancianos y visitas hospitalarias.<\/figcaption><\/figure>\n","protected":false},"excerpt":{"rendered":"<p>Colegio est\u00e1 celebrando tambi\u00e9n sus 59 a\u00f1os de existencia: Un colorido desfile de carros aleg\u00f3ricos y autos llenos de pintura recorrieron toda la ciudad de San Felipe ayer jueves en horas de&#8230;<\/p>\n","protected":false},"author":1,"featured_media":88578,"comment_status":"open","ping_status":"open","sticky":false,"template":"","format":"standard","meta":{"advanced_seo_description":"","jetpack_seo_html_title":"","jetpack_seo_noindex":false,"_jetpack_memberships_contains_paid_content":false,"footnotes":""},"categories":[15],"tags":[],"class_list":["post-88576","post","type-post","status-publish","format-standard","has-post-thumbnail","hentry","category-comunidad"],"jetpack_featured_media_url":"https:\/\/i0.wp.com\/eltrabajo.cl\/portal\/wp-content\/uploads\/2018\/10\/Assunta2.jpg?fit=580%2C400&ssl=1","jetpack_sharing_enabled":true,"jetpack_likes_enabled":true,"jetpack-related-posts":[],"_links":{"self":[{"href":"https:\/\/eltrabajo.cl\/portal\/wp-json\/wp\/v2\/posts\/88576","targetHints":{"allow":["GET"]}}],"collection":[{"href":"https:\/\/eltrabajo.cl\/portal\/wp-json\/wp\/v2\/posts"}],"about":[{"href":"https:\/\/eltrabajo.cl\/portal\/wp-json\/wp\/v2\/types\/post"}],"author":[{"embeddable":true,"href":"https:\/\/eltrabajo.cl\/portal\/wp-json\/wp\/v2\/users\/1"}],"replies":[{"embeddable":true,"href":"https:\/\/eltrabajo.cl\/portal\/wp-json\/wp\/v2\/comments?post=88576"}],"version-history":[{"count":0,"href":"https:\/\/eltrabajo.cl\/portal\/wp-json\/wp\/v2\/posts\/88576\/revisions"}],"wp:featuredmedia":[{"embeddable":true,"href":"https:\/\/eltrabajo.cl\/portal\/wp-json\/wp\/v2\/media\/88578"}],"wp:attachment":[{"href":"https:\/\/eltrabajo.cl\/portal\/wp-json\/wp\/v2\/media?parent=88576"}],"wp:term":[{"taxonomy":"category","embeddable":true,"href":"https:\/\/eltrabajo.cl\/portal\/wp-json\/wp\/v2\/categories?post=88576"},{"taxonomy":"post_tag","embeddable":true,"href":"https:\/\/eltrabajo.cl\/portal\/wp-json\/wp\/v2\/tags?post=88576"}],"curies":[{"name":"wp","href":"https:\/\/api.w.org\/{rel}","templated":true}]}}