{"id":88590,"date":"2018-10-08T05:01:30","date_gmt":"2018-10-08T09:01:30","guid":{"rendered":"http:\/\/www.eltrabajo.cl\/2017\/?p=88590"},"modified":"2018-10-08T05:01:30","modified_gmt":"2018-10-08T09:01:30","slug":"circulo-de-columnistas-y-amigos-de-diario-el-trabajo-celebran-su-personeria-juridica","status":"publish","type":"post","link":"https:\/\/eltrabajo.cl\/portal\/circulo-de-columnistas-y-amigos-de-diario-el-trabajo-celebran-su-personeria-juridica\/","title":{"rendered":"\u2018C\u00edrculo de Columnistas y Amigos de Diario El Trabajo\u2019 celebran su personer\u00eda jur\u00eddica"},"content":{"rendered":"<figure id=\"attachment_88591\" aria-describedby=\"caption-attachment-88591\" style=\"width: 579px\" class=\"wp-caption alignnone\"><img data-recalc-dims=\"1\" loading=\"lazy\" decoding=\"async\" class=\"size-full wp-image-88591\" src=\"https:\/\/i0.wp.com\/www.eltrabajo.cl\/2017\/wp-content\/uploads\/2018\/10\/Circulo1.jpg?resize=579%2C301\" alt=\"LA PLANA MAYOR.- Aqu\u00ed tenemos al propio director de Diario El Trabajo al lado de toda la bater\u00eda period\u00edstica, administrativa y de articulistas de nuestro medio.\" width=\"579\" height=\"301\" srcset=\"https:\/\/i0.wp.com\/eltrabajo.cl\/portal\/wp-content\/uploads\/2018\/10\/Circulo1.jpg?w=579&amp;ssl=1 579w, https:\/\/i0.wp.com\/eltrabajo.cl\/portal\/wp-content\/uploads\/2018\/10\/Circulo1.jpg?resize=200%2C104&amp;ssl=1 200w, https:\/\/i0.wp.com\/eltrabajo.cl\/portal\/wp-content\/uploads\/2018\/10\/Circulo1.jpg?resize=300%2C156&amp;ssl=1 300w, https:\/\/i0.wp.com\/eltrabajo.cl\/portal\/wp-content\/uploads\/2018\/10\/Circulo1.jpg?resize=289%2C150&amp;ssl=1 289w, https:\/\/i0.wp.com\/eltrabajo.cl\/portal\/wp-content\/uploads\/2018\/10\/Circulo1.jpg?resize=400%2C208&amp;ssl=1 400w\" sizes=\"auto, (max-width: 579px) 100vw, 579px\" \/><figcaption id=\"caption-attachment-88591\" class=\"wp-caption-text\">LA PLANA MAYOR.- Aqu\u00ed tenemos al propio director de Diario El Trabajo al lado de toda la bater\u00eda period\u00edstica, administrativa y de articulistas de nuestro medio.<\/figcaption><\/figure>\n<p>Entendiendo que si bien es cierto el torrente informativo que corre por la columna vertebral de cualquier diario impreso como el nuestro son las noticias, la verdad del caso es que son la l\u00ednea editorial y las columnas de Opini\u00f3n lo que definen nuestro actualizado \u2018Cable a tierra\u2019 para que nuestros lectores puedan leer un art\u00edculo serenamente redactado y bien pensado, a diferencia de la noticia policial o las cr\u00f3nicas del d\u00eda a d\u00eda.<br \/>\nDiario El Trabajo existe como medio de comunicaci\u00f3n desde el 24 de febrero de 1929, y desde esos d\u00edas nuestra trinchera period\u00edstica ha contado con vigorosos columnistas a lo largo de estos casi 90 a\u00f1os, pero aunque ha sido as\u00ed para el disfrute de quienes siempre nos leen, fue hasta hace pocos meses cuando los actuales columnistas realizaron la primera reuni\u00f3n con miras a crear el \u2018C\u00edrculo de Columnistas de Diario El Trabajo\u2019, iniciativa que fue planteada por una de las personas que semanalmente escribe su columna, la profesora Wilta Berr\u00edos.<br \/>\nLas semanas pasaron y varias reuniones de trabajo para patentar la personer\u00eda jur\u00eddica del C\u00edrculo se realizaron, la personer\u00eda lleg\u00f3 y muchas puertas se abren ahora, raz\u00f3n por la cual doce de los integrantes de la Familia El Trabajo celebraron este viernes en camarader\u00eda en el Enjoy Santiago, instancia en la que hubo lugar para una buena cena, cari\u00f1o y gran camarader\u00eda, adem\u00e1s de tiempo para afinar detalles para el libro que se planea publicar con las mejores cr\u00f3nicas ya publicadas en nuestro matutino impreso.<br \/>\n\u00abEsta idea se me ocurri\u00f3 luego de leer los art\u00edculos de Opini\u00f3n de los dem\u00e1s columnistas de Diario El Trabajo, cuando vi que cada uno de nosotros escribimos con distintos prop\u00f3sitos, el m\u00edo es de educaci\u00f3n, por lo tanto de ah\u00ed naci\u00f3 la idea de poder reunirnos para poder aunar criterios y difundir nuestro trabajo, no todos nos conoc\u00edamos hasta hoy, habl\u00e9 con el director del Diario, don Marco Juri, a \u00e9l le pareci\u00f3 pertinente la idea, no estar\u00edamos descartando la idea tambi\u00e9n de crear una personer\u00eda jur\u00eddica de este C\u00edrculo, porque la idea ser\u00eda poder participar como tal en algunas actividades en nuestra ciudad, adem\u00e1s de posibles postulaciones a proyectos que nos permitan hacer mayores aportes a la sociedad, la idea es nutrirnos de aquellos que tienen tantos a\u00f1os como columnistas de Diario El Trabajo, algunos tienen 40 a\u00f1os, y Miguel por ejemplo tiene seis meses, esa es la idea, que podamos aprender los unos de los otros\u00bb, dijo Berr\u00edos a nuestro medio.<br \/>\nQueda claro que la invitaci\u00f3n es con copia a los dem\u00e1s columnistas de nuestro medio, entre ellos Jerson Mariano Arias, Mauricio Gallardo, \u00c1lvaro Ignacio Ar\u00e9valo, Ricardo Ram\u00edrez Basualdo y el resto de ilustres opin\u00f3logos.<br \/>\n<strong>Roberto Gonz\u00e1lez Short<\/strong><\/p>\n","protected":false},"excerpt":{"rendered":"<p>Entendiendo que si bien es cierto el torrente informativo que corre por la columna vertebral de cualquier diario impreso como el nuestro son las noticias, la verdad del caso es que son&#8230;<\/p>\n","protected":false},"author":1,"featured_media":88591,"comment_status":"open","ping_status":"open","sticky":false,"template":"","format":"standard","meta":{"advanced_seo_description":"","jetpack_seo_html_title":"","jetpack_seo_noindex":false,"_jetpack_memberships_contains_paid_content":false,"footnotes":""},"categories":[15],"tags":[],"class_list":["post-88590","post","type-post","status-publish","format-standard","has-post-thumbnail","hentry","category-comunidad"],"jetpack_featured_media_url":"https:\/\/i0.wp.com\/eltrabajo.cl\/portal\/wp-content\/uploads\/2018\/10\/Circulo1.jpg?fit=579%2C301&ssl=1","jetpack_sharing_enabled":true,"jetpack_likes_enabled":true,"jetpack-related-posts":[],"_links":{"self":[{"href":"https:\/\/eltrabajo.cl\/portal\/wp-json\/wp\/v2\/posts\/88590","targetHints":{"allow":["GET"]}}],"collection":[{"href":"https:\/\/eltrabajo.cl\/portal\/wp-json\/wp\/v2\/posts"}],"about":[{"href":"https:\/\/eltrabajo.cl\/portal\/wp-json\/wp\/v2\/types\/post"}],"author":[{"embeddable":true,"href":"https:\/\/eltrabajo.cl\/portal\/wp-json\/wp\/v2\/users\/1"}],"replies":[{"embeddable":true,"href":"https:\/\/eltrabajo.cl\/portal\/wp-json\/wp\/v2\/comments?post=88590"}],"version-history":[{"count":0,"href":"https:\/\/eltrabajo.cl\/portal\/wp-json\/wp\/v2\/posts\/88590\/revisions"}],"wp:featuredmedia":[{"embeddable":true,"href":"https:\/\/eltrabajo.cl\/portal\/wp-json\/wp\/v2\/media\/88591"}],"wp:attachment":[{"href":"https:\/\/eltrabajo.cl\/portal\/wp-json\/wp\/v2\/media?parent=88590"}],"wp:term":[{"taxonomy":"category","embeddable":true,"href":"https:\/\/eltrabajo.cl\/portal\/wp-json\/wp\/v2\/categories?post=88590"},{"taxonomy":"post_tag","embeddable":true,"href":"https:\/\/eltrabajo.cl\/portal\/wp-json\/wp\/v2\/tags?post=88590"}],"curies":[{"name":"wp","href":"https:\/\/api.w.org\/{rel}","templated":true}]}}