{"id":88593,"date":"2018-10-08T05:02:26","date_gmt":"2018-10-08T09:02:26","guid":{"rendered":"http:\/\/www.eltrabajo.cl\/2017\/?p=88593"},"modified":"2018-10-08T05:02:26","modified_gmt":"2018-10-08T09:02:26","slug":"insisten-ciclovias-debiesen-haber-sido-articuladas-desde-fuera-del-damero-central","status":"publish","type":"post","link":"https:\/\/eltrabajo.cl\/portal\/insisten-ciclovias-debiesen-haber-sido-articuladas-desde-fuera-del-damero-central\/","title":{"rendered":"Insisten: ciclov\u00edas debiesen haber sido articuladas desde fuera del damero central"},"content":{"rendered":"<figure id=\"attachment_88594\" aria-describedby=\"caption-attachment-88594\" style=\"width: 580px\" class=\"wp-caption alignnone\"><img data-recalc-dims=\"1\" loading=\"lazy\" decoding=\"async\" class=\"size-full wp-image-88594\" src=\"https:\/\/i0.wp.com\/www.eltrabajo.cl\/2017\/wp-content\/uploads\/2018\/10\/Ricardo.jpg?resize=580%2C457\" alt=\"Ricardo Figueroa Cerda, presidente de la C\u00e1mara de Comercio de San Felipe.\" width=\"580\" height=\"457\" srcset=\"https:\/\/i0.wp.com\/eltrabajo.cl\/portal\/wp-content\/uploads\/2018\/10\/Ricardo.jpg?w=580&amp;ssl=1 580w, https:\/\/i0.wp.com\/eltrabajo.cl\/portal\/wp-content\/uploads\/2018\/10\/Ricardo.jpg?resize=190%2C150&amp;ssl=1 190w, https:\/\/i0.wp.com\/eltrabajo.cl\/portal\/wp-content\/uploads\/2018\/10\/Ricardo.jpg?resize=300%2C236&amp;ssl=1 300w, https:\/\/i0.wp.com\/eltrabajo.cl\/portal\/wp-content\/uploads\/2018\/10\/Ricardo.jpg?resize=400%2C315&amp;ssl=1 400w\" sizes=\"auto, (max-width: 580px) 100vw, 580px\" \/><figcaption id=\"caption-attachment-88594\" class=\"wp-caption-text\">Ricardo Figueroa Cerda, presidente de la C\u00e1mara de Comercio de San Felipe.<\/figcaption><\/figure>\n<p><span style=\"color: #ff0000;\"><strong>C\u00e1mara de Comercio pide a t\u00e9cnicos una urgente reuni\u00f3n:<\/strong> <\/span><\/p>\n<p>El presidente de la C\u00e1mara de Comercio de San Felipe, Ricardo Figueroa Cerda, dio a conocer una declaraci\u00f3n p\u00fablica donde dan a conocer su pensamiento sobre la implementaci\u00f3n de las ciclov\u00edas y boulevard en el centro de la ciudad.<br \/>\nSin embargo, se\u00f1alan que estos trabajos han sido catastr\u00f3fico para algunos comerciantes, porque si bien es cierto todas las actividades comerciales son iguale, algunas pueden estar en la misma cuadra por ejemplo en Prat, Salinas \u201ccualquiera de esas es fundamental llegar con el veh\u00edculo para poder cargar y hay otras que no tanto entonces te golpea de diferente manera a los comercios peque\u00f1os que est\u00e1n en esas arterias, eso nosotros lo hemos ido recabando haciendo catastro y comerciantes que van a la c\u00e1mara y plantean sus inquietudes o mi mismo me paran por ah\u00ed y me cuentan lo que est\u00e1 pasando si bien es cierto se ha dicho esperemos para ver el resultado final de la obra finalmente el diagnostico m\u00e1s o menos que ya se est\u00e1 haciendo es que las ciclo v\u00edas debiesen haber sido articuladas fuera del tablero central de San Felipe\u201d, indic\u00f3 el presidente, comentando tambi\u00e9n que esa postura es categ\u00f3rica, porque se alinearon con todos los comerciantes.<br \/>\nAgreg\u00f3 que actualmente se est\u00e1 analizando que en Calle Coimas entre San Mart\u00edn y O\u2019Higgins los veh\u00edculos de noche puedan estacionarse y poder concurrir tranquilos a los distintos restaurantes que hay en el lugar, porque los mismos comerciantes hicieron un catastro, d\u00e1ndose cuenta que de noche no hay ciclistas que ocupen las ciclov\u00edas pr\u00e1cticamente, se\u00f1al\u00f3 Figueroa \u201cpor lo que veo es que las autoridades est\u00e1n abiertas a modificar ciertas medidas que est\u00e1n afectando al coraz\u00f3n del comercio local, la idea de nosotros como c\u00e1mara es poder reunir a los asociados y no asociados junto con la municipalidad y poder explicar con m\u00e1s detalles, dar m\u00e1s certeza de lo que est\u00e1 pasando de lo que viene y tambi\u00e9n escuchar a la gente para posibles cambios porque hay varias situaciones donde terminan en una parte y vuelven a picar, por eso esperamos reunirnos y tener la mejor recepci\u00f3n del concejo municipal, del mismo alcalde y de la gente t\u00e9cnica, que baje un poquito del Olimpo y se puedan reunir con nosotros ver lo que pasa en el sentido com\u00fan de la situaci\u00f3n\u201d, indic\u00f3 Figueroa. A continuaci\u00f3n la declaraci\u00f3n p\u00fablica de la C\u00e1mara de Comercio respecto a las ciclo v\u00edas.<\/p>\n<p><span style=\"color: #ff0000;\"><strong>DECLARACION P\u00daBLICA<\/strong><\/span><br \/>\nLa C\u00e1mara de Comercio y Turismo de San Felipe, Asociaci\u00f3n Gremial, en relaci\u00f3n a la implementaci\u00f3n de las ciclov\u00edas del centro de la ciudad, los constantes arreglos del mismo, el t\u00e9rmino de los estacionamientos en el damero central y su relaci\u00f3n con la actividad econ\u00f3mica de nuestros asociados, declara que:<br \/>\nEl proyecto de ciclov\u00edas para San Felipe es un proyecto gubernamental cuya implementaci\u00f3n se inici\u00f3 ya hace dos a\u00f1os, estando en la actualidad en sus etapas finales previo a su entrada en vigencia, la cual ha ocasionado toda suerte de inconvenientes para los usuarios del centro de San Felipe, sobre todo en lo relativo a los frecuentes cortes de calles, que dificultan la circulaci\u00f3n tanto de veh\u00edculos como de peatones.<br \/>\nOtro tanto ha ocurrido con la construcci\u00f3n del boulevard semipeatonal de calles Prat, Salinas y Coimas, las cuales concentran gran parte del comercio de la ciudad.<br \/>\nFinalmente, esto ha coincidido con el progresivo t\u00e9rmino de los estacionamientos al interior del damero central, en favor de sitios de estacionamiento presentes en diversos puntos de la ciudad y, en un futuro pr\u00f3ximo, estacionamientos subterr\u00e1neos.<br \/>\nComo organizaci\u00f3n que representa a los comerciantes de la comuna, entendemos la molestia que estas situaciones han generado en el p\u00fablico general y en nuestros asociados, sin embargo como organizaci\u00f3n con visi\u00f3n de futuro, entendemos que dichas molestias se producen a consecuencia de mejoras que ir\u00e1n en beneficio de los usuarios del centro de la ciudad, de los consumidores y ciertamente de los comerciantes, quienes, tenemos la certeza, ver\u00e1n incrementadas sus ventas producto del mayor flujo de gente que circular\u00e1 a pie o en bicicleta.<br \/>\nEn este sentido, y ya que el futuro pr\u00f3spero del comercio tambi\u00e9n pasa por el futuro pr\u00f3spero de la comuna, esperamos que las mejoras en la infraestructura del centro van en ese sentido y confiamos en que, una vez finalizadas, significar\u00e1n una mejora importante para todos.<br \/>\nNuestros asociados tiene claro de que esto ser\u00e1 para un futuro pr\u00f3ximo, pero lamentablemente, los comerciantes de San Felipe han visto desmejoradas sus ventas en relaci\u00f3n al tiempo en que a\u00fan no se empezaba con estos trabajos, la paciencia ya se esparci\u00f3 por los incumplimientos de los plazos, por los rompimientos de las calles, que a veces se cree que ya est\u00e1n terminadas las obras y vuelven a romper.<br \/>\nPor las excesivas multas por estacionar en lugares en que ya no se puede. Frente a la C\u00e1mara de Comercio y Turismo de San Felipe, donde asiste mucha gente al Bolet\u00edn Comercial y Chile Compra, ya no se puede estacionar y no se respeta a la gente que detiene sus veh\u00edculos por no m\u00e1s de cinco minutos para efectuar sus tr\u00e1mites, a diario los partes les juegan una mala pasada.<br \/>\nEl comercio est\u00e1 solicitando explicaciones claras y verdaderas, ya no quieren que se les \u2018siga mintiendo\u2019, y nuestra Asociaci\u00f3n Gremial, que reiteramos estamos de acuerdo con el progreso, pero no estamos de acuerdo con lo que se est\u00e1 viendo d\u00eda a d\u00eda, la circulaci\u00f3n de veh\u00edculos entre la calle y las ciclov\u00edas en el centro, realmente preocupa, no estamos de acuerdo con que se haya hecho ciclov\u00edas en el centro, hay comerciantes que han sufrido accidentes al dar la vuelta entre calle Salinas y Prat en el boulevard semipeatonal, otros reclaman porque no pueden descargar sus productos, otros aquejados por la baja en las ventas y as\u00ed sucesivamente.<br \/>\nEl Directorio de nuestra Instituci\u00f3n exige que exista una explicaci\u00f3n a los comerciantes y la reducci\u00f3n de la vulnerabilidad, como un buen prop\u00f3sito de mitigaci\u00f3n. Los da\u00f1os provocados al comercio han sido potenciales. Ofrecemos nuestro espacio f\u00edsico para que los entes involucrados en estos trabajos, entreguen una explicaci\u00f3n clara y contundente como est\u00e1n exigiendo los comerciantes.<\/p>\n","protected":false},"excerpt":{"rendered":"<p>C\u00e1mara de Comercio pide a t\u00e9cnicos una urgente reuni\u00f3n: El presidente de la C\u00e1mara de Comercio de San Felipe, Ricardo Figueroa Cerda, dio a conocer una declaraci\u00f3n p\u00fablica donde dan a conocer&#8230;<\/p>\n","protected":false},"author":1,"featured_media":88594,"comment_status":"open","ping_status":"open","sticky":false,"template":"","format":"standard","meta":{"advanced_seo_description":"","jetpack_seo_html_title":"","jetpack_seo_noindex":false,"_jetpack_memberships_contains_paid_content":false,"footnotes":""},"categories":[1],"tags":[],"class_list":["post-88593","post","type-post","status-publish","format-standard","has-post-thumbnail","hentry","category-cronica"],"jetpack_featured_media_url":"https:\/\/i0.wp.com\/eltrabajo.cl\/portal\/wp-content\/uploads\/2018\/10\/Ricardo.jpg?fit=580%2C457&ssl=1","jetpack_sharing_enabled":true,"jetpack_likes_enabled":true,"jetpack-related-posts":[],"_links":{"self":[{"href":"https:\/\/eltrabajo.cl\/portal\/wp-json\/wp\/v2\/posts\/88593","targetHints":{"allow":["GET"]}}],"collection":[{"href":"https:\/\/eltrabajo.cl\/portal\/wp-json\/wp\/v2\/posts"}],"about":[{"href":"https:\/\/eltrabajo.cl\/portal\/wp-json\/wp\/v2\/types\/post"}],"author":[{"embeddable":true,"href":"https:\/\/eltrabajo.cl\/portal\/wp-json\/wp\/v2\/users\/1"}],"replies":[{"embeddable":true,"href":"https:\/\/eltrabajo.cl\/portal\/wp-json\/wp\/v2\/comments?post=88593"}],"version-history":[{"count":0,"href":"https:\/\/eltrabajo.cl\/portal\/wp-json\/wp\/v2\/posts\/88593\/revisions"}],"wp:featuredmedia":[{"embeddable":true,"href":"https:\/\/eltrabajo.cl\/portal\/wp-json\/wp\/v2\/media\/88594"}],"wp:attachment":[{"href":"https:\/\/eltrabajo.cl\/portal\/wp-json\/wp\/v2\/media?parent=88593"}],"wp:term":[{"taxonomy":"category","embeddable":true,"href":"https:\/\/eltrabajo.cl\/portal\/wp-json\/wp\/v2\/categories?post=88593"},{"taxonomy":"post_tag","embeddable":true,"href":"https:\/\/eltrabajo.cl\/portal\/wp-json\/wp\/v2\/tags?post=88593"}],"curies":[{"name":"wp","href":"https:\/\/api.w.org\/{rel}","templated":true}]}}