{"id":88608,"date":"2018-10-09T05:00:33","date_gmt":"2018-10-09T09:00:33","guid":{"rendered":"http:\/\/www.eltrabajo.cl\/2017\/?p=88608"},"modified":"2018-10-09T05:00:33","modified_gmt":"2018-10-09T09:00:33","slug":"desde-animales-muertos-a-escombros-retiran-mas-de-60-toneladas-de-basura","status":"publish","type":"post","link":"https:\/\/eltrabajo.cl\/portal\/desde-animales-muertos-a-escombros-retiran-mas-de-60-toneladas-de-basura\/","title":{"rendered":"Desde animales muertos a escombros: retiran m\u00e1s de 60 toneladas de basura"},"content":{"rendered":"<figure id=\"attachment_88609\" aria-describedby=\"caption-attachment-88609\" style=\"width: 580px\" class=\"wp-caption alignnone\"><img data-recalc-dims=\"1\" loading=\"lazy\" decoding=\"async\" class=\"size-full wp-image-88609\" src=\"https:\/\/i0.wp.com\/www.eltrabajo.cl\/2017\/wp-content\/uploads\/2018\/10\/Operativo1.jpg?resize=580%2C399\" alt=\"MEGA OPERATIVO.- Ellos son parte del gran contingente comunitario que este viernes desarroll\u00f3 el Mega operativo de limpieza en Bellavista, acopiando m\u00e1s de 60 toneladas de escombros.\" width=\"580\" height=\"399\" srcset=\"https:\/\/i0.wp.com\/eltrabajo.cl\/portal\/wp-content\/uploads\/2018\/10\/Operativo1.jpg?w=580&amp;ssl=1 580w, https:\/\/i0.wp.com\/eltrabajo.cl\/portal\/wp-content\/uploads\/2018\/10\/Operativo1.jpg?resize=200%2C138&amp;ssl=1 200w, https:\/\/i0.wp.com\/eltrabajo.cl\/portal\/wp-content\/uploads\/2018\/10\/Operativo1.jpg?resize=300%2C206&amp;ssl=1 300w, https:\/\/i0.wp.com\/eltrabajo.cl\/portal\/wp-content\/uploads\/2018\/10\/Operativo1.jpg?resize=218%2C150&amp;ssl=1 218w, https:\/\/i0.wp.com\/eltrabajo.cl\/portal\/wp-content\/uploads\/2018\/10\/Operativo1.jpg?resize=400%2C275&amp;ssl=1 400w\" sizes=\"auto, (max-width: 580px) 100vw, 580px\" \/><figcaption id=\"caption-attachment-88609\" class=\"wp-caption-text\">MEGA OPERATIVO.- Ellos son parte del gran contingente comunitario que este viernes desarroll\u00f3 el Mega operativo de limpieza en Bellavista, acopiando m\u00e1s de 60 toneladas de escombros.<\/figcaption><\/figure>\n<p><span style=\"color: #ff0000;\"><strong>Gente de todas partes usan Bellavista como \u2018patio trasero\u2019:<\/strong><\/span><\/p>\n<p>Vecinos e instituciones municipales, educativas y particulares desarrollaron un Megaoperativo de limpieza comunitaria. En total fueron m\u00e1s de 150 personas las que participaron en la jornada de trabajo.<br \/>\nTal como lo adelantamos ayer lunes, se lleg\u00f3 a necesitar la participaci\u00f3n de al menos 150 personas de distintas entidades de nuestra comuna para poder recolectar las m\u00e1s de 60 toneladas de escombros y basura de la vereda del camino en el sector Bellavista-El Asiento, desechos que personas sin escr\u00fapulos han tirado a ese lugar sin la mayor consideraci\u00f3n a los pobladores ni al medioambiente.<br \/>\nLa jornada se desarroll\u00f3 desde horas de la ma\u00f1ana del viernes hasta pasadas las 13:00 horas del mismo d\u00eda. Para lograr limpiar el sector afectado se necesitaron camiones recolectores, tractores y muchas carretillas, as\u00ed como el importante acopio de los voluntarios de manera manual.<\/p>\n<p><span style=\"color: #ff0000;\"><strong>MUCHOS VOLUNTARIOS<\/strong><\/span><br \/>\nDiario El Trabajo tom\u00f3 registro del accionar en este operativo, hablamos con Jacqueline Aguilar Castillo, a cargo de la Direcci\u00f3n de Protecci\u00f3n del Medioambiente: \u00abEste sector de Bellavista est\u00e1 espantosamente lleno de basura, los vecinos han expresado su malestar y preocupaci\u00f3n por este problema, ya que lamentablemente son vecinos de todo el sector de la provincia que vienen a tirar basura. La encargada de Medioambiente Odette Illanes van der Molen organiz\u00f3 este operativo conjuntamente con otros Servicios como el Conaf, Escuela Agr\u00edcola, Cesfam SIT, Cecosf Hugo Cornelissen, y con vecinos del sector para limpiar un kil\u00f3metro de basura. Tenemos entre los voluntarios a personas de la Universidad Aconcagua, Universidad Valpara\u00edso, la Oficina Municipal de la Juventud, Lecher\u00eda Don Alejo, Escuela Agr\u00edcola, los apoderados de escuelas del sector tambi\u00e9n llegaron con sus ni\u00f1os, Ferreter\u00eda Oriente, Sodimac, las empresas Veolia y Aconcagua Recicla, Aseo y Ornato de la Municipalidad de San Felipe\u00bb, dijo la funcionaria.<\/p>\n<p><span style=\"color: #ff0000;\"><strong>\u00abNO SOMOS PATIO\u00a0TRASERO DE NADIE\u00bb<\/strong><\/span><br \/>\nTambi\u00e9n nuestro medio habl\u00f3 con la presidenta de la junta vecinal de Bellavista, Patricia Cisternas: \u00abLa verdad es que nosotros como junta vecinal, desde hace unos dos a\u00f1os venimos peleando para enfrentar el problema de este enorme basural, pareciera que nuestras comunidades del sector rural fu\u00e9ramos el \u2018patio trasero\u2019 de San Felipe, y que todos los dem\u00e1s sanfelipe\u00f1os tuvieran el derecho a venir a dejarnos su basura a nuestra comunidad; no somos el patio trasero de nadie, son animales muertos, electrodom\u00e9sticos da\u00f1ados, madera, escombros de construcci\u00f3n y basura de todo tipo es lo que estamos hoy quitando del camino. Agradecer al alcalde Patricio Freire y algunos concejales que tambi\u00e9n visitaron el lugar en se\u00f1al de apoyo a nuestra iniciativa\u00bb, dijo la dirigenta.<br \/>\n<strong>Roberto Gonz\u00e1lez Short<\/strong><\/p>\n<figure id=\"attachment_88610\" aria-describedby=\"caption-attachment-88610\" style=\"width: 580px\" class=\"wp-caption alignnone\"><img data-recalc-dims=\"1\" loading=\"lazy\" decoding=\"async\" class=\"size-full wp-image-88610\" src=\"https:\/\/i0.wp.com\/www.eltrabajo.cl\/2017\/wp-content\/uploads\/2018\/10\/Operativo2.jpg?resize=580%2C399\" alt=\"INDUSTRIALINOS PRESENTE.- Los j\u00f3venes de la Escuela Industrial tambi\u00e9n trabajaron muy duro durante la jornada.\" width=\"580\" height=\"399\" srcset=\"https:\/\/i0.wp.com\/eltrabajo.cl\/portal\/wp-content\/uploads\/2018\/10\/Operativo2.jpg?w=580&amp;ssl=1 580w, https:\/\/i0.wp.com\/eltrabajo.cl\/portal\/wp-content\/uploads\/2018\/10\/Operativo2.jpg?resize=200%2C138&amp;ssl=1 200w, https:\/\/i0.wp.com\/eltrabajo.cl\/portal\/wp-content\/uploads\/2018\/10\/Operativo2.jpg?resize=300%2C206&amp;ssl=1 300w, https:\/\/i0.wp.com\/eltrabajo.cl\/portal\/wp-content\/uploads\/2018\/10\/Operativo2.jpg?resize=218%2C150&amp;ssl=1 218w, https:\/\/i0.wp.com\/eltrabajo.cl\/portal\/wp-content\/uploads\/2018\/10\/Operativo2.jpg?resize=400%2C275&amp;ssl=1 400w\" sizes=\"auto, (max-width: 580px) 100vw, 580px\" \/><figcaption id=\"caption-attachment-88610\" class=\"wp-caption-text\">INDUSTRIALINOS PRESENTE.- Los j\u00f3venes de la Escuela Industrial tambi\u00e9n trabajaron muy duro durante la jornada.<\/figcaption><\/figure>\n<figure id=\"attachment_88611\" aria-describedby=\"caption-attachment-88611\" style=\"width: 580px\" class=\"wp-caption alignnone\"><img data-recalc-dims=\"1\" loading=\"lazy\" decoding=\"async\" class=\"size-full wp-image-88611\" src=\"https:\/\/i0.wp.com\/www.eltrabajo.cl\/2017\/wp-content\/uploads\/2018\/10\/Operativo4.jpg?resize=580%2C400\" alt=\"M\u00c1S DE 60 TONELADAS.- Las c\u00e1maras de Diario El Trabajo tomaron registro del accionar de cada uno de los protagonistas en esta jornada de limpieza.\" width=\"580\" height=\"400\" srcset=\"https:\/\/i0.wp.com\/eltrabajo.cl\/portal\/wp-content\/uploads\/2018\/10\/Operativo4.jpg?w=580&amp;ssl=1 580w, https:\/\/i0.wp.com\/eltrabajo.cl\/portal\/wp-content\/uploads\/2018\/10\/Operativo4.jpg?resize=200%2C138&amp;ssl=1 200w, https:\/\/i0.wp.com\/eltrabajo.cl\/portal\/wp-content\/uploads\/2018\/10\/Operativo4.jpg?resize=300%2C207&amp;ssl=1 300w, https:\/\/i0.wp.com\/eltrabajo.cl\/portal\/wp-content\/uploads\/2018\/10\/Operativo4.jpg?resize=218%2C150&amp;ssl=1 218w, https:\/\/i0.wp.com\/eltrabajo.cl\/portal\/wp-content\/uploads\/2018\/10\/Operativo4.jpg?resize=400%2C276&amp;ssl=1 400w\" sizes=\"auto, (max-width: 580px) 100vw, 580px\" \/><figcaption id=\"caption-attachment-88611\" class=\"wp-caption-text\">M\u00c1S DE 60 TONELADAS.- Las c\u00e1maras de Diario El Trabajo tomaron registro del accionar de cada uno de los protagonistas en esta jornada de limpieza.<\/figcaption><\/figure>\n","protected":false},"excerpt":{"rendered":"<p>Gente de todas partes usan Bellavista como \u2018patio trasero\u2019: Vecinos e instituciones municipales, educativas y particulares desarrollaron un Megaoperativo de limpieza comunitaria. En total fueron m\u00e1s de 150 personas las que participaron&#8230;<\/p>\n","protected":false},"author":1,"featured_media":88610,"comment_status":"open","ping_status":"open","sticky":false,"template":"","format":"standard","meta":{"advanced_seo_description":"","jetpack_seo_html_title":"","jetpack_seo_noindex":false,"_jetpack_memberships_contains_paid_content":false,"footnotes":""},"categories":[15],"tags":[],"class_list":["post-88608","post","type-post","status-publish","format-standard","has-post-thumbnail","hentry","category-comunidad"],"jetpack_featured_media_url":"https:\/\/i0.wp.com\/eltrabajo.cl\/portal\/wp-content\/uploads\/2018\/10\/Operativo2.jpg?fit=580%2C399&ssl=1","jetpack_sharing_enabled":true,"jetpack_likes_enabled":true,"jetpack-related-posts":[],"_links":{"self":[{"href":"https:\/\/eltrabajo.cl\/portal\/wp-json\/wp\/v2\/posts\/88608","targetHints":{"allow":["GET"]}}],"collection":[{"href":"https:\/\/eltrabajo.cl\/portal\/wp-json\/wp\/v2\/posts"}],"about":[{"href":"https:\/\/eltrabajo.cl\/portal\/wp-json\/wp\/v2\/types\/post"}],"author":[{"embeddable":true,"href":"https:\/\/eltrabajo.cl\/portal\/wp-json\/wp\/v2\/users\/1"}],"replies":[{"embeddable":true,"href":"https:\/\/eltrabajo.cl\/portal\/wp-json\/wp\/v2\/comments?post=88608"}],"version-history":[{"count":0,"href":"https:\/\/eltrabajo.cl\/portal\/wp-json\/wp\/v2\/posts\/88608\/revisions"}],"wp:featuredmedia":[{"embeddable":true,"href":"https:\/\/eltrabajo.cl\/portal\/wp-json\/wp\/v2\/media\/88610"}],"wp:attachment":[{"href":"https:\/\/eltrabajo.cl\/portal\/wp-json\/wp\/v2\/media?parent=88608"}],"wp:term":[{"taxonomy":"category","embeddable":true,"href":"https:\/\/eltrabajo.cl\/portal\/wp-json\/wp\/v2\/categories?post=88608"},{"taxonomy":"post_tag","embeddable":true,"href":"https:\/\/eltrabajo.cl\/portal\/wp-json\/wp\/v2\/tags?post=88608"}],"curies":[{"name":"wp","href":"https:\/\/api.w.org\/{rel}","templated":true}]}}