{"id":88613,"date":"2018-10-09T05:01:45","date_gmt":"2018-10-09T09:01:45","guid":{"rendered":"http:\/\/www.eltrabajo.cl\/2017\/?p=88613"},"modified":"2018-10-09T05:01:45","modified_gmt":"2018-10-09T09:01:45","slug":"pide-a-vecinos-no-seguir-botando-basura-en-sitio-eriazo-colindante-a-su-villa","status":"publish","type":"post","link":"https:\/\/eltrabajo.cl\/portal\/pide-a-vecinos-no-seguir-botando-basura-en-sitio-eriazo-colindante-a-su-villa\/","title":{"rendered":"Pide a vecinos no seguir botando basura en sitio eriazo colindante a su villa"},"content":{"rendered":"<figure id=\"attachment_88616\" aria-describedby=\"caption-attachment-88616\" style=\"width: 580px\" class=\"wp-caption alignnone\"><img data-recalc-dims=\"1\" loading=\"lazy\" decoding=\"async\" class=\"size-full wp-image-88616\" src=\"https:\/\/i0.wp.com\/www.eltrabajo.cl\/2017\/wp-content\/uploads\/2018\/10\/Basura-tv.jpg?resize=580%2C400\" alt=\"Un TV viejo tambi\u00e9n se puede encontrar en el lugar.\" width=\"580\" height=\"400\" srcset=\"https:\/\/i0.wp.com\/eltrabajo.cl\/portal\/wp-content\/uploads\/2018\/10\/Basura-tv.jpg?w=580&amp;ssl=1 580w, https:\/\/i0.wp.com\/eltrabajo.cl\/portal\/wp-content\/uploads\/2018\/10\/Basura-tv.jpg?resize=200%2C138&amp;ssl=1 200w, https:\/\/i0.wp.com\/eltrabajo.cl\/portal\/wp-content\/uploads\/2018\/10\/Basura-tv.jpg?resize=300%2C207&amp;ssl=1 300w, https:\/\/i0.wp.com\/eltrabajo.cl\/portal\/wp-content\/uploads\/2018\/10\/Basura-tv.jpg?resize=218%2C150&amp;ssl=1 218w, https:\/\/i0.wp.com\/eltrabajo.cl\/portal\/wp-content\/uploads\/2018\/10\/Basura-tv.jpg?resize=400%2C276&amp;ssl=1 400w\" sizes=\"auto, (max-width: 580px) 100vw, 580px\" \/><figcaption id=\"caption-attachment-88616\" class=\"wp-caption-text\">Un TV viejo tambi\u00e9n se puede encontrar en el lugar.<\/figcaption><\/figure>\n<p><span style=\"color: #ff0000;\"><strong>Dirigente vecinal de Villa El Descanso:<\/strong><\/span><\/p>\n<p>Desde hace ya bastantes a\u00f1os, vecinos de Villa El Descanso han tenido que presenciar como personas del mismo lugar, y otras provenientes de distintas partes, van a botar basura a un sitio eriazo ubicado en el sector.<br \/>\nLa \u00faltima vez una persona fue sorprendida por un dirigente de la directiva, el cual lo sigui\u00f3 para pedirle explicaciones del por qu\u00e9 hab\u00eda ido a botar basura a ese lugar que no era de su sector. Pues bien, la respuesta que obtuvo fue que como ya hab\u00edan ramas en el lugar, \u00e9l aprovech\u00f3 y dej\u00f3 otras que \u00e9l llevaba.<br \/>\nCamilo Mu\u00f1oz Ortega, dirigente de la junta de vecinos, dijo a nuestro medio: \u201cNosotros tenemos un sitio eriazo que cruza Cherc\u00e1n Tapia, en el cual la municipalidad ha hecho gestiones, se ha limpiado, pero sigue la gente botando ramas, colchones y tambi\u00e9n se presta en una esquina para tipo motel en la noche; van autos y se instalan ah\u00ed, lo m\u00e1s triste es que nuestros mismos vecinos botan ramas, escombros, basura ah\u00ed mismo, eso es inconcebible, si nosotros no nos ayudamos entre los mismos vecinos, qu\u00e9 esperamos de los dem\u00e1s\u201d.<br \/>\n<strong>&#8211; \u00bfEs decir que es gente de ah\u00ed y de otros lados?<\/strong><br \/>\n&#8211; Claro, viene gente de otros lados, a veces entre nosotros los vecinos tratamos de obtener fotos para denunciarlos, pero normalmente van en la noche, madrugada pero ayer (domingo) se dio un caso ins\u00f3lito, donde un vecino en el d\u00eda estaba botando ramas y la justificaci\u00f3n de \u00e9l fue porque hab\u00edan ramas, \u00e9l pod\u00eda botar, eso lo encuentro que no corresponde, o sea si \u00e9l ve cualquier cosa botada va a ir a botar lo mismo, creo que no es la justificaci\u00f3n.<br \/>\n<strong>&#8211; \u00bfDesde cu\u00e1ndo se viene produciendo este problema?<\/strong><br \/>\n&#8211; Hace a\u00f1os, a\u00f1os que estamos con este tema y no lo hemos podido terminar. Lo otro que hace poquito el concejal Villanueva, tuvieron una reuni\u00f3n con nosotros por temas de seguridad, y \u00e9l nos dijo que estaba todo listo para cerrar ese sector y despu\u00e9s cobrarle al due\u00f1o lo que se gast\u00f3, porque hay un due\u00f1o ah\u00ed que una vez cerr\u00f3, pero nosotros, los mismos vecinos, creo que sacamos el cierre, lo botaron; obviamente el due\u00f1o no quiere cerrar nuevamente, si cierra lo van a botar de nuevo. Seg\u00fan la municipalidad van a cerrar con un buen cierre y le van a cobrar las costas al propietario, pero no s\u00e9 cu\u00e1ndo, no dieron fecha, o es algo de campa\u00f1a o realmente va a ser as\u00ed.<br \/>\n<strong>&#8211; \u00bfQu\u00e9 llamado le hace a la gente, las personas?<\/strong><br \/>\n&#8211; El llamado es a que cuidemos nuestro entorno y que si ellos ven algo extra\u00f1o, un veh\u00edculo, le saquen foto, lo ideal a la patente del veh\u00edculo, y nosotros como vecinos dar el ejemplo y no ir a botar basura a nuestro sector, porque eso es lo m\u00e1s ins\u00f3lito.<\/p>\n<figure id=\"attachment_88614\" aria-describedby=\"caption-attachment-88614\" style=\"width: 580px\" class=\"wp-caption alignnone\"><img data-recalc-dims=\"1\" loading=\"lazy\" decoding=\"async\" class=\"size-full wp-image-88614\" src=\"https:\/\/i0.wp.com\/www.eltrabajo.cl\/2017\/wp-content\/uploads\/2018\/10\/Basura-Ramas.jpg?resize=580%2C400\" alt=\"Gran cantidad de ramas han ido a botar al sitio eriazo.\" width=\"580\" height=\"400\" srcset=\"https:\/\/i0.wp.com\/eltrabajo.cl\/portal\/wp-content\/uploads\/2018\/10\/Basura-Ramas.jpg?w=580&amp;ssl=1 580w, https:\/\/i0.wp.com\/eltrabajo.cl\/portal\/wp-content\/uploads\/2018\/10\/Basura-Ramas.jpg?resize=200%2C138&amp;ssl=1 200w, https:\/\/i0.wp.com\/eltrabajo.cl\/portal\/wp-content\/uploads\/2018\/10\/Basura-Ramas.jpg?resize=300%2C207&amp;ssl=1 300w, https:\/\/i0.wp.com\/eltrabajo.cl\/portal\/wp-content\/uploads\/2018\/10\/Basura-Ramas.jpg?resize=218%2C150&amp;ssl=1 218w, https:\/\/i0.wp.com\/eltrabajo.cl\/portal\/wp-content\/uploads\/2018\/10\/Basura-Ramas.jpg?resize=400%2C276&amp;ssl=1 400w\" sizes=\"auto, (max-width: 580px) 100vw, 580px\" \/><figcaption id=\"caption-attachment-88614\" class=\"wp-caption-text\">Gran cantidad de ramas han ido a botar al sitio eriazo.<\/figcaption><\/figure>\n<figure id=\"attachment_88615\" aria-describedby=\"caption-attachment-88615\" style=\"width: 580px\" class=\"wp-caption alignnone\"><img data-recalc-dims=\"1\" loading=\"lazy\" decoding=\"async\" class=\"size-full wp-image-88615\" src=\"https:\/\/i0.wp.com\/www.eltrabajo.cl\/2017\/wp-content\/uploads\/2018\/10\/Basura-Sacos.jpg?resize=580%2C399\" alt=\"Hasta sacos con desperdicios son botados en el lugar.\" width=\"580\" height=\"399\" srcset=\"https:\/\/i0.wp.com\/eltrabajo.cl\/portal\/wp-content\/uploads\/2018\/10\/Basura-Sacos.jpg?w=580&amp;ssl=1 580w, https:\/\/i0.wp.com\/eltrabajo.cl\/portal\/wp-content\/uploads\/2018\/10\/Basura-Sacos.jpg?resize=200%2C138&amp;ssl=1 200w, https:\/\/i0.wp.com\/eltrabajo.cl\/portal\/wp-content\/uploads\/2018\/10\/Basura-Sacos.jpg?resize=300%2C206&amp;ssl=1 300w, https:\/\/i0.wp.com\/eltrabajo.cl\/portal\/wp-content\/uploads\/2018\/10\/Basura-Sacos.jpg?resize=218%2C150&amp;ssl=1 218w, https:\/\/i0.wp.com\/eltrabajo.cl\/portal\/wp-content\/uploads\/2018\/10\/Basura-Sacos.jpg?resize=400%2C275&amp;ssl=1 400w\" sizes=\"auto, (max-width: 580px) 100vw, 580px\" \/><figcaption id=\"caption-attachment-88615\" class=\"wp-caption-text\">Hasta sacos con desperdicios son botados en el lugar.<\/figcaption><\/figure>\n","protected":false},"excerpt":{"rendered":"<p>Dirigente vecinal de Villa El Descanso: Desde hace ya bastantes a\u00f1os, vecinos de Villa El Descanso han tenido que presenciar como personas del mismo lugar, y otras provenientes de distintas partes, van&#8230;<\/p>\n","protected":false},"author":1,"featured_media":88615,"comment_status":"open","ping_status":"open","sticky":false,"template":"","format":"standard","meta":{"advanced_seo_description":"","jetpack_seo_html_title":"","jetpack_seo_noindex":false,"_jetpack_memberships_contains_paid_content":false,"footnotes":""},"categories":[15],"tags":[],"class_list":["post-88613","post","type-post","status-publish","format-standard","has-post-thumbnail","hentry","category-comunidad"],"jetpack_featured_media_url":"https:\/\/i0.wp.com\/eltrabajo.cl\/portal\/wp-content\/uploads\/2018\/10\/Basura-Sacos.jpg?fit=580%2C399&ssl=1","jetpack_sharing_enabled":true,"jetpack_likes_enabled":true,"jetpack-related-posts":[],"_links":{"self":[{"href":"https:\/\/eltrabajo.cl\/portal\/wp-json\/wp\/v2\/posts\/88613","targetHints":{"allow":["GET"]}}],"collection":[{"href":"https:\/\/eltrabajo.cl\/portal\/wp-json\/wp\/v2\/posts"}],"about":[{"href":"https:\/\/eltrabajo.cl\/portal\/wp-json\/wp\/v2\/types\/post"}],"author":[{"embeddable":true,"href":"https:\/\/eltrabajo.cl\/portal\/wp-json\/wp\/v2\/users\/1"}],"replies":[{"embeddable":true,"href":"https:\/\/eltrabajo.cl\/portal\/wp-json\/wp\/v2\/comments?post=88613"}],"version-history":[{"count":0,"href":"https:\/\/eltrabajo.cl\/portal\/wp-json\/wp\/v2\/posts\/88613\/revisions"}],"wp:featuredmedia":[{"embeddable":true,"href":"https:\/\/eltrabajo.cl\/portal\/wp-json\/wp\/v2\/media\/88615"}],"wp:attachment":[{"href":"https:\/\/eltrabajo.cl\/portal\/wp-json\/wp\/v2\/media?parent=88613"}],"wp:term":[{"taxonomy":"category","embeddable":true,"href":"https:\/\/eltrabajo.cl\/portal\/wp-json\/wp\/v2\/categories?post=88613"},{"taxonomy":"post_tag","embeddable":true,"href":"https:\/\/eltrabajo.cl\/portal\/wp-json\/wp\/v2\/tags?post=88613"}],"curies":[{"name":"wp","href":"https:\/\/api.w.org\/{rel}","templated":true}]}}