{"id":88633,"date":"2018-10-10T05:01:53","date_gmt":"2018-10-10T09:01:53","guid":{"rendered":"http:\/\/www.eltrabajo.cl\/2017\/?p=88633"},"modified":"2018-10-10T05:01:53","modified_gmt":"2018-10-10T09:01:53","slug":"hallan-muerto-a-indigente-de-52-anos-en-ex-estacion-de-trenes-en-llay-llay","status":"publish","type":"post","link":"https:\/\/eltrabajo.cl\/portal\/hallan-muerto-a-indigente-de-52-anos-en-ex-estacion-de-trenes-en-llay-llay\/","title":{"rendered":"Hallan muerto a indigente de 52 a\u00f1os en ex estaci\u00f3n de trenes en Llay Llay"},"content":{"rendered":"<figure id=\"attachment_88634\" aria-describedby=\"caption-attachment-88634\" style=\"width: 578px\" class=\"wp-caption alignnone\"><img data-recalc-dims=\"1\" loading=\"lazy\" decoding=\"async\" class=\"size-full wp-image-88634\" src=\"https:\/\/i0.wp.com\/www.eltrabajo.cl\/2017\/wp-content\/uploads\/2018\/10\/SITIO-SUCESO-LLAY-LLAY.jpg?resize=578%2C325\" alt=\"En la ex estaci\u00f3n de trenes de Llay Llay fue hallado la ma\u00f1ana de ayer martes, el cuerpo sin vida de un hombre de 52 a\u00f1os de edad en situaci\u00f3n de calle.\" width=\"578\" height=\"325\" srcset=\"https:\/\/i0.wp.com\/eltrabajo.cl\/portal\/wp-content\/uploads\/2018\/10\/SITIO-SUCESO-LLAY-LLAY.jpg?w=578&amp;ssl=1 578w, https:\/\/i0.wp.com\/eltrabajo.cl\/portal\/wp-content\/uploads\/2018\/10\/SITIO-SUCESO-LLAY-LLAY.jpg?resize=200%2C112&amp;ssl=1 200w, https:\/\/i0.wp.com\/eltrabajo.cl\/portal\/wp-content\/uploads\/2018\/10\/SITIO-SUCESO-LLAY-LLAY.jpg?resize=300%2C169&amp;ssl=1 300w, https:\/\/i0.wp.com\/eltrabajo.cl\/portal\/wp-content\/uploads\/2018\/10\/SITIO-SUCESO-LLAY-LLAY.jpg?resize=267%2C150&amp;ssl=1 267w, https:\/\/i0.wp.com\/eltrabajo.cl\/portal\/wp-content\/uploads\/2018\/10\/SITIO-SUCESO-LLAY-LLAY.jpg?resize=400%2C225&amp;ssl=1 400w\" sizes=\"auto, (max-width: 578px) 100vw, 578px\" \/><figcaption id=\"caption-attachment-88634\" class=\"wp-caption-text\">En la ex estaci\u00f3n de trenes de Llay Llay fue hallado la ma\u00f1ana de ayer martes, el cuerpo sin vida de un hombre de 52 a\u00f1os de edad en situaci\u00f3n de calle.<\/figcaption><\/figure>\n<p><span style=\"color: #ff0000;\"><strong>Polic\u00eda de Investigaciones descarta intervenci\u00f3n de terceros:<\/strong><\/span><\/p>\n<ul>\n<li><strong>V\u00edctima sufr\u00eda adicci\u00f3n al alcoholismo por m\u00e1s de treinta a\u00f1os, utilizando la antigua estaci\u00f3n de trenes como refugio para pernoctar.<\/strong><\/li>\n<\/ul>\n<p>Un hombre en situaci\u00f3n de calle, de 52 a\u00f1os de edad, identificado con las iniciales A.V.A.A., fue hallado muerto durante la ma\u00f1ana de ayer martes por transe\u00fantes en la ex estaci\u00f3n de trenes en la comuna de Llay Llay, aparentemente producto de una cirrosis hep\u00e1tica.<br \/>\nSeg\u00fan la informaci\u00f3n policial preliminar, el fallecido manten\u00eda una adicci\u00f3n al alcohol, manteni\u00e9ndose por m\u00e1s de treinta a\u00f1os en situaci\u00f3n de calle, pernoctando en la antigua estaci\u00f3n de trenes. Su muerte qued\u00f3 al descubierto por testigos que dieron cuenta a Carabineros, requiri\u00e9ndose la presencia del Samu, confirm\u00e1ndose posteriormente el deceso de la persona.<br \/>\nPor instrucci\u00f3n del Fiscal de turno, se dispuso la concurrencia de la Brigada de Homicidios de la Polic\u00eda de Investigaciones de Los Andes, quienes preliminarmente descartaron la intervenci\u00f3n de terceras personas en el fallecimiento, estableci\u00e9ndose que esta persona ya hab\u00eda sido internada en el Hospital de la comuna en al menos tres ocasiones por problemas de adicci\u00f3n al alcohol.<br \/>\nEl cuerpo fue remitido hasta el Servicio M\u00e9dico Legal para determinar cient\u00edficamente la causa de muerte tras la pr\u00e1ctica de la autopsia de rigor.<br \/>\n<strong>Pablo Salinas Sald\u00edas<\/strong><\/p>\n","protected":false},"excerpt":{"rendered":"<p>Polic\u00eda de Investigaciones descarta intervenci\u00f3n de terceros: V\u00edctima sufr\u00eda adicci\u00f3n al alcoholismo por m\u00e1s de treinta a\u00f1os, utilizando la antigua estaci\u00f3n de trenes como refugio para pernoctar. Un hombre en situaci\u00f3n de&#8230;<\/p>\n","protected":false},"author":1,"featured_media":88634,"comment_status":"open","ping_status":"open","sticky":false,"template":"","format":"standard","meta":{"advanced_seo_description":"","jetpack_seo_html_title":"","jetpack_seo_noindex":false,"_jetpack_memberships_contains_paid_content":false,"footnotes":""},"categories":[21],"tags":[],"class_list":["post-88633","post","type-post","status-publish","format-standard","has-post-thumbnail","hentry","category-policial"],"jetpack_featured_media_url":"https:\/\/i0.wp.com\/eltrabajo.cl\/portal\/wp-content\/uploads\/2018\/10\/SITIO-SUCESO-LLAY-LLAY.jpg?fit=578%2C325&ssl=1","jetpack_sharing_enabled":true,"jetpack_likes_enabled":true,"jetpack-related-posts":[],"_links":{"self":[{"href":"https:\/\/eltrabajo.cl\/portal\/wp-json\/wp\/v2\/posts\/88633","targetHints":{"allow":["GET"]}}],"collection":[{"href":"https:\/\/eltrabajo.cl\/portal\/wp-json\/wp\/v2\/posts"}],"about":[{"href":"https:\/\/eltrabajo.cl\/portal\/wp-json\/wp\/v2\/types\/post"}],"author":[{"embeddable":true,"href":"https:\/\/eltrabajo.cl\/portal\/wp-json\/wp\/v2\/users\/1"}],"replies":[{"embeddable":true,"href":"https:\/\/eltrabajo.cl\/portal\/wp-json\/wp\/v2\/comments?post=88633"}],"version-history":[{"count":0,"href":"https:\/\/eltrabajo.cl\/portal\/wp-json\/wp\/v2\/posts\/88633\/revisions"}],"wp:featuredmedia":[{"embeddable":true,"href":"https:\/\/eltrabajo.cl\/portal\/wp-json\/wp\/v2\/media\/88634"}],"wp:attachment":[{"href":"https:\/\/eltrabajo.cl\/portal\/wp-json\/wp\/v2\/media?parent=88633"}],"wp:term":[{"taxonomy":"category","embeddable":true,"href":"https:\/\/eltrabajo.cl\/portal\/wp-json\/wp\/v2\/categories?post=88633"},{"taxonomy":"post_tag","embeddable":true,"href":"https:\/\/eltrabajo.cl\/portal\/wp-json\/wp\/v2\/tags?post=88633"}],"curies":[{"name":"wp","href":"https:\/\/api.w.org\/{rel}","templated":true}]}}