{"id":88636,"date":"2018-10-10T05:02:11","date_gmt":"2018-10-10T09:02:11","guid":{"rendered":"http:\/\/www.eltrabajo.cl\/2017\/?p=88636"},"modified":"2018-10-10T05:02:11","modified_gmt":"2018-10-10T09:02:11","slug":"vialidad-repara-desperfecto-que-dejo-a-yegua-atrapada-en-puente-21-de-mayo","status":"publish","type":"post","link":"https:\/\/eltrabajo.cl\/portal\/vialidad-repara-desperfecto-que-dejo-a-yegua-atrapada-en-puente-21-de-mayo\/","title":{"rendered":"Vialidad repara desperfecto que dej\u00f3 a yegua atrapada en Puente 21 de Mayo"},"content":{"rendered":"<figure id=\"attachment_88639\" aria-describedby=\"caption-attachment-88639\" style=\"width: 579px\" class=\"wp-caption alignnone\"><img data-recalc-dims=\"1\" loading=\"lazy\" decoding=\"async\" class=\"size-full wp-image-88639\" src=\"https:\/\/i0.wp.com\/www.eltrabajo.cl\/2017\/wp-content\/uploads\/2018\/10\/Yegua-1.jpg?resize=579%2C411\" alt=\"La imagen que impact\u00f3 en la redes sociales, cuando intentan sacar al animal que se encuentra atrapado.\" width=\"579\" height=\"411\" srcset=\"https:\/\/i0.wp.com\/eltrabajo.cl\/portal\/wp-content\/uploads\/2018\/10\/Yegua-1.jpg?w=579&amp;ssl=1 579w, https:\/\/i0.wp.com\/eltrabajo.cl\/portal\/wp-content\/uploads\/2018\/10\/Yegua-1.jpg?resize=200%2C142&amp;ssl=1 200w, https:\/\/i0.wp.com\/eltrabajo.cl\/portal\/wp-content\/uploads\/2018\/10\/Yegua-1.jpg?resize=300%2C213&amp;ssl=1 300w, https:\/\/i0.wp.com\/eltrabajo.cl\/portal\/wp-content\/uploads\/2018\/10\/Yegua-1.jpg?resize=211%2C150&amp;ssl=1 211w, https:\/\/i0.wp.com\/eltrabajo.cl\/portal\/wp-content\/uploads\/2018\/10\/Yegua-1.jpg?resize=400%2C284&amp;ssl=1 400w\" sizes=\"auto, (max-width: 579px) 100vw, 579px\" \/><figcaption id=\"caption-attachment-88639\" class=\"wp-caption-text\">La imagen que impact\u00f3 en la redes sociales, cuando intentan sacar al animal que se encuentra atrapado.<\/figcaption><\/figure>\n<p><span style=\"color: #ff0000;\"><strong>Animal sufri\u00f3 grave lesi\u00f3n en una de sus patas:<\/strong><\/span><\/p>\n<p>Personal de la Direcci\u00f3n Provincial de Vialidad concurri\u00f3 ayer en la ma\u00f1ana hasta el Puente 21 de Mayo a instalar una placa met\u00e1lica en la hendidura donde el domingo una yegua meti\u00f3 su pata derecha trasera, acci\u00f3n que le caus\u00f3 graves heridas que hasta el d\u00eda de hoy la mantienen en tratamiento.<br \/>\nProducto de estos trabajos, el tr\u00e1nsito vehicular se vio alterado por algunas horas mientras personal trabajaba en el lugar.<br \/>\nEste problema se viene arrastrando desde hace unos cuatro meses, nos dec\u00eda este lunes una persona cercana a quien ese d\u00eda protagoniz\u00f3 este hecho. Por eso le pidi\u00f3 a trav\u00e9s de nuestro medio que las autoridades \u201cse pusieran las pilas\u201d y arreglaran de una vez por todas este problema.<br \/>\nAl respecto el director (S) de Vialidad, Claudio Isrray, aclar\u00f3 para tranquilidad de las personas, que el puente no tiene un problema estructural de ninguna manera, sino que esto fue algo que sucedi\u00f3 quiz\u00e1s por fatiga del material, pero se trata de algo que se coloca para poder evitar que la loza se quiebre en caso de terremoto, por eso se dividen.<br \/>\n\u201cEs solamente eso, en ning\u00fan caso tiene alg\u00fan problema estructural el puente, por favor que la comunidad quede tranquila, no vayan a pensar que esta diferencia entre las losas de hormig\u00f3n del puente significa que se va a separar, eso no es as\u00ed, se dise\u00f1an y se construyen los puentes de esa manera justamente para que entre losa y losa, cuando hay un terremoto por ejemplo, se puedan mover en forma independiente y no se quiebren, o durante el verano cuando tenemos altas temperaturas el hormig\u00f3n se dilata y para que no provoque problemas posteriormente\u201d, se\u00f1al\u00f3 Claudio Isrray.<br \/>\nEn definitiva se instal\u00f3 una placa de metal por mientras, porque la de caucho no est\u00e1 a disposici\u00f3n de Vialidad en este minuto, por eso se hizo una reparaci\u00f3n met\u00e1lica \u201cque va a permitir que el tr\u00e1nsito fluya sin ning\u00fan problema\u201d, dijo el director (s).<br \/>\nUna de las vecinas del sector agradeci\u00f3 la gesti\u00f3n, pero dijo: \u201cLamentablemente tuvo que pasar el accidente de la yegua para que reaccionaran\u201d.<\/p>\n<figure id=\"attachment_88638\" aria-describedby=\"caption-attachment-88638\" style=\"width: 580px\" class=\"wp-caption alignnone\"><img data-recalc-dims=\"1\" loading=\"lazy\" decoding=\"async\" class=\"size-full wp-image-88638\" src=\"https:\/\/i0.wp.com\/www.eltrabajo.cl\/2017\/wp-content\/uploads\/2018\/10\/yegua-Vialidad.jpg?resize=580%2C405\" alt=\"Ayer en la ma\u00f1ana concurri\u00f3 personal de Vialidad a colocar una placa met\u00e1lica, en forma provisoria, ya que la reparaci\u00f3n definitiva se har\u00e1 posteriormente.\" width=\"580\" height=\"405\" srcset=\"https:\/\/i0.wp.com\/eltrabajo.cl\/portal\/wp-content\/uploads\/2018\/10\/yegua-Vialidad.jpg?w=580&amp;ssl=1 580w, https:\/\/i0.wp.com\/eltrabajo.cl\/portal\/wp-content\/uploads\/2018\/10\/yegua-Vialidad.jpg?resize=200%2C140&amp;ssl=1 200w, https:\/\/i0.wp.com\/eltrabajo.cl\/portal\/wp-content\/uploads\/2018\/10\/yegua-Vialidad.jpg?resize=300%2C209&amp;ssl=1 300w, https:\/\/i0.wp.com\/eltrabajo.cl\/portal\/wp-content\/uploads\/2018\/10\/yegua-Vialidad.jpg?resize=215%2C150&amp;ssl=1 215w, https:\/\/i0.wp.com\/eltrabajo.cl\/portal\/wp-content\/uploads\/2018\/10\/yegua-Vialidad.jpg?resize=400%2C279&amp;ssl=1 400w\" sizes=\"auto, (max-width: 580px) 100vw, 580px\" \/><figcaption id=\"caption-attachment-88638\" class=\"wp-caption-text\">Ayer en la ma\u00f1ana concurri\u00f3 personal de Vialidad a colocar una placa met\u00e1lica, en forma provisoria, ya que la reparaci\u00f3n definitiva se har\u00e1 posteriormente.<\/figcaption><\/figure>\n<figure id=\"attachment_88637\" aria-describedby=\"caption-attachment-88637\" style=\"width: 579px\" class=\"wp-caption alignnone\"><img data-recalc-dims=\"1\" loading=\"lazy\" decoding=\"async\" class=\"size-full wp-image-88637\" src=\"https:\/\/i0.wp.com\/www.eltrabajo.cl\/2017\/wp-content\/uploads\/2018\/10\/yegua-Huincha-de-caucho.jpg?resize=579%2C1324\" alt=\"As\u00ed luc\u00eda la separaci\u00f3n de las placas de hormig\u00f3n antes de ser reparada.\" width=\"579\" height=\"1324\" srcset=\"https:\/\/i0.wp.com\/eltrabajo.cl\/portal\/wp-content\/uploads\/2018\/10\/yegua-Huincha-de-caucho.jpg?w=579&amp;ssl=1 579w, https:\/\/i0.wp.com\/eltrabajo.cl\/portal\/wp-content\/uploads\/2018\/10\/yegua-Huincha-de-caucho.jpg?resize=66%2C150&amp;ssl=1 66w, https:\/\/i0.wp.com\/eltrabajo.cl\/portal\/wp-content\/uploads\/2018\/10\/yegua-Huincha-de-caucho.jpg?resize=131%2C300&amp;ssl=1 131w, https:\/\/i0.wp.com\/eltrabajo.cl\/portal\/wp-content\/uploads\/2018\/10\/yegua-Huincha-de-caucho.jpg?resize=448%2C1024&amp;ssl=1 448w, https:\/\/i0.wp.com\/eltrabajo.cl\/portal\/wp-content\/uploads\/2018\/10\/yegua-Huincha-de-caucho.jpg?resize=400%2C915&amp;ssl=1 400w\" sizes=\"auto, (max-width: 579px) 100vw, 579px\" \/><figcaption id=\"caption-attachment-88637\" class=\"wp-caption-text\">As\u00ed luc\u00eda la separaci\u00f3n de las placas de hormig\u00f3n antes de ser reparada.<\/figcaption><\/figure>\n","protected":false},"excerpt":{"rendered":"<p>Animal sufri\u00f3 grave lesi\u00f3n en una de sus patas: Personal de la Direcci\u00f3n Provincial de Vialidad concurri\u00f3 ayer en la ma\u00f1ana hasta el Puente 21 de Mayo a instalar una placa met\u00e1lica&#8230;<\/p>\n","protected":false},"author":1,"featured_media":88638,"comment_status":"open","ping_status":"open","sticky":false,"template":"","format":"standard","meta":{"advanced_seo_description":"","jetpack_seo_html_title":"","jetpack_seo_noindex":false,"_jetpack_memberships_contains_paid_content":false,"footnotes":""},"categories":[1],"tags":[],"class_list":["post-88636","post","type-post","status-publish","format-standard","has-post-thumbnail","hentry","category-cronica"],"jetpack_featured_media_url":"https:\/\/i0.wp.com\/eltrabajo.cl\/portal\/wp-content\/uploads\/2018\/10\/yegua-Vialidad.jpg?fit=580%2C405&ssl=1","jetpack_sharing_enabled":true,"jetpack_likes_enabled":true,"jetpack-related-posts":[],"_links":{"self":[{"href":"https:\/\/eltrabajo.cl\/portal\/wp-json\/wp\/v2\/posts\/88636","targetHints":{"allow":["GET"]}}],"collection":[{"href":"https:\/\/eltrabajo.cl\/portal\/wp-json\/wp\/v2\/posts"}],"about":[{"href":"https:\/\/eltrabajo.cl\/portal\/wp-json\/wp\/v2\/types\/post"}],"author":[{"embeddable":true,"href":"https:\/\/eltrabajo.cl\/portal\/wp-json\/wp\/v2\/users\/1"}],"replies":[{"embeddable":true,"href":"https:\/\/eltrabajo.cl\/portal\/wp-json\/wp\/v2\/comments?post=88636"}],"version-history":[{"count":0,"href":"https:\/\/eltrabajo.cl\/portal\/wp-json\/wp\/v2\/posts\/88636\/revisions"}],"wp:featuredmedia":[{"embeddable":true,"href":"https:\/\/eltrabajo.cl\/portal\/wp-json\/wp\/v2\/media\/88638"}],"wp:attachment":[{"href":"https:\/\/eltrabajo.cl\/portal\/wp-json\/wp\/v2\/media?parent=88636"}],"wp:term":[{"taxonomy":"category","embeddable":true,"href":"https:\/\/eltrabajo.cl\/portal\/wp-json\/wp\/v2\/categories?post=88636"},{"taxonomy":"post_tag","embeddable":true,"href":"https:\/\/eltrabajo.cl\/portal\/wp-json\/wp\/v2\/tags?post=88636"}],"curies":[{"name":"wp","href":"https:\/\/api.w.org\/{rel}","templated":true}]}}