{"id":88641,"date":"2018-10-10T05:03:02","date_gmt":"2018-10-10T09:03:02","guid":{"rendered":"http:\/\/www.eltrabajo.cl\/2017\/?p=88641"},"modified":"2018-10-10T05:03:02","modified_gmt":"2018-10-10T09:03:02","slug":"formalizan-a-campesinos-que-propinaban-golpiza-a-un-caballo-en-calle-larga","status":"publish","type":"post","link":"https:\/\/eltrabajo.cl\/portal\/formalizan-a-campesinos-que-propinaban-golpiza-a-un-caballo-en-calle-larga\/","title":{"rendered":"Formalizan a campesinos que propinaban golpiza a un caballo en Calle Larga"},"content":{"rendered":"<figure id=\"attachment_88643\" aria-describedby=\"caption-attachment-88643\" style=\"width: 580px\" class=\"wp-caption alignnone\"><img data-recalc-dims=\"1\" loading=\"lazy\" decoding=\"async\" class=\"size-full wp-image-88643\" src=\"https:\/\/i0.wp.com\/www.eltrabajo.cl\/2017\/wp-content\/uploads\/2018\/10\/maltrato-macarena-cortes.jpg?resize=580%2C351\" alt=\"Macarena Cort\u00e9s, secretaria de la Agrupaci\u00f3n Pro Animal de Calle Larga.\" width=\"580\" height=\"351\" srcset=\"https:\/\/i0.wp.com\/eltrabajo.cl\/portal\/wp-content\/uploads\/2018\/10\/maltrato-macarena-cortes.jpg?w=580&amp;ssl=1 580w, https:\/\/i0.wp.com\/eltrabajo.cl\/portal\/wp-content\/uploads\/2018\/10\/maltrato-macarena-cortes.jpg?resize=200%2C121&amp;ssl=1 200w, https:\/\/i0.wp.com\/eltrabajo.cl\/portal\/wp-content\/uploads\/2018\/10\/maltrato-macarena-cortes.jpg?resize=300%2C182&amp;ssl=1 300w, https:\/\/i0.wp.com\/eltrabajo.cl\/portal\/wp-content\/uploads\/2018\/10\/maltrato-macarena-cortes.jpg?resize=248%2C150&amp;ssl=1 248w, https:\/\/i0.wp.com\/eltrabajo.cl\/portal\/wp-content\/uploads\/2018\/10\/maltrato-macarena-cortes.jpg?resize=400%2C242&amp;ssl=1 400w\" sizes=\"auto, (max-width: 580px) 100vw, 580px\" \/><figcaption id=\"caption-attachment-88643\" class=\"wp-caption-text\">Macarena Cort\u00e9s, secretaria de la Agrupaci\u00f3n Pro Animal de Calle Larga.<\/figcaption><\/figure>\n<p><span style=\"color: #ff0000;\"><strong>Fueron grabados por joven animalista:<\/strong><\/span><\/p>\n<ul>\n<li><strong>Imputados accedieron a una suspensi\u00f3n condicional, debiendo entregar el caballo a uno de los denunciantes y pagar a modo de indemnizaci\u00f3n la suma de 50 mil pesos.<\/strong><\/li>\n<\/ul>\n<p><strong>LOS ANDES<\/strong>.- Con una suspensi\u00f3n condicional del procedimiento y el pago de una indemnizaci\u00f3n de 50 mil pesos por cada uno de ellos, concluy\u00f3 la audiencia de formalizaci\u00f3n en contra de P.A.G.G. y G.A.G., imputados por maltrato animal luego que en junio de este a\u00f1o fueron sorprendidos y grabados en video cuando golpeaban a un caballo en la comuna de Calle Larga.<br \/>\nLa audiencia se realiz\u00f3 en el tribunal de Garant\u00eda de Los Andes, donde los sujetos fueron enfrentados por el denunciante Nelson Ja\u00f1a, quien grab\u00f3 con su celular parte del maltrato y denunci\u00f3 el hecho a Carabineros.<br \/>\nA ra\u00edz de la viralizaci\u00f3n del video en redes sociales, la Agrupaci\u00f3n Pro Animal de Calle Larga interpuso una querella en contra de los imputados, raz\u00f3n por la cual el Ministerio P\u00fablico inici\u00f3 la investigaci\u00f3n correspondiente.<br \/>\nEl fiscal Ra\u00fal Ochoa manifest\u00f3 que se formaliz\u00f3 a los dos imputados por maltrato a un caballo, pero como no ten\u00edan antecedentes ni condenas anteriores por el mismo delito, pudieron acceder a una salida alternativa de suspensi\u00f3n condicional del procedimiento por el plazo de un a\u00f1o.<br \/>\nEl persecutor dijo que se convers\u00f3 con la parte querellante a fin de que una de las condiciones para esta suspensi\u00f3n era el pago por parte de cada uno de ellos, de la suma de 50 mil pesos en favor de la Agrupaci\u00f3n Pro Animal de Calle Larga, adem\u00e1s de fijar domicilio y hacer entrega del caballo a uno de los denunciantes del hecho.<br \/>\nEl fiscal explic\u00f3 que esta es una salida com\u00fan en este tipo de casos, \u201cpues lo que se buscaba es que la parte querellante, es decir la Agrupaci\u00f3n Pro Animal quedara satisfecha con el t\u00e9rmino de la causa y por eso se opt\u00f3 por este tipo de salida\u201d.<br \/>\nOchoa advirti\u00f3 que si durante la vigencia de la suspensi\u00f3n condicional los imputados vuelven a cometer delitos de la misma especie o de otra naturaleza, \u201cla investigaci\u00f3n por esta causa se reabre y sigue su curso, pudiendo resultar condenados por estos hechos\u201d.<br \/>\nAgreg\u00f3 que el d\u00eda 22 de octubre los imputados deber\u00e1n hacer entrega del animal a uno de los querellantes.<br \/>\nPor su parte, la Secretaria de la Agrupaci\u00f3n Pro Animal de Calle Larga, Macarena Cort\u00e9s, se mostr\u00f3 conforme con el t\u00e9rmino de esta causa y particularmente con el duro llamado de atenci\u00f3n que hizo la jueza Valeria Crosa a ambos imputados respecto de su reprochable acto de maltrato.<br \/>\nDestac\u00f3 que gracias al video grabado por Nelson Ja\u00f1a y a la denuncia que \u00e9ste hizo, se pudo llevar a la justicia a estas personas y advirti\u00f3 que el maltrato animal en Chile est\u00e1 penado por la ley.<br \/>\nNo obstante, se quej\u00f3 que las penas por estos il\u00edcitos a\u00fan sean muy bajas, \u201cpero en este caso estamos conformes y como agrupaci\u00f3n estaremos atentos a defender a los sin voz como son los animales\u201d.<br \/>\nLa dirigenta dijo que est\u00e1n preocupados por el caballo, ya que en estos momentos se encontrar\u00eda en un cerro cercano a donde viven los imputados y por eso esperan con ansias el d\u00eda que lo puedan ir a buscar.<br \/>\nFinalmente, la abogada querellante Mar\u00eda Francisca R\u00edos, manifest\u00f3 que las penas por los delitos de maltrato animal y amenazas son bastante bajas, no obstante que se consigui\u00f3 el objetivo de sancionar a los autores y se mostr\u00f3 satisfecha con el reto y la advertencia que les hizo la magistrado Crosa a los imputados.<\/p>\n<figure id=\"attachment_88642\" aria-describedby=\"caption-attachment-88642\" style=\"width: 579px\" class=\"wp-caption alignnone\"><img data-recalc-dims=\"1\" loading=\"lazy\" decoding=\"async\" class=\"size-full wp-image-88642\" src=\"https:\/\/i0.wp.com\/www.eltrabajo.cl\/2017\/wp-content\/uploads\/2018\/10\/maltrato-animal.jpg?resize=579%2C815\" alt=\"El caballo yace tirado, luego de haber sido castigado para forzarlo a subir al cami\u00f3n.\" width=\"579\" height=\"815\" srcset=\"https:\/\/i0.wp.com\/eltrabajo.cl\/portal\/wp-content\/uploads\/2018\/10\/maltrato-animal.jpg?w=579&amp;ssl=1 579w, https:\/\/i0.wp.com\/eltrabajo.cl\/portal\/wp-content\/uploads\/2018\/10\/maltrato-animal.jpg?resize=107%2C150&amp;ssl=1 107w, https:\/\/i0.wp.com\/eltrabajo.cl\/portal\/wp-content\/uploads\/2018\/10\/maltrato-animal.jpg?resize=213%2C300&amp;ssl=1 213w, https:\/\/i0.wp.com\/eltrabajo.cl\/portal\/wp-content\/uploads\/2018\/10\/maltrato-animal.jpg?resize=400%2C563&amp;ssl=1 400w\" sizes=\"auto, (max-width: 579px) 100vw, 579px\" \/><figcaption id=\"caption-attachment-88642\" class=\"wp-caption-text\">El caballo yace tirado, luego de haber sido castigado para forzarlo a subir al cami\u00f3n.<\/figcaption><\/figure>\n","protected":false},"excerpt":{"rendered":"<p>Fueron grabados por joven animalista: Imputados accedieron a una suspensi\u00f3n condicional, debiendo entregar el caballo a uno de los denunciantes y pagar a modo de indemnizaci\u00f3n la suma de 50 mil pesos&#8230;.<\/p>\n","protected":false},"author":1,"featured_media":88644,"comment_status":"open","ping_status":"open","sticky":false,"template":"","format":"standard","meta":{"advanced_seo_description":"","jetpack_seo_html_title":"","jetpack_seo_noindex":false,"_jetpack_memberships_contains_paid_content":false,"footnotes":""},"categories":[21],"tags":[],"class_list":["post-88641","post","type-post","status-publish","format-standard","has-post-thumbnail","hentry","category-policial"],"jetpack_featured_media_url":"https:\/\/i0.wp.com\/eltrabajo.cl\/portal\/wp-content\/uploads\/2018\/10\/maltrato-animal-copia.jpg?fit=580%2C399&ssl=1","jetpack_sharing_enabled":true,"jetpack_likes_enabled":true,"jetpack-related-posts":[],"_links":{"self":[{"href":"https:\/\/eltrabajo.cl\/portal\/wp-json\/wp\/v2\/posts\/88641","targetHints":{"allow":["GET"]}}],"collection":[{"href":"https:\/\/eltrabajo.cl\/portal\/wp-json\/wp\/v2\/posts"}],"about":[{"href":"https:\/\/eltrabajo.cl\/portal\/wp-json\/wp\/v2\/types\/post"}],"author":[{"embeddable":true,"href":"https:\/\/eltrabajo.cl\/portal\/wp-json\/wp\/v2\/users\/1"}],"replies":[{"embeddable":true,"href":"https:\/\/eltrabajo.cl\/portal\/wp-json\/wp\/v2\/comments?post=88641"}],"version-history":[{"count":0,"href":"https:\/\/eltrabajo.cl\/portal\/wp-json\/wp\/v2\/posts\/88641\/revisions"}],"wp:featuredmedia":[{"embeddable":true,"href":"https:\/\/eltrabajo.cl\/portal\/wp-json\/wp\/v2\/media\/88644"}],"wp:attachment":[{"href":"https:\/\/eltrabajo.cl\/portal\/wp-json\/wp\/v2\/media?parent=88641"}],"wp:term":[{"taxonomy":"category","embeddable":true,"href":"https:\/\/eltrabajo.cl\/portal\/wp-json\/wp\/v2\/categories?post=88641"},{"taxonomy":"post_tag","embeddable":true,"href":"https:\/\/eltrabajo.cl\/portal\/wp-json\/wp\/v2\/tags?post=88641"}],"curies":[{"name":"wp","href":"https:\/\/api.w.org\/{rel}","templated":true}]}}