{"id":88646,"date":"2018-10-10T05:04:08","date_gmt":"2018-10-10T09:04:08","guid":{"rendered":"http:\/\/www.eltrabajo.cl\/2017\/?p=88646"},"modified":"2018-10-10T05:04:08","modified_gmt":"2018-10-10T09:04:08","slug":"pareja-debio-esperar-toda-la-manana-para-contraer-matrimonio-en-el-civil","status":"publish","type":"post","link":"https:\/\/eltrabajo.cl\/portal\/pareja-debio-esperar-toda-la-manana-para-contraer-matrimonio-en-el-civil\/","title":{"rendered":"Pareja debi\u00f3 esperar toda la ma\u00f1ana para contraer matrimonio en el Civil"},"content":{"rendered":"<figure id=\"attachment_88649\" aria-describedby=\"caption-attachment-88649\" style=\"width: 579px\" class=\"wp-caption alignnone\"><img data-recalc-dims=\"1\" loading=\"lazy\" decoding=\"async\" class=\"size-full wp-image-88649\" src=\"https:\/\/i0.wp.com\/www.eltrabajo.cl\/2017\/wp-content\/uploads\/2018\/10\/Registro.jpg?resize=579%2C339\" alt=\"Gran cantidad personas haciendo fila frente a la unidad m\u00f3vil del Registro Civil.\" width=\"579\" height=\"339\" srcset=\"https:\/\/i0.wp.com\/eltrabajo.cl\/portal\/wp-content\/uploads\/2018\/10\/Registro.jpg?w=579&amp;ssl=1 579w, https:\/\/i0.wp.com\/eltrabajo.cl\/portal\/wp-content\/uploads\/2018\/10\/Registro.jpg?resize=200%2C117&amp;ssl=1 200w, https:\/\/i0.wp.com\/eltrabajo.cl\/portal\/wp-content\/uploads\/2018\/10\/Registro.jpg?resize=300%2C176&amp;ssl=1 300w, https:\/\/i0.wp.com\/eltrabajo.cl\/portal\/wp-content\/uploads\/2018\/10\/Registro.jpg?resize=256%2C150&amp;ssl=1 256w, https:\/\/i0.wp.com\/eltrabajo.cl\/portal\/wp-content\/uploads\/2018\/10\/Registro.jpg?resize=400%2C234&amp;ssl=1 400w\" sizes=\"auto, (max-width: 579px) 100vw, 579px\" \/><figcaption id=\"caption-attachment-88649\" class=\"wp-caption-text\">Gran cantidad personas haciendo fila frente a la unidad m\u00f3vil del Registro Civil.<\/figcaption><\/figure>\n<p><strong><span style=\"color: #ff0000;\">Prolongado inconveniente en dependencias del Registro Civil:<\/span> <\/strong><\/p>\n<p>El d\u00eda de ayer las oficinas del registro civil de San Felipe se vieron afectadas por un desperfecto t\u00e9cnico, debido a esto tuvieron que seguir con las atenciones en una oficina m\u00f3vil instalada afuera de las dependencias ubicadas en calle Santo Domingo. Pero lo m\u00e1s extra\u00f1o fue el perjuicio que sufri\u00f3 una pareja que ten\u00eda hora para casarse, quienes estaban citados a las nueve de la ma\u00f1ana, sin embargo hasta pasadas las once a\u00fan no pod\u00edan contraer el v\u00ednculo legal.<br \/>\nSe trata de Daniel Lemus y Magdalena Arredondo, de San Felipe y La Ligua, quienes debieron esperar toda la ma\u00f1ana para contraer el v\u00ednculo que los une legalmente, pese a estar citados a las nueve de la ma\u00f1ana: \u201cNadie nos ha dicho nada, estamos desde las 09:00 esperando, pero tenemos paciencia\u201d, dijo el novio Daniel mientras abrazaba a su futura esposa.<br \/>\nEl Oficial jefe de San Felipe dijo que hab\u00eda luz, pero no pod\u00edan abrir porque el sistema computacional estaba ca\u00eddo: \u201cPor eso vamos a esperar que Bomberos nos pueda ayudar, estamos haciendo tr\u00e1mites que tengan que ver con todo tipo de certificados, c\u00e9dulas de identidad y pasaportes, y a la pareja la casamos a la hora que sea, pero la casamos igual\u201d, se\u00f1al\u00f3.<br \/>\nLa espera de bomberos para que les cooperara era m\u00e1s que nada por un tema de prevenci\u00f3n.<br \/>\nDesde ac\u00e1 le enviamos un caluroso saludo a los felices novios Daniel y Magdalena.<\/p>\n<figure id=\"attachment_88647\" aria-describedby=\"caption-attachment-88647\" style=\"width: 580px\" class=\"wp-caption alignnone\"><img data-recalc-dims=\"1\" loading=\"lazy\" decoding=\"async\" class=\"size-full wp-image-88647\" src=\"https:\/\/i0.wp.com\/www.eltrabajo.cl\/2017\/wp-content\/uploads\/2018\/10\/registro-2.jpg?resize=580%2C435\" alt=\"Certificados de todo tipo, c\u00e9dulas de identidad y pasaportes fueron los tr\u00e1mites que se estaba realizando.\" width=\"580\" height=\"435\" srcset=\"https:\/\/i0.wp.com\/eltrabajo.cl\/portal\/wp-content\/uploads\/2018\/10\/registro-2.jpg?w=580&amp;ssl=1 580w, https:\/\/i0.wp.com\/eltrabajo.cl\/portal\/wp-content\/uploads\/2018\/10\/registro-2.jpg?resize=200%2C150&amp;ssl=1 200w, https:\/\/i0.wp.com\/eltrabajo.cl\/portal\/wp-content\/uploads\/2018\/10\/registro-2.jpg?resize=300%2C225&amp;ssl=1 300w, https:\/\/i0.wp.com\/eltrabajo.cl\/portal\/wp-content\/uploads\/2018\/10\/registro-2.jpg?resize=400%2C300&amp;ssl=1 400w\" sizes=\"auto, (max-width: 580px) 100vw, 580px\" \/><figcaption id=\"caption-attachment-88647\" class=\"wp-caption-text\">Certificados de todo tipo, c\u00e9dulas de identidad y pasaportes fueron los tr\u00e1mites que se estaba realizando.<\/figcaption><\/figure>\n<figure id=\"attachment_88648\" aria-describedby=\"caption-attachment-88648\" style=\"width: 578px\" class=\"wp-caption alignnone\"><img data-recalc-dims=\"1\" loading=\"lazy\" decoding=\"async\" class=\"size-full wp-image-88648\" src=\"https:\/\/i0.wp.com\/www.eltrabajo.cl\/2017\/wp-content\/uploads\/2018\/10\/registro-Novios.jpg?resize=578%2C301\" alt=\"Daniel Lemus novio con cara de preocupado por la larga espera para casarse con Magdalena Arredondo. Uno es de San Felipe y ella de La Ligua.\" width=\"578\" height=\"301\" srcset=\"https:\/\/i0.wp.com\/eltrabajo.cl\/portal\/wp-content\/uploads\/2018\/10\/registro-Novios.jpg?w=578&amp;ssl=1 578w, https:\/\/i0.wp.com\/eltrabajo.cl\/portal\/wp-content\/uploads\/2018\/10\/registro-Novios.jpg?resize=200%2C104&amp;ssl=1 200w, https:\/\/i0.wp.com\/eltrabajo.cl\/portal\/wp-content\/uploads\/2018\/10\/registro-Novios.jpg?resize=300%2C156&amp;ssl=1 300w, https:\/\/i0.wp.com\/eltrabajo.cl\/portal\/wp-content\/uploads\/2018\/10\/registro-Novios.jpg?resize=288%2C150&amp;ssl=1 288w, https:\/\/i0.wp.com\/eltrabajo.cl\/portal\/wp-content\/uploads\/2018\/10\/registro-Novios.jpg?resize=400%2C208&amp;ssl=1 400w\" sizes=\"auto, (max-width: 578px) 100vw, 578px\" \/><figcaption id=\"caption-attachment-88648\" class=\"wp-caption-text\">Daniel Lemus novio con cara de preocupado por la larga espera para casarse con Magdalena Arredondo. Uno es de San Felipe y ella de La Ligua.<\/figcaption><\/figure>\n","protected":false},"excerpt":{"rendered":"<p>Prolongado inconveniente en dependencias del Registro Civil: El d\u00eda de ayer las oficinas del registro civil de San Felipe se vieron afectadas por un desperfecto t\u00e9cnico, debido a esto tuvieron que seguir&#8230;<\/p>\n","protected":false},"author":1,"featured_media":88648,"comment_status":"open","ping_status":"open","sticky":false,"template":"","format":"standard","meta":{"advanced_seo_description":"","jetpack_seo_html_title":"","jetpack_seo_noindex":false,"_jetpack_memberships_contains_paid_content":false,"footnotes":""},"categories":[15],"tags":[],"class_list":["post-88646","post","type-post","status-publish","format-standard","has-post-thumbnail","hentry","category-comunidad"],"jetpack_featured_media_url":"https:\/\/i0.wp.com\/eltrabajo.cl\/portal\/wp-content\/uploads\/2018\/10\/registro-Novios.jpg?fit=578%2C301&ssl=1","jetpack_sharing_enabled":true,"jetpack_likes_enabled":true,"jetpack-related-posts":[],"_links":{"self":[{"href":"https:\/\/eltrabajo.cl\/portal\/wp-json\/wp\/v2\/posts\/88646","targetHints":{"allow":["GET"]}}],"collection":[{"href":"https:\/\/eltrabajo.cl\/portal\/wp-json\/wp\/v2\/posts"}],"about":[{"href":"https:\/\/eltrabajo.cl\/portal\/wp-json\/wp\/v2\/types\/post"}],"author":[{"embeddable":true,"href":"https:\/\/eltrabajo.cl\/portal\/wp-json\/wp\/v2\/users\/1"}],"replies":[{"embeddable":true,"href":"https:\/\/eltrabajo.cl\/portal\/wp-json\/wp\/v2\/comments?post=88646"}],"version-history":[{"count":0,"href":"https:\/\/eltrabajo.cl\/portal\/wp-json\/wp\/v2\/posts\/88646\/revisions"}],"wp:featuredmedia":[{"embeddable":true,"href":"https:\/\/eltrabajo.cl\/portal\/wp-json\/wp\/v2\/media\/88648"}],"wp:attachment":[{"href":"https:\/\/eltrabajo.cl\/portal\/wp-json\/wp\/v2\/media?parent=88646"}],"wp:term":[{"taxonomy":"category","embeddable":true,"href":"https:\/\/eltrabajo.cl\/portal\/wp-json\/wp\/v2\/categories?post=88646"},{"taxonomy":"post_tag","embeddable":true,"href":"https:\/\/eltrabajo.cl\/portal\/wp-json\/wp\/v2\/tags?post=88646"}],"curies":[{"name":"wp","href":"https:\/\/api.w.org\/{rel}","templated":true}]}}