{"id":88651,"date":"2018-10-10T05:05:15","date_gmt":"2018-10-10T09:05:15","guid":{"rendered":"http:\/\/www.eltrabajo.cl\/2017\/?p=88651"},"modified":"2018-10-10T05:05:15","modified_gmt":"2018-10-10T09:05:15","slug":"emanacion-de-gas-metano-provoco-emergencia-en-edificio-prat-de-san-felipe","status":"publish","type":"post","link":"https:\/\/eltrabajo.cl\/portal\/emanacion-de-gas-metano-provoco-emergencia-en-edificio-prat-de-san-felipe\/","title":{"rendered":"Emanaci\u00f3n de gas metano provoc\u00f3 emergencia en edificio Prat de San Felipe"},"content":{"rendered":"<figure id=\"attachment_88652\" aria-describedby=\"caption-attachment-88652\" style=\"width: 578px\" class=\"wp-caption alignnone\"><img data-recalc-dims=\"1\" loading=\"lazy\" decoding=\"async\" class=\"size-full wp-image-88652\" src=\"https:\/\/i0.wp.com\/www.eltrabajo.cl\/2017\/wp-content\/uploads\/2018\/10\/portada-Bomberos-Prat.jpg?resize=578%2C347\" alt=\"Personal de Bomberos en el edificio Prat, verificando la emanaci\u00f3n de gas que, hechas las mediciones con equipo especializado, se determin\u00f3 que se trataba de gas metano o gas natural proveniente de la descomposici\u00f3n de materia org\u00e1nica.\" width=\"578\" height=\"347\" srcset=\"https:\/\/i0.wp.com\/eltrabajo.cl\/portal\/wp-content\/uploads\/2018\/10\/portada-Bomberos-Prat.jpg?w=578&amp;ssl=1 578w, https:\/\/i0.wp.com\/eltrabajo.cl\/portal\/wp-content\/uploads\/2018\/10\/portada-Bomberos-Prat.jpg?resize=200%2C120&amp;ssl=1 200w, https:\/\/i0.wp.com\/eltrabajo.cl\/portal\/wp-content\/uploads\/2018\/10\/portada-Bomberos-Prat.jpg?resize=300%2C180&amp;ssl=1 300w, https:\/\/i0.wp.com\/eltrabajo.cl\/portal\/wp-content\/uploads\/2018\/10\/portada-Bomberos-Prat.jpg?resize=250%2C150&amp;ssl=1 250w, https:\/\/i0.wp.com\/eltrabajo.cl\/portal\/wp-content\/uploads\/2018\/10\/portada-Bomberos-Prat.jpg?resize=400%2C240&amp;ssl=1 400w\" sizes=\"auto, (max-width: 578px) 100vw, 578px\" \/><figcaption id=\"caption-attachment-88652\" class=\"wp-caption-text\">Personal de Bomberos en el edificio Prat, verificando la emanaci\u00f3n de gas que, hechas las mediciones con equipo especializado, se determin\u00f3 que se trataba de gas metano o gas natural proveniente de la descomposici\u00f3n de materia org\u00e1nica.<\/figcaption><\/figure>\n<p>La emanaci\u00f3n de gas natural (metano) provoc\u00f3 una nueva emergencia ayer en la ma\u00f1ana en el c\u00e9ntrico edificio Prat ubicado en la calle que lleva el mismo nombre.<br \/>\nAl lugar concurri\u00f3 personal de la Cuarta Compa\u00f1\u00eda de Bomberos, quienes despu\u00e9s de efectuar un recorrido por el edificio, indicaron que se trataba de gas natural que emanaba del alcantarillado, lo que fue comprobado por el equipo detector de gases que posee la instituci\u00f3n y con el cual realizaron los an\u00e1lisis correspondientes.<br \/>\nEl relacionador p\u00fablico de Bomberos de San Felipe, Ra\u00fal Astorga, descart\u00f3 que se tratara de gas licuado, indicando que se realizaron las mediciones por parte de bomberos. No obstante por protocolo se evacuaron a las personas que estaban en el edificio, \u201cse cort\u00f3 la calle, se procedi\u00f3 a realizar las mediciones por bomberos, puede ser gas acumulado en el alcantarillado, lo que pasa es que la descomposici\u00f3n de la materia org\u00e1nica produce metano, posiblemente haya producido durante toda la noche, pero se descarta con la medici\u00f3n que bomberos realiz\u00f3 en los tres niveles, y las m\u00e1quinas no detectaron presencia de gas licuado de petr\u00f3leo, pero ya est\u00e1 todo verificado y todo tranquilo que es lo m\u00e1s importante\u201d, se\u00f1al\u00f3.<br \/>\nAgreg\u00f3 que fue una locataria la que avis\u00f3 al fono de emergencia sobre la emanaci\u00f3n de un fuerte olor a gas.<br \/>\nPor su parte Carabineros, debido a esta emergencia, debi\u00f3 cortar el tr\u00e1nsito en la intersecci\u00f3n de las calles Salinas con Prat, pero una vez verificada la emergencia la situaci\u00f3n volvi\u00f3 a la normalidad.<br \/>\nJunto con ello, destacar que la situaci\u00f3n provoc\u00f3 gran curiosidad entre las personas que a esa hora pasaban por una de las calles m\u00e1s transitadas de la ciudad, tanto por autom\u00f3viles como transe\u00fantes.<\/p>\n","protected":false},"excerpt":{"rendered":"<p>La emanaci\u00f3n de gas natural (metano) provoc\u00f3 una nueva emergencia ayer en la ma\u00f1ana en el c\u00e9ntrico edificio Prat ubicado en la calle que lleva el mismo nombre. Al lugar concurri\u00f3 personal&#8230;<\/p>\n","protected":false},"author":1,"featured_media":88652,"comment_status":"open","ping_status":"open","sticky":false,"template":"","format":"standard","meta":{"advanced_seo_description":"","jetpack_seo_html_title":"","jetpack_seo_noindex":false,"_jetpack_memberships_contains_paid_content":false,"footnotes":""},"categories":[21],"tags":[],"class_list":["post-88651","post","type-post","status-publish","format-standard","has-post-thumbnail","hentry","category-policial"],"jetpack_featured_media_url":"https:\/\/i0.wp.com\/eltrabajo.cl\/portal\/wp-content\/uploads\/2018\/10\/portada-Bomberos-Prat.jpg?fit=578%2C347&ssl=1","jetpack_sharing_enabled":true,"jetpack_likes_enabled":true,"jetpack-related-posts":[],"_links":{"self":[{"href":"https:\/\/eltrabajo.cl\/portal\/wp-json\/wp\/v2\/posts\/88651","targetHints":{"allow":["GET"]}}],"collection":[{"href":"https:\/\/eltrabajo.cl\/portal\/wp-json\/wp\/v2\/posts"}],"about":[{"href":"https:\/\/eltrabajo.cl\/portal\/wp-json\/wp\/v2\/types\/post"}],"author":[{"embeddable":true,"href":"https:\/\/eltrabajo.cl\/portal\/wp-json\/wp\/v2\/users\/1"}],"replies":[{"embeddable":true,"href":"https:\/\/eltrabajo.cl\/portal\/wp-json\/wp\/v2\/comments?post=88651"}],"version-history":[{"count":0,"href":"https:\/\/eltrabajo.cl\/portal\/wp-json\/wp\/v2\/posts\/88651\/revisions"}],"wp:featuredmedia":[{"embeddable":true,"href":"https:\/\/eltrabajo.cl\/portal\/wp-json\/wp\/v2\/media\/88652"}],"wp:attachment":[{"href":"https:\/\/eltrabajo.cl\/portal\/wp-json\/wp\/v2\/media?parent=88651"}],"wp:term":[{"taxonomy":"category","embeddable":true,"href":"https:\/\/eltrabajo.cl\/portal\/wp-json\/wp\/v2\/categories?post=88651"},{"taxonomy":"post_tag","embeddable":true,"href":"https:\/\/eltrabajo.cl\/portal\/wp-json\/wp\/v2\/tags?post=88651"}],"curies":[{"name":"wp","href":"https:\/\/api.w.org\/{rel}","templated":true}]}}