{"id":88654,"date":"2018-10-10T05:06:25","date_gmt":"2018-10-10T09:06:25","guid":{"rendered":"http:\/\/www.eltrabajo.cl\/2017\/?p=88654"},"modified":"2018-10-10T05:06:25","modified_gmt":"2018-10-10T09:06:25","slug":"ciclista-delincuente-ahora-asalto-a-mujer-que-iba-con-su-guagua-en-brazos","status":"publish","type":"post","link":"https:\/\/eltrabajo.cl\/portal\/ciclista-delincuente-ahora-asalto-a-mujer-que-iba-con-su-guagua-en-brazos\/","title":{"rendered":"Ciclista delincuente ahora asalt\u00f3 a mujer que iba con su guagua en brazos"},"content":{"rendered":"<figure id=\"attachment_88655\" aria-describedby=\"caption-attachment-88655\" style=\"width: 579px\" class=\"wp-caption alignnone\"><img data-recalc-dims=\"1\" loading=\"lazy\" decoding=\"async\" class=\"size-full wp-image-88655\" src=\"https:\/\/i0.wp.com\/www.eltrabajo.cl\/2017\/wp-content\/uploads\/2018\/10\/Carlos-Condell.jpg?resize=579%2C435\" alt=\"En esta calle se produjo el cobarde ataque del ciclista delincuente.\" width=\"579\" height=\"435\" srcset=\"https:\/\/i0.wp.com\/eltrabajo.cl\/portal\/wp-content\/uploads\/2018\/10\/Carlos-Condell.jpg?w=579&amp;ssl=1 579w, https:\/\/i0.wp.com\/eltrabajo.cl\/portal\/wp-content\/uploads\/2018\/10\/Carlos-Condell.jpg?resize=200%2C150&amp;ssl=1 200w, https:\/\/i0.wp.com\/eltrabajo.cl\/portal\/wp-content\/uploads\/2018\/10\/Carlos-Condell.jpg?resize=300%2C225&amp;ssl=1 300w, https:\/\/i0.wp.com\/eltrabajo.cl\/portal\/wp-content\/uploads\/2018\/10\/Carlos-Condell.jpg?resize=400%2C301&amp;ssl=1 400w\" sizes=\"auto, (max-width: 579px) 100vw, 579px\" \/><figcaption id=\"caption-attachment-88655\" class=\"wp-caption-text\">En esta calle se produjo el cobarde ataque del ciclista delincuente.<\/figcaption><\/figure>\n<p><span style=\"color: #ff0000;\"><strong>\u2018El Cobarde\u2019 vuelve a atacar:<\/strong><\/span><\/p>\n<p>Nuevamente el sujeto que ya ha perpetrado varios asaltos que han llamado la atenci\u00f3n debido a dos patrones que se repiten en todos ellos, como son por una parte el uso de una bicicleta, y por otro la cobard\u00eda que ha demostrado para elegir a sus v\u00edctimas, volvi\u00f3 a hacer de las suyas, arrebat\u00e1ndole 400 mil pesos a una indefensa mujer.<br \/>\nUna vez m\u00e1s el cobarde delincuente de la bicicleta volvi\u00f3 a atacar a una mujer, en esta ocasi\u00f3n la v\u00edctima fue una madre que iba con su guagua en brazos, a quien atac\u00f3 violentamente rob\u00e1ndole 400 mil pesos y su celular. El asalto ocurri\u00f3 este lunes entre las 09:00 y 09:30 horas en calle Carlos Condell de San Felipe, cerca donde se ubica la sede del Colegio de Profesores.<br \/>\nLa madre de la v\u00edctima, de nombre Jessica, dijo que \u201ciba con su guag\u00fcita de dos meses, llevaba una carterita chica cruzada al hombro, fue maletero porque le peg\u00f3 por detr\u00e1s en la mejilla y le jal\u00f3 la carterita que llevaba, ella sin poder hacer nada, lo \u00fanico que atin\u00f3 fue afirmar la guag\u00fcita\u201d, se\u00f1al\u00f3.<br \/>\nLa v\u00edctima ignora si el delincuente la ven\u00eda siguiendo, porque ella en el momento no se dio cuenta, s\u00f3lo cuando sinti\u00f3 el pu\u00f1etazo en la cara y luego el delincuente huy\u00f3, de lo \u00fanico que se dio cuenta fue que el delincuente iba vestido con un buzo celeste y un poler\u00f3n con capuch\u00f3n y se movilizaba en bicicleta.<br \/>\nEl dinero lo ten\u00eda guardado en la casa y lo llevaba para depositarlo en Servipag.<br \/>\nLament\u00f3 la demora en recibir auxiliar, pues debi\u00f3 esperar \u201cveinte minutos que llegaran, veinte m\u00e1s para que la patrulla la llevara a constatar lesiones, al final lleg\u00f3 como a las cinco de la tarde con su guag\u00fcita en brazos, haciendo gestiones, todos los tr\u00e1mites y \u00bfpara qu\u00e9? El desgraciado la dej\u00f3 a brazos cruzados, era toda la plata que ten\u00eda para el mes, pagar arriendo, luz, agua, ella est\u00e1 con licencia por un post natal, tampoco las licencias son grandes, lo m\u00e1s terrible fue que iba con su guag\u00fcita, imag\u00ednense se le suelta la guagua al suelo\u201d, se\u00f1al\u00f3.<br \/>\nAgreg\u00f3 que ha escuchado que este delincuente ha andado por varios lugares cometiendo el mismo delito.<br \/>\nSe presume que por su actuar cobarde, ser\u00eda el mismo delincuente que a comienzos de la semana pasada asalt\u00f3 a una joven de 19 a\u00f1os en la avenida Enc\u00f3n, a quien le rob\u00f3 su celular. Esa vez la v\u00edctima result\u00f3 con fractura en una de sus costillas que la tienen en reposo en su casa.<\/p>\n","protected":false},"excerpt":{"rendered":"<p>\u2018El Cobarde\u2019 vuelve a atacar: Nuevamente el sujeto que ya ha perpetrado varios asaltos que han llamado la atenci\u00f3n debido a dos patrones que se repiten en todos ellos, como son por&#8230;<\/p>\n","protected":false},"author":1,"featured_media":88655,"comment_status":"open","ping_status":"open","sticky":false,"template":"","format":"standard","meta":{"advanced_seo_description":"","jetpack_seo_html_title":"","jetpack_seo_noindex":false,"_jetpack_memberships_contains_paid_content":false,"footnotes":""},"categories":[21],"tags":[],"class_list":["post-88654","post","type-post","status-publish","format-standard","has-post-thumbnail","hentry","category-policial"],"jetpack_featured_media_url":"https:\/\/i0.wp.com\/eltrabajo.cl\/portal\/wp-content\/uploads\/2018\/10\/Carlos-Condell.jpg?fit=579%2C435&ssl=1","jetpack_sharing_enabled":true,"jetpack_likes_enabled":true,"jetpack-related-posts":[],"_links":{"self":[{"href":"https:\/\/eltrabajo.cl\/portal\/wp-json\/wp\/v2\/posts\/88654","targetHints":{"allow":["GET"]}}],"collection":[{"href":"https:\/\/eltrabajo.cl\/portal\/wp-json\/wp\/v2\/posts"}],"about":[{"href":"https:\/\/eltrabajo.cl\/portal\/wp-json\/wp\/v2\/types\/post"}],"author":[{"embeddable":true,"href":"https:\/\/eltrabajo.cl\/portal\/wp-json\/wp\/v2\/users\/1"}],"replies":[{"embeddable":true,"href":"https:\/\/eltrabajo.cl\/portal\/wp-json\/wp\/v2\/comments?post=88654"}],"version-history":[{"count":0,"href":"https:\/\/eltrabajo.cl\/portal\/wp-json\/wp\/v2\/posts\/88654\/revisions"}],"wp:featuredmedia":[{"embeddable":true,"href":"https:\/\/eltrabajo.cl\/portal\/wp-json\/wp\/v2\/media\/88655"}],"wp:attachment":[{"href":"https:\/\/eltrabajo.cl\/portal\/wp-json\/wp\/v2\/media?parent=88654"}],"wp:term":[{"taxonomy":"category","embeddable":true,"href":"https:\/\/eltrabajo.cl\/portal\/wp-json\/wp\/v2\/categories?post=88654"},{"taxonomy":"post_tag","embeddable":true,"href":"https:\/\/eltrabajo.cl\/portal\/wp-json\/wp\/v2\/tags?post=88654"}],"curies":[{"name":"wp","href":"https:\/\/api.w.org\/{rel}","templated":true}]}}