{"id":88663,"date":"2018-10-11T05:02:08","date_gmt":"2018-10-11T09:02:08","guid":{"rendered":"http:\/\/www.eltrabajo.cl\/2017\/?p=88663"},"modified":"2018-10-11T05:02:08","modified_gmt":"2018-10-11T09:02:08","slug":"trabajos-de-remodelacion-alteran-sistema-de-visitas-en-hospital-san-camilo","status":"publish","type":"post","link":"https:\/\/eltrabajo.cl\/portal\/trabajos-de-remodelacion-alteran-sistema-de-visitas-en-hospital-san-camilo\/","title":{"rendered":"Trabajos de remodelaci\u00f3n alteran sistema de visitas en Hospital San Camilo"},"content":{"rendered":"<figure id=\"attachment_88665\" aria-describedby=\"caption-attachment-88665\" style=\"width: 580px\" class=\"wp-caption alignnone\"><img data-recalc-dims=\"1\" loading=\"lazy\" decoding=\"async\" class=\"size-full wp-image-88665\" src=\"https:\/\/i0.wp.com\/www.eltrabajo.cl\/2017\/wp-content\/uploads\/2018\/10\/mejoras-hospital.jpg?resize=580%2C398\" alt=\"Los trabajos comenzaron este lunes 08 de octubre y continuar\u00e1n hasta el mes de diciembre, periodo en el cual se han restringido las visitas, tanto en horario como en cantidad de visitantes.\" width=\"580\" height=\"398\" srcset=\"https:\/\/i0.wp.com\/eltrabajo.cl\/portal\/wp-content\/uploads\/2018\/10\/mejoras-hospital.jpg?w=580&amp;ssl=1 580w, https:\/\/i0.wp.com\/eltrabajo.cl\/portal\/wp-content\/uploads\/2018\/10\/mejoras-hospital.jpg?resize=200%2C137&amp;ssl=1 200w, https:\/\/i0.wp.com\/eltrabajo.cl\/portal\/wp-content\/uploads\/2018\/10\/mejoras-hospital.jpg?resize=300%2C206&amp;ssl=1 300w, https:\/\/i0.wp.com\/eltrabajo.cl\/portal\/wp-content\/uploads\/2018\/10\/mejoras-hospital.jpg?resize=219%2C150&amp;ssl=1 219w, https:\/\/i0.wp.com\/eltrabajo.cl\/portal\/wp-content\/uploads\/2018\/10\/mejoras-hospital.jpg?resize=400%2C274&amp;ssl=1 400w\" sizes=\"auto, (max-width: 580px) 100vw, 580px\" \/><figcaption id=\"caption-attachment-88665\" class=\"wp-caption-text\">Los trabajos comenzaron este lunes 08 de octubre y continuar\u00e1n hasta el mes de diciembre, periodo en el cual se han restringido las visitas, tanto en horario como en cantidad de visitantes.<\/figcaption><\/figure>\n<ul>\n<li><strong>Establecimiento mejora sus instalaciones para entregar mejor infraestructura a sus usuarios, lo que demandar\u00e1 ajustes como reducci\u00f3n en el horario de visitas y en el n\u00famero de personas que podr\u00e1 circular por sus dependencias.<\/strong><\/li>\n<\/ul>\n<p>Una importante inversi\u00f3n de 460 millones de pesos est\u00e1 realizando el Ministerio de Salud para remodelar gran parte de los ba\u00f1os de usuarios que se utilizan en los servicios cl\u00ednicos como Medicina, Cirug\u00eda, Pediatr\u00eda, Maternidad o Pensionado, del Hospital San Camilo de San Felipe.<br \/>\nAdem\u00e1s, gracias a este proyecto se mejorar\u00e1n las condiciones de servicios como la UCI y la UTI, Neonatolog\u00eda, Partos, Alimentaci\u00f3n, Pabell\u00f3n, Di\u00e1lisis y Urgencias, a lo que se sumar\u00e1 la pintura de los pasillos principales del recinto.<br \/>\nEstas mejoras ser\u00e1n realizadas por dos empresas que se adjudicaron los trabajos, las cuales comenzaron sus faenas este lunes 08 de octubre y continuar\u00e1n hasta el mes de diciembre, fechas en las cuales, para facilitar las obras, se deber\u00e1n hacer diversas modificaciones.<br \/>\nUna de las m\u00e1s importantes es que como no se puede trabajar en salas que tengan pacientes hospitalizados, se redujo el n\u00famero de camas de Pensionado para alojar estas semanas, s\u00f3lo estar\u00e1n disponibles 4 camas para pacientes particulares.<br \/>\nLa otra medida es que para evitar accidentes, se debi\u00f3 reducir la cantidad de personas que circulan por los pasillos y servicios, ya que los trabajos demandar\u00e1n un mayor uso de ascensores y pasillos, por lo que se reduce la cantidad de personas que pueden ingresar como visitas a una (1) por hospitalizado en los servicios de Cirug\u00eda, Medicina y Maternidad.<br \/>\nLa tercera medida es que se reduce el horario de visitas de manera moment\u00e1nea, quedando por este tiempo entre las 12:00 hrs y las 14:00 hrs. Por las mismas razones anteriores, de manera de evitar accidentes y facilitar los trabajos para que puedan finalizar dentro de los plazos estipulados.<br \/>\n\u201cEstamos haciendo trabajos que van a terminar con mejores instalaciones para nuestros usuarios y por lo tanto, al igual que los arreglos que se hacen en la casa, durante este tiempo no tendremos las mismas comodidades de siempre, por lo que les pedimos a los usuarios que disculpen las molestias, pero estamos trabajando para mejorar sus condiciones, en especial de los hospitalizados\u201d, se\u00f1al\u00f3 el director del establecimiento, Dr. Daniel \u00c1lvarez, quien asegur\u00f3 que estas medidas permitir\u00e1n terminar los trabajos en un menor tiempo, ya que de lo contrario, los horarios de trabajo de los maestros se ver\u00edan reducidos y por lo tanto, se demorar\u00edan m\u00e1s en terminar.<\/p>\n<figure id=\"attachment_88664\" aria-describedby=\"caption-attachment-88664\" style=\"width: 579px\" class=\"wp-caption alignnone\"><img data-recalc-dims=\"1\" loading=\"lazy\" decoding=\"async\" class=\"size-full wp-image-88664\" src=\"https:\/\/i0.wp.com\/www.eltrabajo.cl\/2017\/wp-content\/uploads\/2018\/10\/mejoras-hospital-1.jpg?resize=579%2C870\" alt=\"La remodelaci\u00f3n afecta b\u00e1sicamente los ba\u00f1os de usuarios que se utilizan en los servicios cl\u00ednicos de Medicina, Cirug\u00eda, Pediatr\u00eda, Maternidad y Pensionado.\" width=\"579\" height=\"870\" srcset=\"https:\/\/i0.wp.com\/eltrabajo.cl\/portal\/wp-content\/uploads\/2018\/10\/mejoras-hospital-1.jpg?w=579&amp;ssl=1 579w, https:\/\/i0.wp.com\/eltrabajo.cl\/portal\/wp-content\/uploads\/2018\/10\/mejoras-hospital-1.jpg?resize=100%2C150&amp;ssl=1 100w, https:\/\/i0.wp.com\/eltrabajo.cl\/portal\/wp-content\/uploads\/2018\/10\/mejoras-hospital-1.jpg?resize=200%2C300&amp;ssl=1 200w, https:\/\/i0.wp.com\/eltrabajo.cl\/portal\/wp-content\/uploads\/2018\/10\/mejoras-hospital-1.jpg?resize=400%2C601&amp;ssl=1 400w\" sizes=\"auto, (max-width: 579px) 100vw, 579px\" \/><figcaption id=\"caption-attachment-88664\" class=\"wp-caption-text\">La remodelaci\u00f3n afecta b\u00e1sicamente los ba\u00f1os de usuarios que se utilizan en los servicios cl\u00ednicos de Medicina, Cirug\u00eda, Pediatr\u00eda, Maternidad y Pensionado.<\/figcaption><\/figure>\n","protected":false},"excerpt":{"rendered":"<p>Establecimiento mejora sus instalaciones para entregar mejor infraestructura a sus usuarios, lo que demandar\u00e1 ajustes como reducci\u00f3n en el horario de visitas y en el n\u00famero de personas que podr\u00e1 circular por&#8230;<\/p>\n","protected":false},"author":1,"featured_media":88665,"comment_status":"open","ping_status":"open","sticky":false,"template":"","format":"standard","meta":{"advanced_seo_description":"","jetpack_seo_html_title":"","jetpack_seo_noindex":false,"_jetpack_memberships_contains_paid_content":false,"footnotes":""},"categories":[1],"tags":[],"class_list":["post-88663","post","type-post","status-publish","format-standard","has-post-thumbnail","hentry","category-cronica"],"jetpack_featured_media_url":"https:\/\/i0.wp.com\/eltrabajo.cl\/portal\/wp-content\/uploads\/2018\/10\/mejoras-hospital.jpg?fit=580%2C398&ssl=1","jetpack_sharing_enabled":true,"jetpack_likes_enabled":true,"jetpack-related-posts":[],"_links":{"self":[{"href":"https:\/\/eltrabajo.cl\/portal\/wp-json\/wp\/v2\/posts\/88663","targetHints":{"allow":["GET"]}}],"collection":[{"href":"https:\/\/eltrabajo.cl\/portal\/wp-json\/wp\/v2\/posts"}],"about":[{"href":"https:\/\/eltrabajo.cl\/portal\/wp-json\/wp\/v2\/types\/post"}],"author":[{"embeddable":true,"href":"https:\/\/eltrabajo.cl\/portal\/wp-json\/wp\/v2\/users\/1"}],"replies":[{"embeddable":true,"href":"https:\/\/eltrabajo.cl\/portal\/wp-json\/wp\/v2\/comments?post=88663"}],"version-history":[{"count":0,"href":"https:\/\/eltrabajo.cl\/portal\/wp-json\/wp\/v2\/posts\/88663\/revisions"}],"wp:featuredmedia":[{"embeddable":true,"href":"https:\/\/eltrabajo.cl\/portal\/wp-json\/wp\/v2\/media\/88665"}],"wp:attachment":[{"href":"https:\/\/eltrabajo.cl\/portal\/wp-json\/wp\/v2\/media?parent=88663"}],"wp:term":[{"taxonomy":"category","embeddable":true,"href":"https:\/\/eltrabajo.cl\/portal\/wp-json\/wp\/v2\/categories?post=88663"},{"taxonomy":"post_tag","embeddable":true,"href":"https:\/\/eltrabajo.cl\/portal\/wp-json\/wp\/v2\/tags?post=88663"}],"curies":[{"name":"wp","href":"https:\/\/api.w.org\/{rel}","templated":true}]}}