{"id":88667,"date":"2018-10-11T05:03:31","date_gmt":"2018-10-11T09:03:31","guid":{"rendered":"http:\/\/www.eltrabajo.cl\/2017\/?p=88667"},"modified":"2018-10-11T05:03:31","modified_gmt":"2018-10-11T09:03:31","slug":"preocupa-aparicion-de-tres-carpas-con-desconocidos-que-causaron-desordenes","status":"publish","type":"post","link":"https:\/\/eltrabajo.cl\/portal\/preocupa-aparicion-de-tres-carpas-con-desconocidos-que-causaron-desordenes\/","title":{"rendered":"Preocupa aparici\u00f3n de tres carpas con desconocidos que causaron des\u00f3rdenes"},"content":{"rendered":"<figure id=\"attachment_88669\" aria-describedby=\"caption-attachment-88669\" style=\"width: 580px\" class=\"wp-caption alignnone\"><img data-recalc-dims=\"1\" loading=\"lazy\" decoding=\"async\" class=\"size-full wp-image-88669\" src=\"https:\/\/i0.wp.com\/www.eltrabajo.cl\/2017\/wp-content\/uploads\/2018\/10\/Fuego.jpg?resize=580%2C399\" alt=\"El fuego provocado por las personas que pernoctaron en el lugar. (Cedida)\" width=\"580\" height=\"399\" srcset=\"https:\/\/i0.wp.com\/eltrabajo.cl\/portal\/wp-content\/uploads\/2018\/10\/Fuego.jpg?w=580&amp;ssl=1 580w, https:\/\/i0.wp.com\/eltrabajo.cl\/portal\/wp-content\/uploads\/2018\/10\/Fuego.jpg?resize=200%2C138&amp;ssl=1 200w, https:\/\/i0.wp.com\/eltrabajo.cl\/portal\/wp-content\/uploads\/2018\/10\/Fuego.jpg?resize=300%2C206&amp;ssl=1 300w, https:\/\/i0.wp.com\/eltrabajo.cl\/portal\/wp-content\/uploads\/2018\/10\/Fuego.jpg?resize=218%2C150&amp;ssl=1 218w, https:\/\/i0.wp.com\/eltrabajo.cl\/portal\/wp-content\/uploads\/2018\/10\/Fuego.jpg?resize=400%2C275&amp;ssl=1 400w\" sizes=\"auto, (max-width: 580px) 100vw, 580px\" \/><figcaption id=\"caption-attachment-88669\" class=\"wp-caption-text\">El fuego provocado por las personas que pernoctaron en el lugar. (Cedida)<\/figcaption><\/figure>\n<p><span style=\"color: #ff0000;\"><strong>Vecinos de Villa El Descanso:<\/strong><\/span><\/p>\n<p>Siguen los problemas en Villa El Descanso. Al vertimiento de basura que denunciaran a trav\u00e9s de Diario El Trabajo, ahora se suma que ayer amanecieron tres carpas en el mismo sitio eriazo.<br \/>\nAs\u00ed lo confirm\u00f3 Camilo Mu\u00f1oz, dirigente de la junta de vecinos, quien dijo que despu\u00e9s de la denuncia p\u00fablica que se hizo, \u201cayer (martes) en el mismo sitio aparecieron unos j\u00f3venes haciendo fuego en la noche, con esc\u00e1ndalo, tomando. Los vecinos como tenemos \u2018Whats App\u2019 informaron a Carabineros. La verdad no s\u00e9 si ellos llegaron, pero hoy d\u00eda en la ma\u00f1ana me mandaron fotos donde hay tres carpas instaladas. Se llam\u00f3 a Carabineros. El problema es que no s\u00e9 qu\u00e9 est\u00e1 esperando la municipalidad, \u00bfque pase algo grave ah\u00ed?, puede haber violaciones, asaltos, porque la gente transita por el sector, ya que cruza hacia la otra calle que es Cherc\u00e1n Tapia. As\u00ed es que es nuestra preocupaci\u00f3n, aparte de toda la basura y desperdicios que la gente va a dejar ah\u00ed\u201d.<br \/>\n<strong>&#8211; \u00bfUstedes lograron conversar con las personas que est\u00e1n en las carpas?<\/strong><br \/>\n&#8211; Lo ignoro, porque como la informaci\u00f3n fue enviada v\u00eda Whats App, y las fotos fueron tomadas desde una casa, nadie quiere ir a enfrentarse a ellos, individuos que est\u00e1n tomando, y son gente que de lejos se ve que no son de muy buen aspecto. As\u00ed es que la gente no se atreve a encararlos, porque van a recibir insultos gratuitamente, pero s\u00ed les sacan fotos y llaman a Carabineros.<br \/>\nCabe destacar que toda la situaci\u00f3n descrita sucedi\u00f3 la noche de este martes y fue ayer cuando se dieron cuenta de la presencia de las tres carpas.<br \/>\nAgreg\u00f3 el dirigente que esta situaci\u00f3n es primera vez que sucede.<br \/>\n<strong>&#8211; \u00bfUstedes van a dirigirse a la municipalidad a realizar alguna diligencia?<\/strong><br \/>\n&#8211; S\u00ed, nosotros vamos a seguir insistiendo en que el alcalde haga el cierre que prometi\u00f3 el se\u00f1or Villanueva lo antes posible, o sea no podemos seguir esperando, si ellos dicen que han tomado la decisi\u00f3n, \u00bfpor qu\u00e9 no lo hacen? Si total, el gasto en que se va a incurrir se le va a cobrar al due\u00f1o del sitio eriazo.<br \/>\n<strong>&#8211; \u00bfEst\u00e1n preocupados los vecinos? <\/strong><br \/>\n&#8211; S\u00ed, est\u00e1n preocupados, sobre todos los que viven por ese sector, siempre nos est\u00e1n reclamando a la directiva del por qu\u00e9 no hay reacciones m\u00e1s fuertes.<br \/>\n<strong>&#8211; \u00bfLa Villa El Descanso es tranquila?<\/strong><br \/>\n&#8211; S\u00ed, es tranquila, ahora tenemos alarmas comunitarias gracias a un proyecto que se ganaron, es de gente trabajadora. Pero la preocupaci\u00f3n por el sitio eriazo es de a\u00f1os, o sea espero que ahora sea la soluci\u00f3n como lo prometi\u00f3 la municipalidad y el se\u00f1or Villanueva.<\/p>\n<figure id=\"attachment_88668\" aria-describedby=\"caption-attachment-88668\" style=\"width: 578px\" class=\"wp-caption alignnone\"><img data-recalc-dims=\"1\" loading=\"lazy\" decoding=\"async\" class=\"size-full wp-image-88668\" src=\"https:\/\/i0.wp.com\/www.eltrabajo.cl\/2017\/wp-content\/uploads\/2018\/10\/Carpas.jpg?resize=578%2C326\" alt=\"Estas son las carpas que aparecieron este martes en el sitio eriazo colindante a la Villa El Descanso. (Cedida)\" width=\"578\" height=\"326\" srcset=\"https:\/\/i0.wp.com\/eltrabajo.cl\/portal\/wp-content\/uploads\/2018\/10\/Carpas.jpg?w=578&amp;ssl=1 578w, https:\/\/i0.wp.com\/eltrabajo.cl\/portal\/wp-content\/uploads\/2018\/10\/Carpas.jpg?resize=200%2C113&amp;ssl=1 200w, https:\/\/i0.wp.com\/eltrabajo.cl\/portal\/wp-content\/uploads\/2018\/10\/Carpas.jpg?resize=300%2C169&amp;ssl=1 300w, https:\/\/i0.wp.com\/eltrabajo.cl\/portal\/wp-content\/uploads\/2018\/10\/Carpas.jpg?resize=266%2C150&amp;ssl=1 266w, https:\/\/i0.wp.com\/eltrabajo.cl\/portal\/wp-content\/uploads\/2018\/10\/Carpas.jpg?resize=400%2C226&amp;ssl=1 400w\" sizes=\"auto, (max-width: 578px) 100vw, 578px\" \/><figcaption id=\"caption-attachment-88668\" class=\"wp-caption-text\">Estas son las carpas que aparecieron este martes en el sitio eriazo colindante a la Villa El Descanso. (Cedida)<\/figcaption><\/figure>\n","protected":false},"excerpt":{"rendered":"<p>Vecinos de Villa El Descanso: Siguen los problemas en Villa El Descanso. Al vertimiento de basura que denunciaran a trav\u00e9s de Diario El Trabajo, ahora se suma que ayer amanecieron tres carpas&#8230;<\/p>\n","protected":false},"author":1,"featured_media":88668,"comment_status":"open","ping_status":"open","sticky":false,"template":"","format":"standard","meta":{"advanced_seo_description":"","jetpack_seo_html_title":"","jetpack_seo_noindex":false,"_jetpack_memberships_contains_paid_content":false,"footnotes":""},"categories":[15],"tags":[],"class_list":["post-88667","post","type-post","status-publish","format-standard","has-post-thumbnail","hentry","category-comunidad"],"jetpack_featured_media_url":"https:\/\/i0.wp.com\/eltrabajo.cl\/portal\/wp-content\/uploads\/2018\/10\/Carpas.jpg?fit=578%2C326&ssl=1","jetpack_sharing_enabled":true,"jetpack_likes_enabled":true,"jetpack-related-posts":[],"_links":{"self":[{"href":"https:\/\/eltrabajo.cl\/portal\/wp-json\/wp\/v2\/posts\/88667","targetHints":{"allow":["GET"]}}],"collection":[{"href":"https:\/\/eltrabajo.cl\/portal\/wp-json\/wp\/v2\/posts"}],"about":[{"href":"https:\/\/eltrabajo.cl\/portal\/wp-json\/wp\/v2\/types\/post"}],"author":[{"embeddable":true,"href":"https:\/\/eltrabajo.cl\/portal\/wp-json\/wp\/v2\/users\/1"}],"replies":[{"embeddable":true,"href":"https:\/\/eltrabajo.cl\/portal\/wp-json\/wp\/v2\/comments?post=88667"}],"version-history":[{"count":0,"href":"https:\/\/eltrabajo.cl\/portal\/wp-json\/wp\/v2\/posts\/88667\/revisions"}],"wp:featuredmedia":[{"embeddable":true,"href":"https:\/\/eltrabajo.cl\/portal\/wp-json\/wp\/v2\/media\/88668"}],"wp:attachment":[{"href":"https:\/\/eltrabajo.cl\/portal\/wp-json\/wp\/v2\/media?parent=88667"}],"wp:term":[{"taxonomy":"category","embeddable":true,"href":"https:\/\/eltrabajo.cl\/portal\/wp-json\/wp\/v2\/categories?post=88667"},{"taxonomy":"post_tag","embeddable":true,"href":"https:\/\/eltrabajo.cl\/portal\/wp-json\/wp\/v2\/tags?post=88667"}],"curies":[{"name":"wp","href":"https:\/\/api.w.org\/{rel}","templated":true}]}}