{"id":88671,"date":"2018-10-11T05:04:09","date_gmt":"2018-10-11T09:04:09","guid":{"rendered":"http:\/\/www.eltrabajo.cl\/2017\/?p=88671"},"modified":"2018-10-11T05:04:09","modified_gmt":"2018-10-11T09:04:09","slug":"un-15-de-poblacion-del-valle-de-aconcagua-padece-trastornos-depresivos","status":"publish","type":"post","link":"https:\/\/eltrabajo.cl\/portal\/un-15-de-poblacion-del-valle-de-aconcagua-padece-trastornos-depresivos\/","title":{"rendered":"Un 15% de poblaci\u00f3n del Valle de Aconcagua padece trastornos depresivos"},"content":{"rendered":"<figure id=\"attachment_88672\" aria-describedby=\"caption-attachment-88672\" style=\"width: 580px\" class=\"wp-caption alignnone\"><img data-recalc-dims=\"1\" loading=\"lazy\" decoding=\"async\" class=\"size-full wp-image-88672\" src=\"https:\/\/i0.wp.com\/www.eltrabajo.cl\/2017\/wp-content\/uploads\/2018\/10\/Iris-Boisier.jpg?resize=580%2C400\" alt=\"La Doctora Iris Boisier acompa\u00f1ada de la directora del SSA, Susan Porras, y un profesional de la salud.\" width=\"580\" height=\"400\" srcset=\"https:\/\/i0.wp.com\/eltrabajo.cl\/portal\/wp-content\/uploads\/2018\/10\/Iris-Boisier.jpg?w=580&amp;ssl=1 580w, https:\/\/i0.wp.com\/eltrabajo.cl\/portal\/wp-content\/uploads\/2018\/10\/Iris-Boisier.jpg?resize=200%2C138&amp;ssl=1 200w, https:\/\/i0.wp.com\/eltrabajo.cl\/portal\/wp-content\/uploads\/2018\/10\/Iris-Boisier.jpg?resize=300%2C207&amp;ssl=1 300w, https:\/\/i0.wp.com\/eltrabajo.cl\/portal\/wp-content\/uploads\/2018\/10\/Iris-Boisier.jpg?resize=218%2C150&amp;ssl=1 218w, https:\/\/i0.wp.com\/eltrabajo.cl\/portal\/wp-content\/uploads\/2018\/10\/Iris-Boisier.jpg?resize=400%2C276&amp;ssl=1 400w\" sizes=\"auto, (max-width: 580px) 100vw, 580px\" \/><figcaption id=\"caption-attachment-88672\" class=\"wp-caption-text\">La Doctora Iris Boisier acompa\u00f1ada de la directora del SSA, Susan Porras, y un profesional de la salud.<\/figcaption><\/figure>\n<p><span style=\"color: #ff0000;\"><strong>Mientras que el 1% sufre esquizofrenia:<\/strong><\/span><\/p>\n<p>Lejos la patolog\u00eda m\u00e1s com\u00fan en el Valle de Aconcagua en cuanto a salud mental, son los trastornos depresivos, no solo en el valle sino que en todo el pa\u00eds.<br \/>\nAs\u00ed lo indic\u00f3 la Doctora Iris Boisier, subdirectora m\u00e9dica del Servicio de Salud Aconcagua, agregando que hay un 15% de la poblaci\u00f3n del Valle que padece alg\u00fan trastorno depresivo.<br \/>\nSobre la esquizofrenia, dijo que el porcentaje es mucho menor, y corresponde solo al 1% de la poblaci\u00f3n.<br \/>\n<strong>&#8211; \u00bfEs mucho el 15% de la poblaci\u00f3n? <\/strong><br \/>\n&#8211; Es bastante, es bastante, porque imag\u00ednense nosotros somos 270 mil habitantes, el 15% de eso es muy alto, entonces por eso es que adem\u00e1s la resoluci\u00f3n de estas patolog\u00edas no la centramos solo en los especialistas, sino que en todos los equipos de atenci\u00f3n primaria que tienen que resolver alg\u00fan nivel de complejidad m\u00e1s baja en esos establecimientos. Hoy en d\u00eda los chilenos consumen muchos medicamentos porque estamos enfermos, y lo peor, a pesar que hay restricciones, nos auto medicamos y empezamos a tomar medicamentos que usa el vecino, pero eso pasa tambi\u00e9n yo creo porque hoy en d\u00eda lo que el pa\u00eds destina como presupuesto a la salud mental es muy bajo, es apenas un 3% del 7% que se dedica en general a la salud.<br \/>\n<strong>&#8211; \u00bfExisten programas de salud mental?<\/strong><br \/>\n&#8211; S\u00ed, s\u00ed hay programas de salud mental en todos los consultorios de la atenci\u00f3n primaria, tenemos dispositivos especializados como es el hospital siqui\u00e1trico, los Cosam que hace poco instalamos, uno en la provincia de Los Andes y tenemos un dispositivo en Llay Llay.<\/p>\n","protected":false},"excerpt":{"rendered":"<p>Mientras que el 1% sufre esquizofrenia: Lejos la patolog\u00eda m\u00e1s com\u00fan en el Valle de Aconcagua en cuanto a salud mental, son los trastornos depresivos, no solo en el valle sino que&#8230;<\/p>\n","protected":false},"author":1,"featured_media":88672,"comment_status":"open","ping_status":"open","sticky":false,"template":"","format":"standard","meta":{"advanced_seo_description":"","jetpack_seo_html_title":"","jetpack_seo_noindex":false,"_jetpack_memberships_contains_paid_content":false,"footnotes":""},"categories":[1],"tags":[],"class_list":["post-88671","post","type-post","status-publish","format-standard","has-post-thumbnail","hentry","category-cronica"],"jetpack_featured_media_url":"https:\/\/i0.wp.com\/eltrabajo.cl\/portal\/wp-content\/uploads\/2018\/10\/Iris-Boisier.jpg?fit=580%2C400&ssl=1","jetpack_sharing_enabled":true,"jetpack_likes_enabled":true,"jetpack-related-posts":[],"_links":{"self":[{"href":"https:\/\/eltrabajo.cl\/portal\/wp-json\/wp\/v2\/posts\/88671","targetHints":{"allow":["GET"]}}],"collection":[{"href":"https:\/\/eltrabajo.cl\/portal\/wp-json\/wp\/v2\/posts"}],"about":[{"href":"https:\/\/eltrabajo.cl\/portal\/wp-json\/wp\/v2\/types\/post"}],"author":[{"embeddable":true,"href":"https:\/\/eltrabajo.cl\/portal\/wp-json\/wp\/v2\/users\/1"}],"replies":[{"embeddable":true,"href":"https:\/\/eltrabajo.cl\/portal\/wp-json\/wp\/v2\/comments?post=88671"}],"version-history":[{"count":0,"href":"https:\/\/eltrabajo.cl\/portal\/wp-json\/wp\/v2\/posts\/88671\/revisions"}],"wp:featuredmedia":[{"embeddable":true,"href":"https:\/\/eltrabajo.cl\/portal\/wp-json\/wp\/v2\/media\/88672"}],"wp:attachment":[{"href":"https:\/\/eltrabajo.cl\/portal\/wp-json\/wp\/v2\/media?parent=88671"}],"wp:term":[{"taxonomy":"category","embeddable":true,"href":"https:\/\/eltrabajo.cl\/portal\/wp-json\/wp\/v2\/categories?post=88671"},{"taxonomy":"post_tag","embeddable":true,"href":"https:\/\/eltrabajo.cl\/portal\/wp-json\/wp\/v2\/tags?post=88671"}],"curies":[{"name":"wp","href":"https:\/\/api.w.org\/{rel}","templated":true}]}}