{"id":88674,"date":"2018-10-12T07:12:11","date_gmt":"2018-10-12T11:12:11","guid":{"rendered":"http:\/\/www.eltrabajo.cl\/2017\/?p=88674"},"modified":"2018-10-12T07:12:11","modified_gmt":"2018-10-12T11:12:11","slug":"inician-campana-para-difundir-la-importancia-de-la-region-de-aconcagua","status":"publish","type":"post","link":"https:\/\/eltrabajo.cl\/portal\/inician-campana-para-difundir-la-importancia-de-la-region-de-aconcagua\/","title":{"rendered":"Inician campa\u00f1a para difundir la importancia de la Regi\u00f3n de Aconcagua"},"content":{"rendered":"<figure id=\"attachment_88675\" aria-describedby=\"caption-attachment-88675\" style=\"width: 580px\" class=\"wp-caption alignnone\"><img data-recalc-dims=\"1\" loading=\"lazy\" decoding=\"async\" class=\"size-full wp-image-88675\" src=\"https:\/\/i0.wp.com\/www.eltrabajo.cl\/2017\/wp-content\/uploads\/2018\/10\/aconcagua-region.jpg?resize=580%2C399\" alt=\"La campa\u00f1a considera entrega de bolsas ecol\u00f3gicas adem\u00e1s de autoadhesivos para autom\u00f3viles y volantes informativos donde se explica en 12 puntos, la importancia de la creaci\u00f3n de esta nueva regi\u00f3n.\" width=\"580\" height=\"399\" srcset=\"https:\/\/i0.wp.com\/eltrabajo.cl\/portal\/wp-content\/uploads\/2018\/10\/aconcagua-region.jpg?w=580&amp;ssl=1 580w, https:\/\/i0.wp.com\/eltrabajo.cl\/portal\/wp-content\/uploads\/2018\/10\/aconcagua-region.jpg?resize=200%2C138&amp;ssl=1 200w, https:\/\/i0.wp.com\/eltrabajo.cl\/portal\/wp-content\/uploads\/2018\/10\/aconcagua-region.jpg?resize=300%2C206&amp;ssl=1 300w, https:\/\/i0.wp.com\/eltrabajo.cl\/portal\/wp-content\/uploads\/2018\/10\/aconcagua-region.jpg?resize=218%2C150&amp;ssl=1 218w, https:\/\/i0.wp.com\/eltrabajo.cl\/portal\/wp-content\/uploads\/2018\/10\/aconcagua-region.jpg?resize=400%2C275&amp;ssl=1 400w\" sizes=\"auto, (max-width: 580px) 100vw, 580px\" \/><figcaption id=\"caption-attachment-88675\" class=\"wp-caption-text\">La campa\u00f1a considera entrega de bolsas ecol\u00f3gicas adem\u00e1s de autoadhesivos para autom\u00f3viles y volantes informativos donde se explica en 12 puntos, la importancia de la creaci\u00f3n de esta nueva regi\u00f3n.<\/figcaption><\/figure>\n<p><strong><span style=\"color: #ff0000;\">Con entrega de bolsas ecol\u00f3gicas a transe\u00fantes:<\/span> <\/strong><\/p>\n<ul>\n<li><strong>Durante todo octubre se distribuir\u00e1n tambi\u00e9n adhesivos para los autom\u00f3viles y un volante con las 12 razones por las que es importante la creaci\u00f3n de esta nueva regi\u00f3n.<\/strong><\/li>\n<\/ul>\n<p>Una campa\u00f1a de difusi\u00f3n ciudadana sobre la importancia de la creaci\u00f3n de la nueva Regi\u00f3n de Aconcagua inici\u00f3 en la plaza de armas de San Felipe la Corporaci\u00f3n \u2018Aconcagua Regi\u00f3n\u2019 junto al movimiento \u2018Yo Amo Regi\u00f3n de Aconcagua\u2019, la cual se extender\u00e1 durante todo el mes de octubre en todas las comunas de las provincias de Los Andes, San Felipe y Petorca.<br \/>\nLa campa\u00f1a denominada \u2018Recuperemos la Regi\u00f3n de Aconcagua\u2019, contempla la entrega de bolsas ecol\u00f3gicas, autoadhesivos para autom\u00f3viles y volantes informativos donde se explica claramente en 12 puntos, la importancia de la creaci\u00f3n de esta nueva regi\u00f3n.<br \/>\nEl vicepresidente de la Corporaci\u00f3n Aconcagua Regi\u00f3n, Juan Carlos Monasterio, se\u00f1al\u00f3 que \u00abestamos iniciando una potente etapa para sensibilizar a la poblaci\u00f3n sobre los beneficios de tener nuestra propia regi\u00f3n, para familiarizar e incentivar a la ciudadan\u00eda con este sentimiento\u00bb. Agreg\u00f3 que \u00abelegimos bolsas ecol\u00f3gicas para que nuestros logos de la nueva regi\u00f3n est\u00e9n presentes en la vida cotidiana de nuestros habitantes y adem\u00e1s, porque nuestras organizaciones est\u00e1n comprometidas con el cuidado del medio ambiente\u00bb.<br \/>\nEn tanto, el secretario general de la Corporaci\u00f3n Aconcagua Regi\u00f3n, Claudio G\u00f3mez, sostuvo que \u00abpara nosotros es muy importante que la ciudadan\u00eda tome conciencia de la necesidad de la regi\u00f3n, y podamos generar un movimiento social con mayor fuerza, sobre todo ahora que sabemos que el presupuesto para 2019 en la reci\u00e9n creada Regi\u00f3n de \u00d1uble ser\u00e1 de $48 mil millones, superando en un 129% lo que se destinaba cuando eran provincias del B\u00edo B\u00edo, que era de $21 mil millones\u00bb.<br \/>\nPara el articulador del Movimiento Yo Amo Regi\u00f3n de Aconcagua, Yury Quiroz, el objetivo es muy claro: \u00abQueremos que todos sepan por qu\u00e9 queremos ser regi\u00f3n, para qu\u00e9 queremos ser regi\u00f3n, y cu\u00e1les son los beneficios que esto nos traer\u00eda, con una sociedad empoderada e informada que pueda trabajar con todos los dirigentes y autoridades para lograr este anhelado fin\u00bb.<br \/>\nEn la oportunidad tambi\u00e9n estuvieron presentes el alcalde de San Felipe, Patricio Freire, los dirigentes Rafael Sottolichio, Luis Henr\u00edquez, Marco Morales, Mois\u00e9s Zamorano y el ex gobernador de Petorca, Mario Fuentes, entre otros.<br \/>\nCabe destacar que la campa\u00f1a continu\u00f3 en Cabildo, La Ligua y Petorca. Este s\u00e1bado 13 de octubre se repartir\u00e1n bolsas ecol\u00f3gicas,a las 11:00 horas, en el centro Pedro Aguirre Cerda de Calle Larga; el mi\u00e9rcoles 17 de octubre, a las 11:00 horas, en la plaza de Los Andes y el jueves 18 de octubre, al mediod\u00eda, en la plaza de San Esteban.<\/p>\n","protected":false},"excerpt":{"rendered":"<p>Con entrega de bolsas ecol\u00f3gicas a transe\u00fantes: Durante todo octubre se distribuir\u00e1n tambi\u00e9n adhesivos para los autom\u00f3viles y un volante con las 12 razones por las que es importante la creaci\u00f3n de&#8230;<\/p>\n","protected":false},"author":1,"featured_media":88675,"comment_status":"open","ping_status":"open","sticky":false,"template":"","format":"standard","meta":{"advanced_seo_description":"","jetpack_seo_html_title":"","jetpack_seo_noindex":false,"_jetpack_memberships_contains_paid_content":false,"footnotes":""},"categories":[1],"tags":[],"class_list":["post-88674","post","type-post","status-publish","format-standard","has-post-thumbnail","hentry","category-cronica"],"jetpack_featured_media_url":"https:\/\/i0.wp.com\/eltrabajo.cl\/portal\/wp-content\/uploads\/2018\/10\/aconcagua-region.jpg?fit=580%2C399&ssl=1","jetpack_sharing_enabled":true,"jetpack_likes_enabled":true,"jetpack-related-posts":[],"_links":{"self":[{"href":"https:\/\/eltrabajo.cl\/portal\/wp-json\/wp\/v2\/posts\/88674","targetHints":{"allow":["GET"]}}],"collection":[{"href":"https:\/\/eltrabajo.cl\/portal\/wp-json\/wp\/v2\/posts"}],"about":[{"href":"https:\/\/eltrabajo.cl\/portal\/wp-json\/wp\/v2\/types\/post"}],"author":[{"embeddable":true,"href":"https:\/\/eltrabajo.cl\/portal\/wp-json\/wp\/v2\/users\/1"}],"replies":[{"embeddable":true,"href":"https:\/\/eltrabajo.cl\/portal\/wp-json\/wp\/v2\/comments?post=88674"}],"version-history":[{"count":0,"href":"https:\/\/eltrabajo.cl\/portal\/wp-json\/wp\/v2\/posts\/88674\/revisions"}],"wp:featuredmedia":[{"embeddable":true,"href":"https:\/\/eltrabajo.cl\/portal\/wp-json\/wp\/v2\/media\/88675"}],"wp:attachment":[{"href":"https:\/\/eltrabajo.cl\/portal\/wp-json\/wp\/v2\/media?parent=88674"}],"wp:term":[{"taxonomy":"category","embeddable":true,"href":"https:\/\/eltrabajo.cl\/portal\/wp-json\/wp\/v2\/categories?post=88674"},{"taxonomy":"post_tag","embeddable":true,"href":"https:\/\/eltrabajo.cl\/portal\/wp-json\/wp\/v2\/tags?post=88674"}],"curies":[{"name":"wp","href":"https:\/\/api.w.org\/{rel}","templated":true}]}}