{"id":88678,"date":"2018-10-12T07:13:51","date_gmt":"2018-10-12T11:13:51","guid":{"rendered":"http:\/\/www.eltrabajo.cl\/2017\/?p=88678"},"modified":"2018-10-12T07:13:51","modified_gmt":"2018-10-12T11:13:51","slug":"alumna-de-la-escuela-agricola-viajara-a-estudiar-y-trabajar-a-nueva-zelanda","status":"publish","type":"post","link":"https:\/\/eltrabajo.cl\/portal\/alumna-de-la-escuela-agricola-viajara-a-estudiar-y-trabajar-a-nueva-zelanda\/","title":{"rendered":"Alumna de la Escuela Agr\u00edcola viajar\u00e1 a estudiar y trabajar a Nueva Zelanda"},"content":{"rendered":"<figure id=\"attachment_88679\" aria-describedby=\"caption-attachment-88679\" style=\"width: 580px\" class=\"wp-caption alignnone\"><img data-recalc-dims=\"1\" loading=\"lazy\" decoding=\"async\" class=\"size-full wp-image-88679\" src=\"https:\/\/i0.wp.com\/www.eltrabajo.cl\/2017\/wp-content\/uploads\/2018\/10\/Danixa-Vicencio.jpg?resize=580%2C399\" alt=\"Danixa Vicencio, alumna de 4\u00ba Medio Agropecuario en la Escuela Agr\u00edcola de San Felipe.\" width=\"580\" height=\"399\" srcset=\"https:\/\/i0.wp.com\/eltrabajo.cl\/portal\/wp-content\/uploads\/2018\/10\/Danixa-Vicencio.jpg?w=580&amp;ssl=1 580w, https:\/\/i0.wp.com\/eltrabajo.cl\/portal\/wp-content\/uploads\/2018\/10\/Danixa-Vicencio.jpg?resize=200%2C138&amp;ssl=1 200w, https:\/\/i0.wp.com\/eltrabajo.cl\/portal\/wp-content\/uploads\/2018\/10\/Danixa-Vicencio.jpg?resize=300%2C206&amp;ssl=1 300w, https:\/\/i0.wp.com\/eltrabajo.cl\/portal\/wp-content\/uploads\/2018\/10\/Danixa-Vicencio.jpg?resize=218%2C150&amp;ssl=1 218w, https:\/\/i0.wp.com\/eltrabajo.cl\/portal\/wp-content\/uploads\/2018\/10\/Danixa-Vicencio.jpg?resize=400%2C275&amp;ssl=1 400w\" sizes=\"auto, (max-width: 580px) 100vw, 580px\" \/><figcaption id=\"caption-attachment-88679\" class=\"wp-caption-text\">Danixa Vicencio, alumna de 4\u00ba Medio Agropecuario en la Escuela Agr\u00edcola de San Felipe.<\/figcaption><\/figure>\n<p><span style=\"color: #ff0000;\"><strong>Beca Semillero Rural del Ministerio de Agricultura:<\/strong><\/span><\/p>\n<p>Este a\u00f1o ser\u00e1n 35 los j\u00f3venes estudiantes de la SNA Educa a lo largo de todo Chile los que viajar\u00e1n a estudiar a Nueva Zelanda distintas especialidades, gracias a la Beca Semillero Rural que brinda el Ministerio de Agricultura. Lo interesante de este tema, es que la \u00fanica sanfelipe\u00f1a que podr\u00e1 disfrutar de este beneficio es la joven estudiante de la Escuela Agr\u00edcola, Danixa Vicencio, de 4\u00ba Medio Agropecuario.<\/p>\n<p><span style=\"color: #ff0000;\"><strong>BECADA CONTENTA<\/strong><\/span><br \/>\nEsta beca le permitir\u00e1 a Danixa abrir un camino profesional por seis meses en ese pa\u00eds europeo, esta beca de suma relevancia para el Ministerio de Agricultura, pues permitir\u00e1 a estos 35 chicos realizar una especializaci\u00f3n en lecher\u00eda y fruticultura.<br \/>\nDiario El Trabajo habl\u00f3 con la joven Danixa, quien nos coment\u00f3 que \u00abestoy muy feliz de haberme ganado esta Beca, es la primera vez que en esta escuela alguien la recibe, salgo para Nueva Zelanda el 23 de noviembre, all\u00e1 estar\u00e9 unos ocho meses, trabajar\u00e9 tambi\u00e9n para financiarme mis estudios, pienso tambi\u00e9n regresar a Chile para desarrollarme profesionalmente\u00bb, dijo Vicencio.<br \/>\nEsta beca es un programa de estudios del Ministerio de Agricultura con la colaboraci\u00f3n del Ministerio de Educaci\u00f3n, por medio del que se ha posibilitado que estudiantes de escuelas t\u00e9cnico-agr\u00edcolas de Chile, en su \u00faltimo a\u00f1o de ense\u00f1anza media, una vez egresados y contando con 18 a\u00f1os al momento de viajar, puedan continuar sus estudios en un programa de formaci\u00f3n en fruticultura o lecher\u00eda en Nueva Zelanda, el programa consta de dos etapas: Doce semanas de capacitaci\u00f3n y 34 semanas de pr\u00e1ctica laboral, durante ese tiempo los j\u00f3venes aprender\u00e1n nuevas t\u00e9cnicas de trabajo para mejorar el rubro agropecuario.<br \/>\n<strong>Roberto Gonz\u00e1lez Short<\/strong><\/p>\n","protected":false},"excerpt":{"rendered":"<p>Beca Semillero Rural del Ministerio de Agricultura: Este a\u00f1o ser\u00e1n 35 los j\u00f3venes estudiantes de la SNA Educa a lo largo de todo Chile los que viajar\u00e1n a estudiar a Nueva Zelanda&#8230;<\/p>\n","protected":false},"author":1,"featured_media":88679,"comment_status":"open","ping_status":"open","sticky":false,"template":"","format":"standard","meta":{"advanced_seo_description":"","jetpack_seo_html_title":"","jetpack_seo_noindex":false,"_jetpack_memberships_contains_paid_content":false,"footnotes":""},"categories":[15],"tags":[],"class_list":["post-88678","post","type-post","status-publish","format-standard","has-post-thumbnail","hentry","category-comunidad"],"jetpack_featured_media_url":"https:\/\/i0.wp.com\/eltrabajo.cl\/portal\/wp-content\/uploads\/2018\/10\/Danixa-Vicencio.jpg?fit=580%2C399&ssl=1","jetpack_sharing_enabled":true,"jetpack_likes_enabled":true,"jetpack-related-posts":[],"_links":{"self":[{"href":"https:\/\/eltrabajo.cl\/portal\/wp-json\/wp\/v2\/posts\/88678","targetHints":{"allow":["GET"]}}],"collection":[{"href":"https:\/\/eltrabajo.cl\/portal\/wp-json\/wp\/v2\/posts"}],"about":[{"href":"https:\/\/eltrabajo.cl\/portal\/wp-json\/wp\/v2\/types\/post"}],"author":[{"embeddable":true,"href":"https:\/\/eltrabajo.cl\/portal\/wp-json\/wp\/v2\/users\/1"}],"replies":[{"embeddable":true,"href":"https:\/\/eltrabajo.cl\/portal\/wp-json\/wp\/v2\/comments?post=88678"}],"version-history":[{"count":0,"href":"https:\/\/eltrabajo.cl\/portal\/wp-json\/wp\/v2\/posts\/88678\/revisions"}],"wp:featuredmedia":[{"embeddable":true,"href":"https:\/\/eltrabajo.cl\/portal\/wp-json\/wp\/v2\/media\/88679"}],"wp:attachment":[{"href":"https:\/\/eltrabajo.cl\/portal\/wp-json\/wp\/v2\/media?parent=88678"}],"wp:term":[{"taxonomy":"category","embeddable":true,"href":"https:\/\/eltrabajo.cl\/portal\/wp-json\/wp\/v2\/categories?post=88678"},{"taxonomy":"post_tag","embeddable":true,"href":"https:\/\/eltrabajo.cl\/portal\/wp-json\/wp\/v2\/tags?post=88678"}],"curies":[{"name":"wp","href":"https:\/\/api.w.org\/{rel}","templated":true}]}}