{"id":88684,"date":"2018-10-12T07:18:20","date_gmt":"2018-10-12T11:18:20","guid":{"rendered":"http:\/\/www.eltrabajo.cl\/2017\/?p=88684"},"modified":"2018-10-12T07:18:20","modified_gmt":"2018-10-12T11:18:20","slug":"desperdicios-lanzados-al-canal-provocan-inundacion-de-calle-portus","status":"publish","type":"post","link":"https:\/\/eltrabajo.cl\/portal\/desperdicios-lanzados-al-canal-provocan-inundacion-de-calle-portus\/","title":{"rendered":"Desperdicios lanzados al canal provocan inundaci\u00f3n de calle Portus"},"content":{"rendered":"<figure id=\"attachment_88685\" aria-describedby=\"caption-attachment-88685\" style=\"width: 580px\" class=\"wp-caption alignnone\"><img data-recalc-dims=\"1\" loading=\"lazy\" decoding=\"async\" class=\"size-full wp-image-88685\" src=\"https:\/\/i0.wp.com\/www.eltrabajo.cl\/2017\/wp-content\/uploads\/2018\/10\/Canal-2.jpg?resize=580%2C400\" alt=\"El agua llegaba hasta arriba por la mugre que hab\u00eda.\" width=\"580\" height=\"400\" srcset=\"https:\/\/i0.wp.com\/eltrabajo.cl\/portal\/wp-content\/uploads\/2018\/10\/Canal-2.jpg?w=580&amp;ssl=1 580w, https:\/\/i0.wp.com\/eltrabajo.cl\/portal\/wp-content\/uploads\/2018\/10\/Canal-2.jpg?resize=200%2C138&amp;ssl=1 200w, https:\/\/i0.wp.com\/eltrabajo.cl\/portal\/wp-content\/uploads\/2018\/10\/Canal-2.jpg?resize=300%2C207&amp;ssl=1 300w, https:\/\/i0.wp.com\/eltrabajo.cl\/portal\/wp-content\/uploads\/2018\/10\/Canal-2.jpg?resize=218%2C150&amp;ssl=1 218w, https:\/\/i0.wp.com\/eltrabajo.cl\/portal\/wp-content\/uploads\/2018\/10\/Canal-2.jpg?resize=400%2C276&amp;ssl=1 400w\" sizes=\"auto, (max-width: 580px) 100vw, 580px\" \/><figcaption id=\"caption-attachment-88685\" class=\"wp-caption-text\">El agua llegaba hasta arriba por la mugre que hab\u00eda.<\/figcaption><\/figure>\n<p>Una vez m\u00e1s los desechos depositados en los canales de regad\u00edo que cruzan la ciudad de San Felipe, provocaron el desborde de un canal y por ende la inundaci\u00f3n de la calle.<br \/>\nEsto sucedi\u00f3 ayer en la ma\u00f1ana, cuando la mugre depositada al interior de un canal que viene por la avenida Chacabuco, hizo colapsar el acueducto, provocando que la calle Portus se inundara hasta Carlos Condell. Desde esa arteria el agua lleg\u00f3 hasta Coimas donde se produjo una poza de agua.<br \/>\nPersonal de la municipalidad de San Felipe debi\u00f3 trabajar arduamente porque estaba muy atascada la mugre, lo que imped\u00eda el normal paso del agua hacia el otro lado del canal.<br \/>\nEntre la basura depositada en el canal se pudo apreciar botellas de vidrio, pl\u00e1sticos, hojas, cartones, etc.<br \/>\nEste hecho se viene a sumar al problema producido en calle Elena Arag\u00f3n de Villa El Se\u00f1orial, donde en un sif\u00f3n encontraron gran cantidad de pl\u00e1stico que entorpec\u00eda el normal paso del agua.<br \/>\nEl personal municipal que se encuentra a cargo de Mauricio Castro, debi\u00f3 trabajar arduamente para poder solucionar este problema que es muy com\u00fan en San Felipe. En otras ocasiones se ha encontrado hasta colchones.<br \/>\nEsta situaci\u00f3n en San Felipe se est\u00e1 transformando en algo muy com\u00fan, puesto que constantemente los canales se est\u00e1n desbordando, por ejemplo es muy sabido lo que sucede en la avenida O\u2019Higgins con Traslavi\u00f1a, donde continuamente se est\u00e1 saliendo el agua del canal.<br \/>\nEn todo caso no hay que descartar las hojas que pueden haber ca\u00eddo al interior del canal.<\/p>\n<figure id=\"attachment_88688\" aria-describedby=\"caption-attachment-88688\" style=\"width: 580px\" class=\"wp-caption alignnone\"><img data-recalc-dims=\"1\" loading=\"lazy\" decoding=\"async\" class=\"size-full wp-image-88688\" src=\"https:\/\/i0.wp.com\/www.eltrabajo.cl\/2017\/wp-content\/uploads\/2018\/10\/Canal.jpg?resize=580%2C399\" alt=\"Personal de la municipalidad de San Felipe trabajando arduamente para despejar el canal.\" width=\"580\" height=\"399\" srcset=\"https:\/\/i0.wp.com\/eltrabajo.cl\/portal\/wp-content\/uploads\/2018\/10\/Canal.jpg?w=580&amp;ssl=1 580w, https:\/\/i0.wp.com\/eltrabajo.cl\/portal\/wp-content\/uploads\/2018\/10\/Canal.jpg?resize=200%2C138&amp;ssl=1 200w, https:\/\/i0.wp.com\/eltrabajo.cl\/portal\/wp-content\/uploads\/2018\/10\/Canal.jpg?resize=300%2C206&amp;ssl=1 300w, https:\/\/i0.wp.com\/eltrabajo.cl\/portal\/wp-content\/uploads\/2018\/10\/Canal.jpg?resize=218%2C150&amp;ssl=1 218w, https:\/\/i0.wp.com\/eltrabajo.cl\/portal\/wp-content\/uploads\/2018\/10\/Canal.jpg?resize=400%2C275&amp;ssl=1 400w\" sizes=\"auto, (max-width: 580px) 100vw, 580px\" \/><figcaption id=\"caption-attachment-88688\" class=\"wp-caption-text\">Personal de la municipalidad de San Felipe trabajando arduamente para despejar el canal.<\/figcaption><\/figure>\n<figure id=\"attachment_88687\" aria-describedby=\"caption-attachment-88687\" style=\"width: 580px\" class=\"wp-caption alignnone\"><img data-recalc-dims=\"1\" loading=\"lazy\" decoding=\"async\" class=\"size-full wp-image-88687\" src=\"https:\/\/i0.wp.com\/www.eltrabajo.cl\/2017\/wp-content\/uploads\/2018\/10\/Canal-Portus.jpg?resize=580%2C400\" alt=\"As\u00ed de inundada estaba calle Portus ayer en la ma\u00f1ana producto de lo tapado que estaba el canal en Avenida Chacabuco.\" width=\"580\" height=\"400\" srcset=\"https:\/\/i0.wp.com\/eltrabajo.cl\/portal\/wp-content\/uploads\/2018\/10\/Canal-Portus.jpg?w=580&amp;ssl=1 580w, https:\/\/i0.wp.com\/eltrabajo.cl\/portal\/wp-content\/uploads\/2018\/10\/Canal-Portus.jpg?resize=200%2C138&amp;ssl=1 200w, https:\/\/i0.wp.com\/eltrabajo.cl\/portal\/wp-content\/uploads\/2018\/10\/Canal-Portus.jpg?resize=300%2C207&amp;ssl=1 300w, https:\/\/i0.wp.com\/eltrabajo.cl\/portal\/wp-content\/uploads\/2018\/10\/Canal-Portus.jpg?resize=218%2C150&amp;ssl=1 218w, https:\/\/i0.wp.com\/eltrabajo.cl\/portal\/wp-content\/uploads\/2018\/10\/Canal-Portus.jpg?resize=400%2C276&amp;ssl=1 400w\" sizes=\"auto, (max-width: 580px) 100vw, 580px\" \/><figcaption id=\"caption-attachment-88687\" class=\"wp-caption-text\">As\u00ed de inundada estaba calle Portus ayer en la ma\u00f1ana producto de lo tapado que estaba el canal en Avenida Chacabuco.<\/figcaption><\/figure>\n<figure id=\"attachment_88686\" aria-describedby=\"caption-attachment-88686\" style=\"width: 580px\" class=\"wp-caption alignnone\"><img data-recalc-dims=\"1\" loading=\"lazy\" decoding=\"async\" class=\"size-full wp-image-88686\" src=\"https:\/\/i0.wp.com\/www.eltrabajo.cl\/2017\/wp-content\/uploads\/2018\/10\/Canal-Pl%C3%A1stico.jpg?resize=580%2C717\" alt=\"Gran cantidad de pl\u00e1stico encontr\u00f3 el personal municipal en un sif\u00f3n de calle Elena Arag\u00f3n en Villa El Se\u00f1orial.\" width=\"580\" height=\"717\" srcset=\"https:\/\/i0.wp.com\/eltrabajo.cl\/portal\/wp-content\/uploads\/2018\/10\/Canal-Pl%C3%A1stico.jpg?w=580&amp;ssl=1 580w, https:\/\/i0.wp.com\/eltrabajo.cl\/portal\/wp-content\/uploads\/2018\/10\/Canal-Pl%C3%A1stico.jpg?resize=121%2C150&amp;ssl=1 121w, https:\/\/i0.wp.com\/eltrabajo.cl\/portal\/wp-content\/uploads\/2018\/10\/Canal-Pl%C3%A1stico.jpg?resize=243%2C300&amp;ssl=1 243w, https:\/\/i0.wp.com\/eltrabajo.cl\/portal\/wp-content\/uploads\/2018\/10\/Canal-Pl%C3%A1stico.jpg?resize=400%2C494&amp;ssl=1 400w\" sizes=\"auto, (max-width: 580px) 100vw, 580px\" \/><figcaption id=\"caption-attachment-88686\" class=\"wp-caption-text\">Gran cantidad de pl\u00e1stico encontr\u00f3 el personal municipal en un sif\u00f3n de calle Elena Arag\u00f3n en Villa El Se\u00f1orial.<\/figcaption><\/figure>\n","protected":false},"excerpt":{"rendered":"<p>Una vez m\u00e1s los desechos depositados en los canales de regad\u00edo que cruzan la ciudad de San Felipe, provocaron el desborde de un canal y por ende la inundaci\u00f3n de la calle&#8230;.<\/p>\n","protected":false},"author":1,"featured_media":88687,"comment_status":"open","ping_status":"open","sticky":false,"template":"","format":"standard","meta":{"advanced_seo_description":"","jetpack_seo_html_title":"","jetpack_seo_noindex":false,"_jetpack_memberships_contains_paid_content":false,"footnotes":""},"categories":[1],"tags":[],"class_list":["post-88684","post","type-post","status-publish","format-standard","has-post-thumbnail","hentry","category-cronica"],"jetpack_featured_media_url":"https:\/\/i0.wp.com\/eltrabajo.cl\/portal\/wp-content\/uploads\/2018\/10\/Canal-Portus.jpg?fit=580%2C400&ssl=1","jetpack_sharing_enabled":true,"jetpack_likes_enabled":true,"jetpack-related-posts":[],"_links":{"self":[{"href":"https:\/\/eltrabajo.cl\/portal\/wp-json\/wp\/v2\/posts\/88684","targetHints":{"allow":["GET"]}}],"collection":[{"href":"https:\/\/eltrabajo.cl\/portal\/wp-json\/wp\/v2\/posts"}],"about":[{"href":"https:\/\/eltrabajo.cl\/portal\/wp-json\/wp\/v2\/types\/post"}],"author":[{"embeddable":true,"href":"https:\/\/eltrabajo.cl\/portal\/wp-json\/wp\/v2\/users\/1"}],"replies":[{"embeddable":true,"href":"https:\/\/eltrabajo.cl\/portal\/wp-json\/wp\/v2\/comments?post=88684"}],"version-history":[{"count":0,"href":"https:\/\/eltrabajo.cl\/portal\/wp-json\/wp\/v2\/posts\/88684\/revisions"}],"wp:featuredmedia":[{"embeddable":true,"href":"https:\/\/eltrabajo.cl\/portal\/wp-json\/wp\/v2\/media\/88687"}],"wp:attachment":[{"href":"https:\/\/eltrabajo.cl\/portal\/wp-json\/wp\/v2\/media?parent=88684"}],"wp:term":[{"taxonomy":"category","embeddable":true,"href":"https:\/\/eltrabajo.cl\/portal\/wp-json\/wp\/v2\/categories?post=88684"},{"taxonomy":"post_tag","embeddable":true,"href":"https:\/\/eltrabajo.cl\/portal\/wp-json\/wp\/v2\/tags?post=88684"}],"curies":[{"name":"wp","href":"https:\/\/api.w.org\/{rel}","templated":true}]}}