{"id":88698,"date":"2018-10-16T07:30:31","date_gmt":"2018-10-16T11:30:31","guid":{"rendered":"http:\/\/www.eltrabajo.cl\/2017\/?p=88698"},"modified":"2018-10-16T07:30:31","modified_gmt":"2018-10-16T11:30:31","slug":"yudocas-del-jita-kyoei-de-vina-ganan-copa-de-judo-diario-el-trabajo","status":"publish","type":"post","link":"https:\/\/eltrabajo.cl\/portal\/yudocas-del-jita-kyoei-de-vina-ganan-copa-de-judo-diario-el-trabajo\/","title":{"rendered":"Yudocas del Jita Kyoei, de Vi\u00f1a, ganan Copa de Judo \u2018Diario El Trabajo\u2019"},"content":{"rendered":"<figure id=\"attachment_88704\" aria-describedby=\"caption-attachment-88704\" style=\"width: 580px\" class=\"wp-caption alignnone\"><img data-recalc-dims=\"1\" loading=\"lazy\" decoding=\"async\" class=\"size-full wp-image-88704\" src=\"https:\/\/i0.wp.com\/www.eltrabajo.cl\/2017\/wp-content\/uploads\/2018\/10\/Judo4.jpg?resize=580%2C399\" alt=\"FUERZA YUDOCA.- Yudocas de varias partes del pa\u00eds se dieron cita en el gimnasio de Curim\u00f3n para disputar el Torneo Abierto de Judo Diario El Trabajo 2018.\" width=\"580\" height=\"399\" srcset=\"https:\/\/i0.wp.com\/eltrabajo.cl\/portal\/wp-content\/uploads\/2018\/10\/Judo4.jpg?w=580&amp;ssl=1 580w, https:\/\/i0.wp.com\/eltrabajo.cl\/portal\/wp-content\/uploads\/2018\/10\/Judo4.jpg?resize=200%2C138&amp;ssl=1 200w, https:\/\/i0.wp.com\/eltrabajo.cl\/portal\/wp-content\/uploads\/2018\/10\/Judo4.jpg?resize=300%2C206&amp;ssl=1 300w, https:\/\/i0.wp.com\/eltrabajo.cl\/portal\/wp-content\/uploads\/2018\/10\/Judo4.jpg?resize=218%2C150&amp;ssl=1 218w, https:\/\/i0.wp.com\/eltrabajo.cl\/portal\/wp-content\/uploads\/2018\/10\/Judo4.jpg?resize=400%2C275&amp;ssl=1 400w\" sizes=\"auto, (max-width: 580px) 100vw, 580px\" \/><figcaption id=\"caption-attachment-88704\" class=\"wp-caption-text\">FUERZA YUDOCA.- Yudocas de varias partes del pa\u00eds se dieron cita en el gimnasio de Curim\u00f3n para disputar el Torneo Abierto de Judo Diario El Trabajo 2018.<\/figcaption><\/figure>\n<p><span style=\"color: #ff0000;\"><strong>Organizadores Assunta Pallota conquistan el segundo lugar:<\/strong><\/span><\/p>\n<p>S\u00f3lida, concurrida y muy explosiva fue la jornada deportiva que se desarroll\u00f3 este s\u00e1bado en el gimnasio de Curim\u00f3n, durante el Torneo Abierto de Judo Diario El Trabajo, campeonato nacional de Artes Marciales desarrollado por el Colegio Assunta Pallota y certificado por la Federaci\u00f3n de Judo de Chile.<br \/>\nFue una jornada a la que desde la tarde del jueves fueron llegando los distintos clubes participantes de varias zonas de Chile, entre ellos los clubes Jaime Charles, de El Tabo; Club Musashi; Anclas Cruzadas, Jita Kyoei; Club Vi\u00f1a del Mar; Club Valpara\u00edso; Club Assunta Pallota; Club Banzai y Club Hermanos Bascur entre otros.<br \/>\nLlegaron yudocas de todas las edades, varones y damas, cada uno de los participantes con muchas ganas de entrar al medallaje protagonista, tambi\u00e9n por clubes se disputaron el t\u00edtulo en este campeonato, mismo que cont\u00f3 con todo el apoyo de las barras de cada club en disputa.<\/p>\n<p><span style=\"color: #ff0000;\"><strong>TENEMOS CAMPE\u00d3N<\/strong><\/span><br \/>\nEl Premio al Esp\u00edritu de la jornada fue para el deportista Javier D\u00edaz, de Club Banzai; en la categor\u00eda Mejor t\u00e9cnica varones fue premiado Javier Marchant, y en Damas a Nicole Galaz. Este electrizante cap\u00edtulo del Judo finalmente tuvo un equipo campe\u00f3n, Club Jita Kyoei, de Vi\u00f1a del Mar, ellos son los campeones del Torneo Abierto de Judo Diario El Trabajo 2018. El tercer lugar fue para el Club Jaime Charles, y el segundo lugar Club Assunta Pallota.<br \/>\nDiario El Trabajo habl\u00f3 con la directora del Assunta Pallota, Silvia Pedernera, quien al final de la jornada nos coment\u00f3 que \u00abfue una jornada de mucho combate, los chicos estuvieron m\u00e1s que motivados con este campeonato nacional de Judo, por nuestro colegio participaron cerca de trece yudocas con muchas ganas de aprender, demostrar lo aprendido y quedarse tambi\u00e9n con el t\u00edtulo de la Copa Diario El Trabajo, aunque lograron el segundo lugar, de igual manera estamos muy contentos por ese logro, fueron muchas escuelas de Judo las convocadas, tambi\u00e9n destacar el arbitraje de primer nivel con el que contamos, incluso \u00e1rbitros de talla mundial llegaron a certificar nuestro trabajo (\u2026) en cuanto a nuestros chicos, ellos entrenan cinco d\u00edas a la semana, ha sido un trabajo muy fuerte, y en esta Copa Diario El Trabajo los yudocas del Valle de Aconcagua lograron demostrar todas las destrezas que han desarrollado en este tiempo\u00bb, dijo Pedernera.<\/p>\n<p><span style=\"color: #ff0000;\"><strong>GRAN ARBITRAJE<\/strong><\/span><br \/>\nDel arbitraje s\u00f3lo buenas apreciaciones hubo durante los combates, nuestro medio habl\u00f3 con Manuel Jara Irrazabal, director nacional de arbitraje de la Federaci\u00f3n de Judo de Chile, quien nos ampli\u00f3 diciendo que \u00abla verdad es que la jornada fue muy intensa, un muy buen nivel de los deportistas para ser Novicios, destacar tambi\u00e9n al Colegio Assunta Pallota ha tomado esta importante iniciativa de apostar por el desarrollo del Judo en la V Regi\u00f3n Interior, hemos puesto todo nuestro esfuerzo en apoyar esta gesti\u00f3n, ya que el Judo es un deporte de dif\u00edcil pr\u00e1ctica, no es tan popular en la Zona Cordillera como s\u00ed lo es en el resto del pa\u00eds, buscamos tambi\u00e9n seguir apoyando al Colegio, con miras a crear un centro deportivo a nivel escolar infantil para posicionar a la V Regi\u00f3n en todos sus aspectos en lo deportivo para llegar a ser una potencia deportiva en nuestro pa\u00eds\u00bb, coment\u00f3 Jara.<br \/>\n<strong>Roberto Gonz\u00e1lez Short<\/strong><\/p>\n<figure id=\"attachment_88701\" aria-describedby=\"caption-attachment-88701\" style=\"width: 580px\" class=\"wp-caption alignnone\"><img data-recalc-dims=\"1\" loading=\"lazy\" decoding=\"async\" class=\"size-full wp-image-88701\" src=\"https:\/\/i0.wp.com\/www.eltrabajo.cl\/2017\/wp-content\/uploads\/2018\/10\/Judo1.jpg?resize=580%2C400\" alt=\"LOS CAMPEONES.- Aqu\u00ed est\u00e1n los yudocas con el primer lugar del Torneo Abierto de Judo Diario El Trabajo 2018: Club Jita Kyoei, de Vi\u00f1a del Mar.\" width=\"580\" height=\"400\" srcset=\"https:\/\/i0.wp.com\/eltrabajo.cl\/portal\/wp-content\/uploads\/2018\/10\/Judo1.jpg?w=580&amp;ssl=1 580w, https:\/\/i0.wp.com\/eltrabajo.cl\/portal\/wp-content\/uploads\/2018\/10\/Judo1.jpg?resize=200%2C138&amp;ssl=1 200w, https:\/\/i0.wp.com\/eltrabajo.cl\/portal\/wp-content\/uploads\/2018\/10\/Judo1.jpg?resize=300%2C207&amp;ssl=1 300w, https:\/\/i0.wp.com\/eltrabajo.cl\/portal\/wp-content\/uploads\/2018\/10\/Judo1.jpg?resize=218%2C150&amp;ssl=1 218w, https:\/\/i0.wp.com\/eltrabajo.cl\/portal\/wp-content\/uploads\/2018\/10\/Judo1.jpg?resize=400%2C276&amp;ssl=1 400w\" sizes=\"auto, (max-width: 580px) 100vw, 580px\" \/><figcaption id=\"caption-attachment-88701\" class=\"wp-caption-text\">LOS CAMPEONES.- Aqu\u00ed est\u00e1n los yudocas con el primer lugar del Torneo Abierto de Judo Diario El Trabajo 2018: Club Jita Kyoei, de Vi\u00f1a del Mar.<\/figcaption><\/figure>\n<figure id=\"attachment_88702\" aria-describedby=\"caption-attachment-88702\" style=\"width: 580px\" class=\"wp-caption alignnone\"><img data-recalc-dims=\"1\" loading=\"lazy\" decoding=\"async\" class=\"size-full wp-image-88702\" src=\"https:\/\/i0.wp.com\/www.eltrabajo.cl\/2017\/wp-content\/uploads\/2018\/10\/Judo2.jpg?resize=580%2C399\" alt=\"APOYO TOTAL.- Las barras de cada club participantes apoyaron a sus muchachos, cada quien ten\u00eda a sus favoritos y en general todos disfrutaron de la jornada.\" width=\"580\" height=\"399\" srcset=\"https:\/\/i0.wp.com\/eltrabajo.cl\/portal\/wp-content\/uploads\/2018\/10\/Judo2.jpg?w=580&amp;ssl=1 580w, https:\/\/i0.wp.com\/eltrabajo.cl\/portal\/wp-content\/uploads\/2018\/10\/Judo2.jpg?resize=200%2C138&amp;ssl=1 200w, https:\/\/i0.wp.com\/eltrabajo.cl\/portal\/wp-content\/uploads\/2018\/10\/Judo2.jpg?resize=300%2C206&amp;ssl=1 300w, https:\/\/i0.wp.com\/eltrabajo.cl\/portal\/wp-content\/uploads\/2018\/10\/Judo2.jpg?resize=218%2C150&amp;ssl=1 218w, https:\/\/i0.wp.com\/eltrabajo.cl\/portal\/wp-content\/uploads\/2018\/10\/Judo2.jpg?resize=400%2C275&amp;ssl=1 400w\" sizes=\"auto, (max-width: 580px) 100vw, 580px\" \/><figcaption id=\"caption-attachment-88702\" class=\"wp-caption-text\">APOYO TOTAL.- Las barras de cada club participantes apoyaron a sus muchachos, cada quien ten\u00eda a sus favoritos y en general todos disfrutaron de la jornada.<\/figcaption><\/figure>\n<figure id=\"attachment_88703\" aria-describedby=\"caption-attachment-88703\" style=\"width: 580px\" class=\"wp-caption alignnone\"><img data-recalc-dims=\"1\" loading=\"lazy\" decoding=\"async\" class=\"size-full wp-image-88703\" src=\"https:\/\/i0.wp.com\/www.eltrabajo.cl\/2017\/wp-content\/uploads\/2018\/10\/Judo3.jpg?resize=580%2C399\" alt=\"TORNEO OFICIAL.- Este torneo fue certificado por la Federaci\u00f3n de Judo de Chile, la que dispuso de varios \u00e1rbitros nacionales e internacionales al arbitraje de la jornada.\" width=\"580\" height=\"399\" srcset=\"https:\/\/i0.wp.com\/eltrabajo.cl\/portal\/wp-content\/uploads\/2018\/10\/Judo3.jpg?w=580&amp;ssl=1 580w, https:\/\/i0.wp.com\/eltrabajo.cl\/portal\/wp-content\/uploads\/2018\/10\/Judo3.jpg?resize=200%2C138&amp;ssl=1 200w, https:\/\/i0.wp.com\/eltrabajo.cl\/portal\/wp-content\/uploads\/2018\/10\/Judo3.jpg?resize=300%2C206&amp;ssl=1 300w, https:\/\/i0.wp.com\/eltrabajo.cl\/portal\/wp-content\/uploads\/2018\/10\/Judo3.jpg?resize=218%2C150&amp;ssl=1 218w, https:\/\/i0.wp.com\/eltrabajo.cl\/portal\/wp-content\/uploads\/2018\/10\/Judo3.jpg?resize=400%2C275&amp;ssl=1 400w\" sizes=\"auto, (max-width: 580px) 100vw, 580px\" \/><figcaption id=\"caption-attachment-88703\" class=\"wp-caption-text\">TORNEO OFICIAL.- Este torneo fue certificado por la Federaci\u00f3n de Judo de Chile, la que dispuso de varios \u00e1rbitros nacionales e internacionales al arbitraje de la jornada.<\/figcaption><\/figure>\n<figure id=\"attachment_88705\" aria-describedby=\"caption-attachment-88705\" style=\"width: 580px\" class=\"wp-caption alignnone\"><img data-recalc-dims=\"1\" loading=\"lazy\" decoding=\"async\" class=\"size-full wp-image-88705\" src=\"https:\/\/i0.wp.com\/www.eltrabajo.cl\/2017\/wp-content\/uploads\/2018\/10\/Judo5.jpg?resize=580%2C399\" alt=\"MEDALLAJE.- Cada deportista finalmente recibi\u00f3 su medalla al m\u00e9rito por los puntos ganados durante el torneo.\" width=\"580\" height=\"399\" srcset=\"https:\/\/i0.wp.com\/eltrabajo.cl\/portal\/wp-content\/uploads\/2018\/10\/Judo5.jpg?w=580&amp;ssl=1 580w, https:\/\/i0.wp.com\/eltrabajo.cl\/portal\/wp-content\/uploads\/2018\/10\/Judo5.jpg?resize=200%2C138&amp;ssl=1 200w, https:\/\/i0.wp.com\/eltrabajo.cl\/portal\/wp-content\/uploads\/2018\/10\/Judo5.jpg?resize=300%2C206&amp;ssl=1 300w, https:\/\/i0.wp.com\/eltrabajo.cl\/portal\/wp-content\/uploads\/2018\/10\/Judo5.jpg?resize=218%2C150&amp;ssl=1 218w, https:\/\/i0.wp.com\/eltrabajo.cl\/portal\/wp-content\/uploads\/2018\/10\/Judo5.jpg?resize=400%2C275&amp;ssl=1 400w\" sizes=\"auto, (max-width: 580px) 100vw, 580px\" \/><figcaption id=\"caption-attachment-88705\" class=\"wp-caption-text\">MEDALLAJE.- Cada deportista finalmente recibi\u00f3 su medalla al m\u00e9rito por los puntos ganados durante el torneo.<\/figcaption><\/figure>\n<figure id=\"attachment_88706\" aria-describedby=\"caption-attachment-88706\" style=\"width: 580px\" class=\"wp-caption alignnone\"><img data-recalc-dims=\"1\" loading=\"lazy\" decoding=\"async\" class=\"size-full wp-image-88706\" src=\"https:\/\/i0.wp.com\/www.eltrabajo.cl\/2017\/wp-content\/uploads\/2018\/10\/Judo6.jpg?resize=580%2C399\" alt=\"DURA JORNADA.- Cada uno de estos yudocas debi\u00f3 emplearse a fondo para llegar a recibir esta medalla, pues sus adversarios eran tan buenos como ellos.\" width=\"580\" height=\"399\" srcset=\"https:\/\/i0.wp.com\/eltrabajo.cl\/portal\/wp-content\/uploads\/2018\/10\/Judo6.jpg?w=580&amp;ssl=1 580w, https:\/\/i0.wp.com\/eltrabajo.cl\/portal\/wp-content\/uploads\/2018\/10\/Judo6.jpg?resize=200%2C138&amp;ssl=1 200w, https:\/\/i0.wp.com\/eltrabajo.cl\/portal\/wp-content\/uploads\/2018\/10\/Judo6.jpg?resize=300%2C206&amp;ssl=1 300w, https:\/\/i0.wp.com\/eltrabajo.cl\/portal\/wp-content\/uploads\/2018\/10\/Judo6.jpg?resize=218%2C150&amp;ssl=1 218w, https:\/\/i0.wp.com\/eltrabajo.cl\/portal\/wp-content\/uploads\/2018\/10\/Judo6.jpg?resize=400%2C275&amp;ssl=1 400w\" sizes=\"auto, (max-width: 580px) 100vw, 580px\" \/><figcaption id=\"caption-attachment-88706\" class=\"wp-caption-text\">DURA JORNADA.- Cada uno de estos yudocas debi\u00f3 emplearse a fondo para llegar a recibir esta medalla, pues sus adversarios eran tan buenos como ellos.<\/figcaption><\/figure>\n<figure id=\"attachment_88707\" aria-describedby=\"caption-attachment-88707\" style=\"width: 580px\" class=\"wp-caption alignnone\"><img data-recalc-dims=\"1\" loading=\"lazy\" decoding=\"async\" class=\"size-full wp-image-88707\" src=\"https:\/\/i0.wp.com\/www.eltrabajo.cl\/2017\/wp-content\/uploads\/2018\/10\/Judo7.jpg?resize=580%2C399\" alt=\"ESTO ES JUDO.- Esta gr\u00e1fica no miente, gotas de sudor y dolor muscular es el costo del triunfo.\" width=\"580\" height=\"399\" srcset=\"https:\/\/i0.wp.com\/eltrabajo.cl\/portal\/wp-content\/uploads\/2018\/10\/Judo7.jpg?w=580&amp;ssl=1 580w, https:\/\/i0.wp.com\/eltrabajo.cl\/portal\/wp-content\/uploads\/2018\/10\/Judo7.jpg?resize=200%2C138&amp;ssl=1 200w, https:\/\/i0.wp.com\/eltrabajo.cl\/portal\/wp-content\/uploads\/2018\/10\/Judo7.jpg?resize=300%2C206&amp;ssl=1 300w, https:\/\/i0.wp.com\/eltrabajo.cl\/portal\/wp-content\/uploads\/2018\/10\/Judo7.jpg?resize=218%2C150&amp;ssl=1 218w, https:\/\/i0.wp.com\/eltrabajo.cl\/portal\/wp-content\/uploads\/2018\/10\/Judo7.jpg?resize=400%2C275&amp;ssl=1 400w\" sizes=\"auto, (max-width: 580px) 100vw, 580px\" \/><figcaption id=\"caption-attachment-88707\" class=\"wp-caption-text\">ESTO ES JUDO.- Esta gr\u00e1fica no miente, gotas de sudor y dolor muscular es el costo del triunfo.<\/figcaption><\/figure>\n<figure id=\"attachment_88708\" aria-describedby=\"caption-attachment-88708\" style=\"width: 580px\" class=\"wp-caption alignnone\"><img data-recalc-dims=\"1\" loading=\"lazy\" decoding=\"async\" class=\"size-full wp-image-88708\" src=\"https:\/\/i0.wp.com\/www.eltrabajo.cl\/2017\/wp-content\/uploads\/2018\/10\/Judo8.jpg?resize=580%2C400\" alt=\"COPA CONMEMORATIVA.- Tambi\u00e9n la directora del Colegio Assunta Pallota, Silvia Pedernera, hizo entrega de una copa conmemorativa a Diario El Trabajo, la recibi\u00f3 Roberto Gonz\u00e1lez a nombre de nuestro medio.\" width=\"580\" height=\"400\" srcset=\"https:\/\/i0.wp.com\/eltrabajo.cl\/portal\/wp-content\/uploads\/2018\/10\/Judo8.jpg?w=580&amp;ssl=1 580w, https:\/\/i0.wp.com\/eltrabajo.cl\/portal\/wp-content\/uploads\/2018\/10\/Judo8.jpg?resize=200%2C138&amp;ssl=1 200w, https:\/\/i0.wp.com\/eltrabajo.cl\/portal\/wp-content\/uploads\/2018\/10\/Judo8.jpg?resize=300%2C207&amp;ssl=1 300w, https:\/\/i0.wp.com\/eltrabajo.cl\/portal\/wp-content\/uploads\/2018\/10\/Judo8.jpg?resize=218%2C150&amp;ssl=1 218w, https:\/\/i0.wp.com\/eltrabajo.cl\/portal\/wp-content\/uploads\/2018\/10\/Judo8.jpg?resize=400%2C276&amp;ssl=1 400w\" sizes=\"auto, (max-width: 580px) 100vw, 580px\" \/><figcaption id=\"caption-attachment-88708\" class=\"wp-caption-text\">COPA CONMEMORATIVA.- Tambi\u00e9n la directora del Colegio Assunta Pallota, Silvia Pedernera, hizo entrega de una copa conmemorativa a Diario El Trabajo, la recibi\u00f3 Roberto Gonz\u00e1lez a nombre de nuestro medio.<\/figcaption><\/figure>\n<figure id=\"attachment_88709\" aria-describedby=\"caption-attachment-88709\" style=\"width: 580px\" class=\"wp-caption alignnone\"><img data-recalc-dims=\"1\" loading=\"lazy\" decoding=\"async\" class=\"size-full wp-image-88709\" src=\"https:\/\/i0.wp.com\/www.eltrabajo.cl\/2017\/wp-content\/uploads\/2018\/10\/Judo9.jpg?resize=580%2C399\" alt=\"GUERRERAS DEL JUDO.- Las chicas tambi\u00e9n fueron protagonistas en este colosal torneo de Judo, aqu\u00ed, tres de las mejores de la jornada.\" width=\"580\" height=\"399\" srcset=\"https:\/\/i0.wp.com\/eltrabajo.cl\/portal\/wp-content\/uploads\/2018\/10\/Judo9.jpg?w=580&amp;ssl=1 580w, https:\/\/i0.wp.com\/eltrabajo.cl\/portal\/wp-content\/uploads\/2018\/10\/Judo9.jpg?resize=200%2C138&amp;ssl=1 200w, https:\/\/i0.wp.com\/eltrabajo.cl\/portal\/wp-content\/uploads\/2018\/10\/Judo9.jpg?resize=300%2C206&amp;ssl=1 300w, https:\/\/i0.wp.com\/eltrabajo.cl\/portal\/wp-content\/uploads\/2018\/10\/Judo9.jpg?resize=218%2C150&amp;ssl=1 218w, https:\/\/i0.wp.com\/eltrabajo.cl\/portal\/wp-content\/uploads\/2018\/10\/Judo9.jpg?resize=400%2C275&amp;ssl=1 400w\" sizes=\"auto, (max-width: 580px) 100vw, 580px\" \/><figcaption id=\"caption-attachment-88709\" class=\"wp-caption-text\">GUERRERAS DEL JUDO.- Las chicas tambi\u00e9n fueron protagonistas en este colosal torneo de Judo, aqu\u00ed, tres de las mejores de la jornada.<\/figcaption><\/figure>\n<figure id=\"attachment_88710\" aria-describedby=\"caption-attachment-88710\" style=\"width: 580px\" class=\"wp-caption alignnone\"><img data-recalc-dims=\"1\" loading=\"lazy\" decoding=\"async\" class=\"size-full wp-image-88710\" src=\"https:\/\/i0.wp.com\/www.eltrabajo.cl\/2017\/wp-content\/uploads\/2018\/10\/Judo10.jpg?resize=580%2C398\" alt=\"ALMA DE CAMPEONES.- Aqu\u00ed tenemos a varios yudocas del Assunta Pallota, siendo tambi\u00e9n premiados por su puntaje en el torneo.\" width=\"580\" height=\"398\" srcset=\"https:\/\/i0.wp.com\/eltrabajo.cl\/portal\/wp-content\/uploads\/2018\/10\/Judo10.jpg?w=580&amp;ssl=1 580w, https:\/\/i0.wp.com\/eltrabajo.cl\/portal\/wp-content\/uploads\/2018\/10\/Judo10.jpg?resize=200%2C137&amp;ssl=1 200w, https:\/\/i0.wp.com\/eltrabajo.cl\/portal\/wp-content\/uploads\/2018\/10\/Judo10.jpg?resize=300%2C206&amp;ssl=1 300w, https:\/\/i0.wp.com\/eltrabajo.cl\/portal\/wp-content\/uploads\/2018\/10\/Judo10.jpg?resize=219%2C150&amp;ssl=1 219w, https:\/\/i0.wp.com\/eltrabajo.cl\/portal\/wp-content\/uploads\/2018\/10\/Judo10.jpg?resize=400%2C274&amp;ssl=1 400w\" sizes=\"auto, (max-width: 580px) 100vw, 580px\" \/><figcaption id=\"caption-attachment-88710\" class=\"wp-caption-text\">ALMA DE CAMPEONES.- Aqu\u00ed tenemos a varios yudocas del Assunta Pallota, siendo tambi\u00e9n premiados por su puntaje en el torneo.<\/figcaption><\/figure>\n<figure id=\"attachment_88699\" aria-describedby=\"caption-attachment-88699\" style=\"width: 580px\" class=\"wp-caption alignnone\"><img data-recalc-dims=\"1\" loading=\"lazy\" decoding=\"async\" class=\"size-full wp-image-88699\" src=\"https:\/\/i0.wp.com\/www.eltrabajo.cl\/2017\/wp-content\/uploads\/2018\/10\/Judo_Manuel-Jara.jpg?resize=580%2C399\" alt=\"Manuel Jara Irrazabal, director nacional de arbitraje Federaci\u00f3n de Judo de Chile.\" width=\"580\" height=\"399\" srcset=\"https:\/\/i0.wp.com\/eltrabajo.cl\/portal\/wp-content\/uploads\/2018\/10\/Judo_Manuel-Jara.jpg?w=580&amp;ssl=1 580w, https:\/\/i0.wp.com\/eltrabajo.cl\/portal\/wp-content\/uploads\/2018\/10\/Judo_Manuel-Jara.jpg?resize=200%2C138&amp;ssl=1 200w, https:\/\/i0.wp.com\/eltrabajo.cl\/portal\/wp-content\/uploads\/2018\/10\/Judo_Manuel-Jara.jpg?resize=300%2C206&amp;ssl=1 300w, https:\/\/i0.wp.com\/eltrabajo.cl\/portal\/wp-content\/uploads\/2018\/10\/Judo_Manuel-Jara.jpg?resize=218%2C150&amp;ssl=1 218w, https:\/\/i0.wp.com\/eltrabajo.cl\/portal\/wp-content\/uploads\/2018\/10\/Judo_Manuel-Jara.jpg?resize=400%2C275&amp;ssl=1 400w\" sizes=\"auto, (max-width: 580px) 100vw, 580px\" \/><figcaption id=\"caption-attachment-88699\" class=\"wp-caption-text\">Manuel Jara Irrazabal, director nacional de arbitraje Federaci\u00f3n de Judo de Chile.<\/figcaption><\/figure>\n<figure id=\"attachment_88700\" aria-describedby=\"caption-attachment-88700\" style=\"width: 580px\" class=\"wp-caption alignnone\"><img data-recalc-dims=\"1\" loading=\"lazy\" decoding=\"async\" class=\"size-full wp-image-88700\" src=\"https:\/\/i0.wp.com\/www.eltrabajo.cl\/2017\/wp-content\/uploads\/2018\/10\/Judo_Silvia-Pedernera.jpg?resize=580%2C399\" alt=\"Silvia Pedernera, directora del Colegio Assunta Pallota.\" width=\"580\" height=\"399\" srcset=\"https:\/\/i0.wp.com\/eltrabajo.cl\/portal\/wp-content\/uploads\/2018\/10\/Judo_Silvia-Pedernera.jpg?w=580&amp;ssl=1 580w, https:\/\/i0.wp.com\/eltrabajo.cl\/portal\/wp-content\/uploads\/2018\/10\/Judo_Silvia-Pedernera.jpg?resize=200%2C138&amp;ssl=1 200w, https:\/\/i0.wp.com\/eltrabajo.cl\/portal\/wp-content\/uploads\/2018\/10\/Judo_Silvia-Pedernera.jpg?resize=300%2C206&amp;ssl=1 300w, https:\/\/i0.wp.com\/eltrabajo.cl\/portal\/wp-content\/uploads\/2018\/10\/Judo_Silvia-Pedernera.jpg?resize=218%2C150&amp;ssl=1 218w, https:\/\/i0.wp.com\/eltrabajo.cl\/portal\/wp-content\/uploads\/2018\/10\/Judo_Silvia-Pedernera.jpg?resize=400%2C275&amp;ssl=1 400w\" sizes=\"auto, (max-width: 580px) 100vw, 580px\" \/><figcaption id=\"caption-attachment-88700\" class=\"wp-caption-text\">Silvia Pedernera, directora del Colegio Assunta Pallota.<\/figcaption><\/figure>\n","protected":false},"excerpt":{"rendered":"<p>Organizadores Assunta Pallota conquistan el segundo lugar: S\u00f3lida, concurrida y muy explosiva fue la jornada deportiva que se desarroll\u00f3 este s\u00e1bado en el gimnasio de Curim\u00f3n, durante el Torneo Abierto de Judo&#8230;<\/p>\n","protected":false},"author":1,"featured_media":88701,"comment_status":"open","ping_status":"open","sticky":false,"template":"","format":"standard","meta":{"advanced_seo_description":"","jetpack_seo_html_title":"","jetpack_seo_noindex":false,"_jetpack_memberships_contains_paid_content":false,"footnotes":""},"categories":[15],"tags":[],"class_list":["post-88698","post","type-post","status-publish","format-standard","has-post-thumbnail","hentry","category-comunidad"],"jetpack_featured_media_url":"https:\/\/i0.wp.com\/eltrabajo.cl\/portal\/wp-content\/uploads\/2018\/10\/Judo1.jpg?fit=580%2C400&ssl=1","jetpack_sharing_enabled":true,"jetpack_likes_enabled":true,"jetpack-related-posts":[],"_links":{"self":[{"href":"https:\/\/eltrabajo.cl\/portal\/wp-json\/wp\/v2\/posts\/88698","targetHints":{"allow":["GET"]}}],"collection":[{"href":"https:\/\/eltrabajo.cl\/portal\/wp-json\/wp\/v2\/posts"}],"about":[{"href":"https:\/\/eltrabajo.cl\/portal\/wp-json\/wp\/v2\/types\/post"}],"author":[{"embeddable":true,"href":"https:\/\/eltrabajo.cl\/portal\/wp-json\/wp\/v2\/users\/1"}],"replies":[{"embeddable":true,"href":"https:\/\/eltrabajo.cl\/portal\/wp-json\/wp\/v2\/comments?post=88698"}],"version-history":[{"count":0,"href":"https:\/\/eltrabajo.cl\/portal\/wp-json\/wp\/v2\/posts\/88698\/revisions"}],"wp:featuredmedia":[{"embeddable":true,"href":"https:\/\/eltrabajo.cl\/portal\/wp-json\/wp\/v2\/media\/88701"}],"wp:attachment":[{"href":"https:\/\/eltrabajo.cl\/portal\/wp-json\/wp\/v2\/media?parent=88698"}],"wp:term":[{"taxonomy":"category","embeddable":true,"href":"https:\/\/eltrabajo.cl\/portal\/wp-json\/wp\/v2\/categories?post=88698"},{"taxonomy":"post_tag","embeddable":true,"href":"https:\/\/eltrabajo.cl\/portal\/wp-json\/wp\/v2\/tags?post=88698"}],"curies":[{"name":"wp","href":"https:\/\/api.w.org\/{rel}","templated":true}]}}