{"id":88725,"date":"2018-10-16T07:28:13","date_gmt":"2018-10-16T11:28:13","guid":{"rendered":"http:\/\/www.eltrabajo.cl\/2017\/?p=88725"},"modified":"2018-10-16T07:28:13","modified_gmt":"2018-10-16T11:28:13","slug":"dan-a-conocer-historico-acuerdo-sobre-rio-aconcagua-por-escasez-hidrica","status":"publish","type":"post","link":"https:\/\/eltrabajo.cl\/portal\/dan-a-conocer-historico-acuerdo-sobre-rio-aconcagua-por-escasez-hidrica\/","title":{"rendered":"Dan a conocer hist\u00f3rico acuerdo sobre R\u00edo Aconcagua por escasez h\u00eddrica"},"content":{"rendered":"<figure id=\"attachment_88726\" aria-describedby=\"caption-attachment-88726\" style=\"width: 580px\" class=\"wp-caption alignnone\"><img data-recalc-dims=\"1\" loading=\"lazy\" decoding=\"async\" class=\"size-full wp-image-88726\" src=\"https:\/\/i0.wp.com\/www.eltrabajo.cl\/2017\/wp-content\/uploads\/2018\/10\/Acuerdo2.jpg?resize=580%2C398\" alt=\"En el acuerdo participaron el senador Francisco Chahu\u00e1n, los diputados Camila Flores y Luis Pardo, Ricardo Arizt\u00eda, presidente del SNA, representantes de las juntas de vigilancia, regantes y agricultores del Valle de Aconcagua, gobernadores de la provincia de San Felipe, alcaldes de la zona.\" width=\"580\" height=\"398\" srcset=\"https:\/\/i0.wp.com\/eltrabajo.cl\/portal\/wp-content\/uploads\/2018\/10\/Acuerdo2.jpg?w=580&amp;ssl=1 580w, https:\/\/i0.wp.com\/eltrabajo.cl\/portal\/wp-content\/uploads\/2018\/10\/Acuerdo2.jpg?resize=200%2C137&amp;ssl=1 200w, https:\/\/i0.wp.com\/eltrabajo.cl\/portal\/wp-content\/uploads\/2018\/10\/Acuerdo2.jpg?resize=300%2C206&amp;ssl=1 300w, https:\/\/i0.wp.com\/eltrabajo.cl\/portal\/wp-content\/uploads\/2018\/10\/Acuerdo2.jpg?resize=219%2C150&amp;ssl=1 219w, https:\/\/i0.wp.com\/eltrabajo.cl\/portal\/wp-content\/uploads\/2018\/10\/Acuerdo2.jpg?resize=400%2C274&amp;ssl=1 400w\" sizes=\"auto, (max-width: 580px) 100vw, 580px\" \/><figcaption id=\"caption-attachment-88726\" class=\"wp-caption-text\">En el acuerdo participaron el senador Francisco Chahu\u00e1n, los diputados Camila Flores y Luis Pardo, Ricardo Arizt\u00eda, presidente del SNA, representantes de las juntas de vigilancia, regantes y agricultores del Valle de Aconcagua, gobernadores de la provincia de San Felipe, alcaldes de la zona.<\/figcaption><\/figure>\n<p><span style=\"color: #ff0000;\"><strong>Ministerio de Obras P\u00fablicas:\u00a0<\/strong><\/span><\/p>\n<p>Como un momento hist\u00f3rico calific\u00f3 el Ministro de Obras P\u00fablicas, Juan Andr\u00e9s Fontaine, la firma del acuerdo entre la cartera y los regantes de las cuatro secciones del R\u00edo Aconcagua para combatir la creciente escasez h\u00eddrica. El acuerdo se realiz\u00f3 luego de un trabajo que aun\u00f3 esfuerzos de distintos actores de la zona y fue suscrito por los representantes de cada una de las organizaciones de usuarios de aguas existentes en las cuatro secciones del R\u00edo Aconcagua, que agrupan el 100% de canales con derechos de aprovechamiento de aguas de sus respectivas secciones y el Ministro Fontaine, qui\u00e9n firm\u00f3 como garante de este protocolo. El objetivo es determinar el reparto del agua para los regantes de todas las secciones, considerando la situaci\u00f3n de sequ\u00eda que vive el pa\u00eds y esta cuenca en particular.<br \/>\nEste convenio de redistribuci\u00f3n de aguas y otras medidas, respecto de las fuentes superficiales y subterr\u00e1neas, es posible gracias a que se declar\u00f3 la cuenca del R\u00edo Aconcagua como zona de escasez h\u00eddrica el pasado 29 de agosto. Con este decreto se puso a disposici\u00f3n de las zonas afectadas, las herramientas jur\u00eddicas que posibilitar\u00e1n la implementaci\u00f3n de acciones y el desarrollo de obras e instalaciones que permiten mitigar las consecuencias de la escasez. El convenio garantiza principalmente el abastecimiento de agua para los sistemas de agua potable rural en todo el sector y las aguas para riego que es cuantitativamente mayor al de consumo humano.<br \/>\n\u00abHemos logrado este acuerdo para administrar el agua para esta temporada de riego y dada la situaci\u00f3n de escasez h\u00eddrica que enfrentamos. Este es un acuerdo que hace que los regantes se distribuyan el agua y es el tipo de acuerdo que nosotros queremos implementar no solamente para esta temporada sino que para las futuras con una planificaci\u00f3n racional y una mirada a futuro para la cuenca. Es tambi\u00e9n el tipo de soluci\u00f3n que queremos aplicar en el resto del pa\u00eds\u00bb, indic\u00f3 el Ministro Fontaine.<br \/>\nEl Intendente Regional, Jorge Mart\u00ednez, manifest\u00f3 que \u00abesto es un sue\u00f1o en la regi\u00f3n, a\u00f1os, d\u00e9cadas esperando acuerdo entre las cuatro secciones para el buen uso del agua compatible primero con satisfacer las necesidades del agua potable, el agua para la poblaci\u00f3n consumo humano, pero que sea compatible con el desarrollo de uno de los ejes estrat\u00e9gicos m\u00e1s necesarios para nuestra regi\u00f3n y uno de nuestros sue\u00f1os tambi\u00e9n de desarrollo de convertirnos en una potencia agroalimentaria\u00bb.<br \/>\nEl gobernador de San Felipe, Claudio Rodr\u00edguez, tambi\u00e9n se mostr\u00f3 satisfecho con el acuerdo: \u00abEl Cambio Clim\u00e1tico lleg\u00f3 para quedarse y es una preocupaci\u00f3n de nuestro Gobierno. Hoy d\u00eda estamos siendo testigos de uno de los a\u00f1os m\u00e1s secos de los \u00faltimos 40 a\u00f1os. Por eso este hito constituye un gran alivio para quienes estamos preocupados por garantizar el consumo de agua potable para las personas y por del agua de riego para los agricultores\u00bb, se\u00f1al\u00f3.<br \/>\nUn aspecto importante es que el convenio permite tambi\u00e9n dar prioridad al agua para el consumo humano, en periodos de grave escasez h\u00eddrica. Al respecto, el subgerente zonal de Esval, Alejandro Salas, se\u00f1al\u00f3 que \u00abel di\u00e1logo y la colaboraci\u00f3n p\u00fablico-privada han sido claves para alcanzar este resultado y celebramos que hoy tengamos un marco que gu\u00ede el uso del agua y que priorice el consumo humano, ya que el Aconcagua es una fuente muy importante para la producci\u00f3n de agua potable del Gran Valpara\u00edso y litoral norte\u00bb.<\/p>\n<p><span style=\"color: #ff0000;\"><strong>DETALLES DE ACUERDO<\/strong><\/span><br \/>\nEl programa considera medidas de corto, mediano y largo plazo, con acciones concretas que contempla nuevos pozos, piscinas de infiltraci\u00f3n, modernos sistemas de medici\u00f3n y grandes obras como embalses. As\u00ed, el MOP en el corto plazo pondr\u00e1 a disposici\u00f3n 48 pozos, m\u00e1s las obras de conducci\u00f3n para el mejor aprovechamiento de las aguas obtenidas; la construcci\u00f3n de otros nuevos y piscinas de infiltraci\u00f3n para su puesta en servicio para la temporada 2019-2020. Asimismo, se instalar\u00e1n estaciones de medici\u00f3n para el adecuado monitoreo de caudal de rio y los niveles de extracci\u00f3n de pozos.<\/p>\n","protected":false},"excerpt":{"rendered":"<p>Ministerio de Obras P\u00fablicas:\u00a0 Como un momento hist\u00f3rico calific\u00f3 el Ministro de Obras P\u00fablicas, Juan Andr\u00e9s Fontaine, la firma del acuerdo entre la cartera y los regantes de las cuatro secciones del&#8230;<\/p>\n","protected":false},"author":1,"featured_media":88726,"comment_status":"open","ping_status":"open","sticky":false,"template":"","format":"standard","meta":{"advanced_seo_description":"","jetpack_seo_html_title":"","jetpack_seo_noindex":false,"_jetpack_memberships_contains_paid_content":false,"footnotes":""},"categories":[1],"tags":[],"class_list":["post-88725","post","type-post","status-publish","format-standard","has-post-thumbnail","hentry","category-cronica"],"jetpack_featured_media_url":"https:\/\/i0.wp.com\/eltrabajo.cl\/portal\/wp-content\/uploads\/2018\/10\/Acuerdo2.jpg?fit=580%2C398&ssl=1","jetpack_sharing_enabled":true,"jetpack_likes_enabled":true,"jetpack-related-posts":[],"_links":{"self":[{"href":"https:\/\/eltrabajo.cl\/portal\/wp-json\/wp\/v2\/posts\/88725","targetHints":{"allow":["GET"]}}],"collection":[{"href":"https:\/\/eltrabajo.cl\/portal\/wp-json\/wp\/v2\/posts"}],"about":[{"href":"https:\/\/eltrabajo.cl\/portal\/wp-json\/wp\/v2\/types\/post"}],"author":[{"embeddable":true,"href":"https:\/\/eltrabajo.cl\/portal\/wp-json\/wp\/v2\/users\/1"}],"replies":[{"embeddable":true,"href":"https:\/\/eltrabajo.cl\/portal\/wp-json\/wp\/v2\/comments?post=88725"}],"version-history":[{"count":0,"href":"https:\/\/eltrabajo.cl\/portal\/wp-json\/wp\/v2\/posts\/88725\/revisions"}],"wp:featuredmedia":[{"embeddable":true,"href":"https:\/\/eltrabajo.cl\/portal\/wp-json\/wp\/v2\/media\/88726"}],"wp:attachment":[{"href":"https:\/\/eltrabajo.cl\/portal\/wp-json\/wp\/v2\/media?parent=88725"}],"wp:term":[{"taxonomy":"category","embeddable":true,"href":"https:\/\/eltrabajo.cl\/portal\/wp-json\/wp\/v2\/categories?post=88725"},{"taxonomy":"post_tag","embeddable":true,"href":"https:\/\/eltrabajo.cl\/portal\/wp-json\/wp\/v2\/tags?post=88725"}],"curies":[{"name":"wp","href":"https:\/\/api.w.org\/{rel}","templated":true}]}}