{"id":88732,"date":"2018-10-17T07:27:54","date_gmt":"2018-10-17T11:27:54","guid":{"rendered":"http:\/\/www.eltrabajo.cl\/2017\/?p=88732"},"modified":"2018-10-17T07:27:54","modified_gmt":"2018-10-17T11:27:54","slug":"aconcaguinos-se-coronan-campeones-en-el-nacional-realizado-en-angol","status":"publish","type":"post","link":"https:\/\/eltrabajo.cl\/portal\/aconcaguinos-se-coronan-campeones-en-el-nacional-realizado-en-angol\/","title":{"rendered":"Aconcag\u00fcinos se coronan campeones en el Nacional realizado en Angol"},"content":{"rendered":"<figure id=\"attachment_88734\" aria-describedby=\"caption-attachment-88734\" style=\"width: 580px\" class=\"wp-caption alignnone\"><img data-recalc-dims=\"1\" loading=\"lazy\" decoding=\"async\" class=\"size-full wp-image-88734\" src=\"https:\/\/i0.wp.com\/www.eltrabajo.cl\/2017\/wp-content\/uploads\/2018\/10\/tiro.jpg?resize=580%2C402\" alt=\"El equipo de la Asociaci\u00f3n de Aconcagua compuesto por  Marcos Lucero, Manuel Viches, Rafael Iglesias, Iv\u00e1n Arag\u00f3n, Julio Far\u00edas, Rodrigo Artizaga, V\u00edctor Manoli (gobernador de la provincia \u00a0de Malleco), Jean Carlos Galleguillos, Maicol Galleguillos, Juan Santander, Gonzalo D\u00edaz (Dirigente de Angol), Iv\u00e1n Lucero.\" width=\"580\" height=\"402\" srcset=\"https:\/\/i0.wp.com\/eltrabajo.cl\/portal\/wp-content\/uploads\/2018\/10\/tiro.jpg?w=580&amp;ssl=1 580w, https:\/\/i0.wp.com\/eltrabajo.cl\/portal\/wp-content\/uploads\/2018\/10\/tiro.jpg?resize=200%2C139&amp;ssl=1 200w, https:\/\/i0.wp.com\/eltrabajo.cl\/portal\/wp-content\/uploads\/2018\/10\/tiro.jpg?resize=300%2C208&amp;ssl=1 300w, https:\/\/i0.wp.com\/eltrabajo.cl\/portal\/wp-content\/uploads\/2018\/10\/tiro.jpg?resize=216%2C150&amp;ssl=1 216w, https:\/\/i0.wp.com\/eltrabajo.cl\/portal\/wp-content\/uploads\/2018\/10\/tiro.jpg?resize=400%2C277&amp;ssl=1 400w\" sizes=\"auto, (max-width: 580px) 100vw, 580px\" \/><figcaption id=\"caption-attachment-88734\" class=\"wp-caption-text\">El equipo de la Asociaci\u00f3n de Aconcagua compuesto por Marcos Lucero, Manuel Viches, Rafael Iglesias, Iv\u00e1n Arag\u00f3n, Julio Far\u00edas, Rodrigo Artizaga, V\u00edctor Manoli (gobernador de la provincia \u00a0de Malleco), Jean Carlos Galleguillos, Maicol Galleguillos, Juan Santander, Gonzalo D\u00edaz (Dirigente de Angol), Iv\u00e1n Lucero.<\/figcaption><\/figure>\n<p><span style=\"color: #ff0000;\"><strong>Asociaci\u00f3n de Pesca y Caza de Aconcagua:<\/strong><\/span><\/p>\n<p>La Asociaci\u00f3n de Pesca y Caza de Aconcagua se coron\u00f3 campe\u00f3n nacional por equipo en el campeonato nacional realizado en la ciudad de Angol y organizado por la Federaci\u00f3n Nacional\u00a0Fecapech (Federaci\u00f3n Nacional de Caza, \u00a0Pesca, Lanzamiento, Recorrido de Caza \u00a0y Compak Sporting de Chile).<br \/>\nLa asociaci\u00f3n local, con su representativo del Equipo\u00a0A,\u00a0tuvo una brillante presentaci\u00f3n, obteniendo el Primer Lugar Nacional por Equipos y tambi\u00e9n en forma individual Master, obtenido por Julio Far\u00edas perteneciente al Club Santa Mar\u00eda, Asociaci\u00f3n Aconcagua.<br \/>\nEn el campeonato participaron alrededor de 200 competidores provenientes de distintas ciudades del pa\u00eds, destacando las asociaciones de Valpara\u00edso, Aconcagua, La Serena, Linares, Cachapoal, Santiago, \u00a0Colchagua, \u00a0San Antonio, Ca\u00f1ete, Malleco Angol y Osorno.<br \/>\nEl certamen se llev\u00f3 a cabo durante los d\u00edas viernes, s\u00e1bado y domingo reci\u00e9n pasado en Angol.<br \/>\nEl equipo A estuvo conformado por: Jean Galleguillos, Maicol Galleguillos, Rodrigo Artizaga, Juan Santander, Manuel Vilches, Rafael Iglesia, Marco Lucero, Julio Far\u00edas, Iv\u00e1n Arag\u00f3n, Iv\u00e1n Lucero.<\/p>\n<figure id=\"attachment_88733\" aria-describedby=\"caption-attachment-88733\" style=\"width: 579px\" class=\"wp-caption alignnone\"><img data-recalc-dims=\"1\" loading=\"lazy\" decoding=\"async\" class=\"size-full wp-image-88733\" src=\"https:\/\/i0.wp.com\/www.eltrabajo.cl\/2017\/wp-content\/uploads\/2018\/10\/tiro-Far%C3%ADas.jpg?resize=579%2C719\" alt=\"Julio Far\u00edas Su\u00e1rez, Primer Lugar categor\u00eda M\u00e1ster.\" width=\"579\" height=\"719\" srcset=\"https:\/\/i0.wp.com\/eltrabajo.cl\/portal\/wp-content\/uploads\/2018\/10\/tiro-Far%C3%ADas.jpg?w=579&amp;ssl=1 579w, https:\/\/i0.wp.com\/eltrabajo.cl\/portal\/wp-content\/uploads\/2018\/10\/tiro-Far%C3%ADas.jpg?resize=121%2C150&amp;ssl=1 121w, https:\/\/i0.wp.com\/eltrabajo.cl\/portal\/wp-content\/uploads\/2018\/10\/tiro-Far%C3%ADas.jpg?resize=242%2C300&amp;ssl=1 242w, https:\/\/i0.wp.com\/eltrabajo.cl\/portal\/wp-content\/uploads\/2018\/10\/tiro-Far%C3%ADas.jpg?resize=400%2C497&amp;ssl=1 400w\" sizes=\"auto, (max-width: 579px) 100vw, 579px\" \/><figcaption id=\"caption-attachment-88733\" class=\"wp-caption-text\">Julio Far\u00edas Su\u00e1rez, Primer Lugar categor\u00eda M\u00e1ster.<\/figcaption><\/figure>\n","protected":false},"excerpt":{"rendered":"<p>Asociaci\u00f3n de Pesca y Caza de Aconcagua: La Asociaci\u00f3n de Pesca y Caza de Aconcagua se coron\u00f3 campe\u00f3n nacional por equipo en el campeonato nacional realizado en la ciudad de Angol y&#8230;<\/p>\n","protected":false},"author":1,"featured_media":88734,"comment_status":"open","ping_status":"open","sticky":false,"template":"","format":"standard","meta":{"advanced_seo_description":"","jetpack_seo_html_title":"","jetpack_seo_noindex":false,"_jetpack_memberships_contains_paid_content":false,"footnotes":""},"categories":[19],"tags":[],"class_list":["post-88732","post","type-post","status-publish","format-standard","has-post-thumbnail","hentry","category-deportes"],"jetpack_featured_media_url":"https:\/\/i0.wp.com\/eltrabajo.cl\/portal\/wp-content\/uploads\/2018\/10\/tiro.jpg?fit=580%2C402&ssl=1","jetpack_sharing_enabled":true,"jetpack_likes_enabled":true,"jetpack-related-posts":[],"_links":{"self":[{"href":"https:\/\/eltrabajo.cl\/portal\/wp-json\/wp\/v2\/posts\/88732","targetHints":{"allow":["GET"]}}],"collection":[{"href":"https:\/\/eltrabajo.cl\/portal\/wp-json\/wp\/v2\/posts"}],"about":[{"href":"https:\/\/eltrabajo.cl\/portal\/wp-json\/wp\/v2\/types\/post"}],"author":[{"embeddable":true,"href":"https:\/\/eltrabajo.cl\/portal\/wp-json\/wp\/v2\/users\/1"}],"replies":[{"embeddable":true,"href":"https:\/\/eltrabajo.cl\/portal\/wp-json\/wp\/v2\/comments?post=88732"}],"version-history":[{"count":0,"href":"https:\/\/eltrabajo.cl\/portal\/wp-json\/wp\/v2\/posts\/88732\/revisions"}],"wp:featuredmedia":[{"embeddable":true,"href":"https:\/\/eltrabajo.cl\/portal\/wp-json\/wp\/v2\/media\/88734"}],"wp:attachment":[{"href":"https:\/\/eltrabajo.cl\/portal\/wp-json\/wp\/v2\/media?parent=88732"}],"wp:term":[{"taxonomy":"category","embeddable":true,"href":"https:\/\/eltrabajo.cl\/portal\/wp-json\/wp\/v2\/categories?post=88732"},{"taxonomy":"post_tag","embeddable":true,"href":"https:\/\/eltrabajo.cl\/portal\/wp-json\/wp\/v2\/tags?post=88732"}],"curies":[{"name":"wp","href":"https:\/\/api.w.org\/{rel}","templated":true}]}}