{"id":88763,"date":"2018-10-18T07:36:52","date_gmt":"2018-10-18T11:36:52","guid":{"rendered":"http:\/\/www.eltrabajo.cl\/2017\/?p=88763"},"modified":"2018-10-18T07:36:52","modified_gmt":"2018-10-18T11:36:52","slug":"alcalde-reyes-critica-resolucion-del-sea-por-rechazar-participacion-ciudadana","status":"publish","type":"post","link":"https:\/\/eltrabajo.cl\/portal\/alcalde-reyes-critica-resolucion-del-sea-por-rechazar-participacion-ciudadana\/","title":{"rendered":"Alcalde Reyes critica resoluci\u00f3n del SEA por rechazar Participaci\u00f3n Ciudadana"},"content":{"rendered":"<figure id=\"attachment_88765\" aria-describedby=\"caption-attachment-88765\" style=\"width: 579px\" class=\"wp-caption alignnone\"><img data-recalc-dims=\"1\" loading=\"lazy\" decoding=\"async\" class=\"size-full wp-image-88765\" src=\"https:\/\/i0.wp.com\/www.eltrabajo.cl\/2017\/wp-content\/uploads\/2018\/10\/Marcha-Mineriia-2018.jpg?resize=579%2C358\" alt=\"Para el SEA no importa la voz disidente de miles de persona que se oponen a la gran miner\u00eda en Putaendo.\" width=\"579\" height=\"358\" srcset=\"https:\/\/i0.wp.com\/eltrabajo.cl\/portal\/wp-content\/uploads\/2018\/10\/Marcha-Mineriia-2018.jpg?w=579&amp;ssl=1 579w, https:\/\/i0.wp.com\/eltrabajo.cl\/portal\/wp-content\/uploads\/2018\/10\/Marcha-Mineriia-2018.jpg?resize=200%2C124&amp;ssl=1 200w, https:\/\/i0.wp.com\/eltrabajo.cl\/portal\/wp-content\/uploads\/2018\/10\/Marcha-Mineriia-2018.jpg?resize=300%2C185&amp;ssl=1 300w, https:\/\/i0.wp.com\/eltrabajo.cl\/portal\/wp-content\/uploads\/2018\/10\/Marcha-Mineriia-2018.jpg?resize=243%2C150&amp;ssl=1 243w, https:\/\/i0.wp.com\/eltrabajo.cl\/portal\/wp-content\/uploads\/2018\/10\/Marcha-Mineriia-2018.jpg?resize=400%2C247&amp;ssl=1 400w\" sizes=\"auto, (max-width: 579px) 100vw, 579px\" \/><figcaption id=\"caption-attachment-88765\" class=\"wp-caption-text\">Para el SEA no importa la voz disidente de miles de persona que se oponen a la gran miner\u00eda en Putaendo.<\/figcaption><\/figure>\n<p><span style=\"color: #ff0000;\"><strong>Proyecto Minero Vizcachitas:<\/strong><\/span><\/p>\n<p>El alcalde de Putaendo, Guillermo Reyes, reaccion\u00f3 con total rechazo a la decisi\u00f3n del Servicio de Evaluaci\u00f3n Ambiental (SEA) por no incluir la instancia de participaci\u00f3n ciudadana en la Declaraci\u00f3n de Impacto Ambiental (DIA) del proyecto de regulaci\u00f3n de sondajes de la compa\u00f1\u00eda Vizcachitas Holding, en el sector de Las Tejas.<br \/>\nDebido a la gran preocupaci\u00f3n por los impactos negativos de este proyecto minero, vecinos, organizaciones sociales y ambientalistas de Putaendo solicitaron formalmente la apertura de un proceso de participaci\u00f3n ciudadana ante el SEA, entidad que desestim\u00f3 la solicitud de la comunidad: 29 personas naturales y ocho organizaciones ciudadanas, directamente afectadas por el proyecto.<br \/>\n\u201cCiertamente que lamentamos lo que ocurre con el Servicio de Evaluaci\u00f3n Ambiental, porque se desaprovecha una excelente oportunidad para escuchar a los ciudadanos putaendinos que leg\u00edtimamente se oponen a la destrucci\u00f3n de la cordillera, a la p\u00e9rdida del patrimonio ambiental, hist\u00f3rico y econ\u00f3mico de nuestro pueblo\u201d, enfatiz\u00f3 la primera autoridad comunal.<br \/>\nCabe recalcar que el municipio, a trav\u00e9s del alcalde Reyes y el Honorable Concejo Municipal, han expresado p\u00fablicamente y en reiteradas oportunidades su oposici\u00f3n a la gran miner\u00eda. En el mes de julio, el mismo edil lider\u00f3 una gran marcha que reuni\u00f3 a miles de personas rechazando el proyecto cupr\u00edfero de la Compa\u00f1\u00eda Minera Vizcachitas Holding.<br \/>\n\u201cEstos grandes proyectos requieren dar cuenta de las miradas de las comunidades locales, porque somos nosotros los que deberemos enfrentar la destrucci\u00f3n del r\u00edo Roc\u00edn, la p\u00e9rdida de flora y fauna nativa, la contaminaci\u00f3n del agua y la disminuci\u00f3n de la capacidad de almacenamiento del Embalse Chacrillas. Nosotros, nuestros hijos y nietos seguiremos viviendo aqu\u00ed, mientras los inversionistas extranjeros sacar\u00e1n los minerales, multiplicar\u00e1n sus fortunas, nos dejar\u00e1n contaminaci\u00f3n, un hoyo gigante en la cordillera y un tranque de relaves\u201d, cuestion\u00f3 el alcalde Guillermo Reyes.<br \/>\nDentro de las organizaciones que solicitaron el proceso de participaci\u00f3n ciudadana, se encuentran varios Comit\u00e9s de Agua Potable Rural, agrupaciones de arrieros de Putaendo, juntas de vecinos, representantes de la Junta de Vigilancia y organizaciones sociales y medioambientales de la comuna. Observaciones de ciudadanos que no ser\u00e1n consideradas en la Evaluaci\u00f3n de Impacto Ambiental del proyecto.<br \/>\nSeg\u00fan indic\u00f3 el edil, el municipio entregar\u00e1 todo el apoyo t\u00e9cnico para que vecinos y organizaciones sociales puedan apelar, a trav\u00e9s de un recurso de reposici\u00f3n ante el SEA, esta resoluci\u00f3n institucional que dejar\u00eda sin voz a toda una comunidad que est\u00e1 en riesgo de perder su valioso ecosistema cordillerano, su agricultura y reconocido patrimonio cultural e hist\u00f3rico.<\/p>\n<figure id=\"attachment_88764\" aria-describedby=\"caption-attachment-88764\" style=\"width: 579px\" class=\"wp-caption alignnone\"><img data-recalc-dims=\"1\" loading=\"lazy\" decoding=\"async\" class=\"size-full wp-image-88764\" src=\"https:\/\/i0.wp.com\/www.eltrabajo.cl\/2017\/wp-content\/uploads\/2018\/10\/Alcalde-Guillermo-Reyes-2018.jpg?resize=579%2C448\" alt=\"El alcalde Guillermo Reyes, junto con criticar la resoluci\u00f3n del SEA, dijo que el municipio entregar\u00e1 todo el apoyo t\u00e9cnico para que vecinos y organizaciones sociales puedan apelar a la fat\u00eddica resoluci\u00f3n del organismo.\" width=\"579\" height=\"448\" srcset=\"https:\/\/i0.wp.com\/eltrabajo.cl\/portal\/wp-content\/uploads\/2018\/10\/Alcalde-Guillermo-Reyes-2018.jpg?w=579&amp;ssl=1 579w, https:\/\/i0.wp.com\/eltrabajo.cl\/portal\/wp-content\/uploads\/2018\/10\/Alcalde-Guillermo-Reyes-2018.jpg?resize=194%2C150&amp;ssl=1 194w, https:\/\/i0.wp.com\/eltrabajo.cl\/portal\/wp-content\/uploads\/2018\/10\/Alcalde-Guillermo-Reyes-2018.jpg?resize=300%2C232&amp;ssl=1 300w, https:\/\/i0.wp.com\/eltrabajo.cl\/portal\/wp-content\/uploads\/2018\/10\/Alcalde-Guillermo-Reyes-2018.jpg?resize=400%2C309&amp;ssl=1 400w\" sizes=\"auto, (max-width: 579px) 100vw, 579px\" \/><figcaption id=\"caption-attachment-88764\" class=\"wp-caption-text\">El alcalde Guillermo Reyes, junto con criticar la resoluci\u00f3n del SEA, dijo que el municipio entregar\u00e1 todo el apoyo t\u00e9cnico para que vecinos y organizaciones sociales puedan apelar a la fat\u00eddica resoluci\u00f3n del organismo.<\/figcaption><\/figure>\n","protected":false},"excerpt":{"rendered":"<p>Proyecto Minero Vizcachitas: El alcalde de Putaendo, Guillermo Reyes, reaccion\u00f3 con total rechazo a la decisi\u00f3n del Servicio de Evaluaci\u00f3n Ambiental (SEA) por no incluir la instancia de participaci\u00f3n ciudadana en la&#8230;<\/p>\n","protected":false},"author":1,"featured_media":88765,"comment_status":"open","ping_status":"open","sticky":false,"template":"","format":"standard","meta":{"advanced_seo_description":"","jetpack_seo_html_title":"","jetpack_seo_noindex":false,"_jetpack_memberships_contains_paid_content":false,"footnotes":""},"categories":[1],"tags":[],"class_list":["post-88763","post","type-post","status-publish","format-standard","has-post-thumbnail","hentry","category-cronica"],"jetpack_featured_media_url":"https:\/\/i0.wp.com\/eltrabajo.cl\/portal\/wp-content\/uploads\/2018\/10\/Marcha-Mineriia-2018.jpg?fit=579%2C358&ssl=1","jetpack_sharing_enabled":true,"jetpack_likes_enabled":true,"jetpack-related-posts":[],"_links":{"self":[{"href":"https:\/\/eltrabajo.cl\/portal\/wp-json\/wp\/v2\/posts\/88763","targetHints":{"allow":["GET"]}}],"collection":[{"href":"https:\/\/eltrabajo.cl\/portal\/wp-json\/wp\/v2\/posts"}],"about":[{"href":"https:\/\/eltrabajo.cl\/portal\/wp-json\/wp\/v2\/types\/post"}],"author":[{"embeddable":true,"href":"https:\/\/eltrabajo.cl\/portal\/wp-json\/wp\/v2\/users\/1"}],"replies":[{"embeddable":true,"href":"https:\/\/eltrabajo.cl\/portal\/wp-json\/wp\/v2\/comments?post=88763"}],"version-history":[{"count":0,"href":"https:\/\/eltrabajo.cl\/portal\/wp-json\/wp\/v2\/posts\/88763\/revisions"}],"wp:featuredmedia":[{"embeddable":true,"href":"https:\/\/eltrabajo.cl\/portal\/wp-json\/wp\/v2\/media\/88765"}],"wp:attachment":[{"href":"https:\/\/eltrabajo.cl\/portal\/wp-json\/wp\/v2\/media?parent=88763"}],"wp:term":[{"taxonomy":"category","embeddable":true,"href":"https:\/\/eltrabajo.cl\/portal\/wp-json\/wp\/v2\/categories?post=88763"},{"taxonomy":"post_tag","embeddable":true,"href":"https:\/\/eltrabajo.cl\/portal\/wp-json\/wp\/v2\/tags?post=88763"}],"curies":[{"name":"wp","href":"https:\/\/api.w.org\/{rel}","templated":true}]}}