{"id":88767,"date":"2018-10-18T07:38:21","date_gmt":"2018-10-18T11:38:21","guid":{"rendered":"http:\/\/www.eltrabajo.cl\/2017\/?p=88767"},"modified":"2018-10-18T07:38:21","modified_gmt":"2018-10-18T11:38:21","slug":"colapso-cementerio-municipal-ya-no-hay-espacio-para-mas-sepulturas","status":"publish","type":"post","link":"https:\/\/eltrabajo.cl\/portal\/colapso-cementerio-municipal-ya-no-hay-espacio-para-mas-sepulturas\/","title":{"rendered":"\u00a1Colaps\u00f3 Cementerio Municipal!: ya no hay espacio para m\u00e1s sepulturas"},"content":{"rendered":"<figure id=\"attachment_88768\" aria-describedby=\"caption-attachment-88768\" style=\"width: 578px\" class=\"wp-caption alignnone\"><img data-recalc-dims=\"1\" loading=\"lazy\" decoding=\"async\" class=\"size-full wp-image-88768\" src=\"https:\/\/i0.wp.com\/www.eltrabajo.cl\/2017\/wp-content\/uploads\/2018\/10\/cementerio.jpg?resize=578%2C336\" alt=\"Frontis del Cementerio Municipal de San Felipe, recinto que se estar\u00eda ampliando ya que se encuentra actualmente colapsado, y donde se studia la instalaci\u00f3n de un crematorio.\" width=\"578\" height=\"336\" srcset=\"https:\/\/i0.wp.com\/eltrabajo.cl\/portal\/wp-content\/uploads\/2018\/10\/cementerio.jpg?w=578&amp;ssl=1 578w, https:\/\/i0.wp.com\/eltrabajo.cl\/portal\/wp-content\/uploads\/2018\/10\/cementerio.jpg?resize=200%2C116&amp;ssl=1 200w, https:\/\/i0.wp.com\/eltrabajo.cl\/portal\/wp-content\/uploads\/2018\/10\/cementerio.jpg?resize=300%2C174&amp;ssl=1 300w, https:\/\/i0.wp.com\/eltrabajo.cl\/portal\/wp-content\/uploads\/2018\/10\/cementerio.jpg?resize=258%2C150&amp;ssl=1 258w, https:\/\/i0.wp.com\/eltrabajo.cl\/portal\/wp-content\/uploads\/2018\/10\/cementerio.jpg?resize=400%2C233&amp;ssl=1 400w\" sizes=\"auto, (max-width: 578px) 100vw, 578px\" \/><figcaption id=\"caption-attachment-88768\" class=\"wp-caption-text\">Frontis del Cementerio Municipal de San Felipe, recinto que se estar\u00eda ampliando ya que se encuentra actualmente colapsado, y donde se studia la instalaci\u00f3n de un crematorio.<\/figcaption><\/figure>\n<p><span style=\"color: #ff0000;\"><strong>Recinto deber\u00e1 ser ampliado y no se descarta la instalaci\u00f3n de un crematorio municipal en el lugar.<\/strong><\/span><\/p>\n<p>Colapsado se encuentra el Cementerio Municipal de San Felipe, ya no hay terreno que ofrecerle a la comunidad, es por eso que desde hace bastante tiempo se viene trabajando en un proyecto de ampliaci\u00f3n del lugar. Para ello se pretender comprar terrenos que est\u00e1n disponibles por un valor aproximado de 1.300 millones de pesos las cuatro hect\u00e1reas, que ser\u00eda lo ideal para satisfacer las necesidades de sepultaci\u00f3n que tiene el Valle de Aconcagua.<br \/>\n\u201cNosotros hemos venido trabajando hace bastante tiempo en t\u00e9rminos de poder ampliar las instalaciones del cementerio, dado que en este momento no tenemos terreno para ofrecer a la comunidad, nos quedan algunas cosas pero tenemos que ampliarlo urgentemente\u201d, indic\u00f3 el administrador Juan Millanao.<br \/>\nEl administrativo destac\u00f3 que el cementerio municipal de San Felipe es el m\u00e1s importante del Valle del Aconcagua. Representa aproximadamente el 64% de sepultaci\u00f3n en la zona, por lo tanto se necesita mantener el mismo est\u00e1ndar, adem\u00e1s act\u00faa como regulador del precio en el mercado. Por lo tanto las personas que sepultan, lo hacen a un precio bastante razonable, mucho menor que en un cementerio privado. Estas consideraciones son las que el municipio ha tenido en cuenta. Junto con ello el alcalde Patricio Freire Canto les ha pedido trabajar r\u00e1pidamente en un proyecto de ampliaci\u00f3n.<br \/>\nDijo que el proyecto en su etapa de perfil est\u00e1 terminado. Han conversado con algunos vecinos que tienen terrenos disponibles para la venta. Sin embargo tienen que llegar a un acuerdo que les permita en los pr\u00f3ximos meses comenzar la gesti\u00f3n de adquisici\u00f3n; \u201ccomo dec\u00eda el proyecto est\u00e1 listo, nosotros tenemos que ejecutarlo lo m\u00e1s pronto posible de tal forma de poder dar r\u00e1pidamente soluci\u00f3n a las necesidades de sepultaci\u00f3n que tiene el Valle del Aconcagua\u201d, se\u00f1al\u00f3.<br \/>\nConsultado por la inversi\u00f3n que debe realizarse y la cantidad de terreno, dijo que en la actualidad los precios est\u00e1n alrededor de los mil trescientos millones de pesos las cuatro hect\u00e1reas. Por eso se deben acercar posiciones y ver de qu\u00e9 forma lo adquieren, si es a trav\u00e9s del Gobierno Regional o bien la Subsecretar\u00eda de Desarrollo Regional.<\/p>\n<p><span style=\"color: #ff0000;\"><strong>CREMATORIO MUNICIPAL<\/strong><\/span><br \/>\nSobre la instalaci\u00f3n de un crematorio municipal en el mismo terreno, el administrador se\u00f1al\u00f3 que el alcalde le ha pedido estudiar la posibilidad de la instalaci\u00f3n de un crematorio, lo cual no ser\u00eda f\u00e1cil porque los costos seguir\u00edan siendo altos para una zona como el Valle del Aconcagua, \u201csin embargo hoy en d\u00eda la tendencia evidentemente que va a en esa direcci\u00f3n, es una soluci\u00f3n sanitaria definitiva, la poblaci\u00f3n ha ido cambiando su parecer y nosotros tenemos que colocarnos a la altura de las circunstancias en los momentos actuales\u201d, manifest\u00f3.<br \/>\nPor los plazos indic\u00f3 que ellos creen que el momento m\u00e1s oportuno es cuando el plano regulador est\u00e9 a firme: \u201cUna vez que el plano regulador est\u00e9 aprobado, eso se estima que debe ser seis a ocho meses m\u00e1s, nosotros estamos en condiciones de comenzar las gestiones de adquisici\u00f3n, vale decir de aqu\u00ed a un a\u00f1o nosotros debi\u00e9ramos estar con la soluci\u00f3n de ampliaci\u00f3n ya definida para el pr\u00f3ximo a\u00f1o 2019\u201d, finaliz\u00f3.<\/p>\n","protected":false},"excerpt":{"rendered":"<p>Recinto deber\u00e1 ser ampliado y no se descarta la instalaci\u00f3n de un crematorio municipal en el lugar. Colapsado se encuentra el Cementerio Municipal de San Felipe, ya no hay terreno que ofrecerle&#8230;<\/p>\n","protected":false},"author":1,"featured_media":88768,"comment_status":"open","ping_status":"open","sticky":false,"template":"","format":"standard","meta":{"advanced_seo_description":"","jetpack_seo_html_title":"","jetpack_seo_noindex":false,"_jetpack_memberships_contains_paid_content":false,"footnotes":""},"categories":[1],"tags":[],"class_list":["post-88767","post","type-post","status-publish","format-standard","has-post-thumbnail","hentry","category-cronica"],"jetpack_featured_media_url":"https:\/\/i0.wp.com\/eltrabajo.cl\/portal\/wp-content\/uploads\/2018\/10\/cementerio.jpg?fit=578%2C336&ssl=1","jetpack_sharing_enabled":true,"jetpack_likes_enabled":true,"jetpack-related-posts":[],"_links":{"self":[{"href":"https:\/\/eltrabajo.cl\/portal\/wp-json\/wp\/v2\/posts\/88767","targetHints":{"allow":["GET"]}}],"collection":[{"href":"https:\/\/eltrabajo.cl\/portal\/wp-json\/wp\/v2\/posts"}],"about":[{"href":"https:\/\/eltrabajo.cl\/portal\/wp-json\/wp\/v2\/types\/post"}],"author":[{"embeddable":true,"href":"https:\/\/eltrabajo.cl\/portal\/wp-json\/wp\/v2\/users\/1"}],"replies":[{"embeddable":true,"href":"https:\/\/eltrabajo.cl\/portal\/wp-json\/wp\/v2\/comments?post=88767"}],"version-history":[{"count":0,"href":"https:\/\/eltrabajo.cl\/portal\/wp-json\/wp\/v2\/posts\/88767\/revisions"}],"wp:featuredmedia":[{"embeddable":true,"href":"https:\/\/eltrabajo.cl\/portal\/wp-json\/wp\/v2\/media\/88768"}],"wp:attachment":[{"href":"https:\/\/eltrabajo.cl\/portal\/wp-json\/wp\/v2\/media?parent=88767"}],"wp:term":[{"taxonomy":"category","embeddable":true,"href":"https:\/\/eltrabajo.cl\/portal\/wp-json\/wp\/v2\/categories?post=88767"},{"taxonomy":"post_tag","embeddable":true,"href":"https:\/\/eltrabajo.cl\/portal\/wp-json\/wp\/v2\/tags?post=88767"}],"curies":[{"name":"wp","href":"https:\/\/api.w.org\/{rel}","templated":true}]}}